{"id":11285,"date":"2024-08-23T16:36:59","date_gmt":"2024-08-23T19:36:59","guid":{"rendered":"https:\/\/www.biologix.com.br\/?p=11285"},"modified":"2025-08-12T15:48:23","modified_gmt":"2025-08-12T18:48:23","slug":"aparelho-intraoral-aio-fatores-associados-a-adesao","status":"publish","type":"post","link":"https:\/\/www.biologix.com.br\/en\/2024\/08\/23\/aparelho-intraoral-aio-fatores-associados-a-adesao\/","title":{"rendered":"Aparelho intraoral (AIO): fatores associados \u00e0 ades\u00e3o<br><span class='secondary-title'>Conhe\u00e7a os principais fatores relacionados \u00e0 ades\u00e3o ao AIO<\/span>"},"content":{"rendered":"<div data-elementor-type=\"wp-post\" data-elementor-id=\"11285\" class=\"elementor elementor-11285\" data-elementor-post-type=\"post\">\n\t\t\t\t<div class=\"elementor-element elementor-element-7947ff18 e-flex e-con-boxed e-con e-parent\" data-id=\"7947ff18\" data-element_type=\"container\" data-e-type=\"container\">\n\t\t\t\t\t<div class=\"e-con-inner\">\n\t\t\t\t<div class=\"elementor-element elementor-element-6fed5f18 elementor-widget elementor-widget-text-editor\" data-id=\"6fed5f18\" data-element_type=\"widget\" data-e-type=\"widget\" data-widget_type=\"text-editor.default\">\n\t\t\t\t<div class=\"elementor-widget-container\">\n\t\t\t\t\t\t\t\t\t<p>A Apneia Obstrutiva do Sono (AOS) \u00e9 altamente prevalente, leva \u00e0 m\u00faltiplas complica\u00e7\u00f5es (comorbidades e morte), por\u00e9m, ainda \u00e9 pouco investigada e reconhecida pelos profissionais da sa\u00fade.<\/p>\n<p><!-- \/wp:paragraph --><\/p>\n<p><!-- wp:paragraph --><\/p>\n<p>Investigar o sono deve ser rotina nas consultas. Infelizmente, a \u201cmedicina da vig\u00edlia\u201d \u00e9 ainda preponderante, sendo que muitas doen\u00e7as t\u00eam sua causa nas \u201cnoites mal dormidas\u201d.<\/p>\n<p><!-- \/wp:paragraph --><\/p>\n<p><!-- wp:paragraph --><\/p>\n<p>Por outro lado, as terapias t\u00eam se desenvolvido de forma exponencial. Desde o primeiro aparelho de press\u00e3o positiva (CPAP), no in\u00edcio dos anos 1980 na Austr\u00e1lia, outras tantas modalidades terap\u00eauticas v\u00eam mostrando seu valor; o AIO \u00e9, sem d\u00favidas, uma das mais promissoras e com extensa comprova\u00e7\u00e3o cient\u00edfica.<\/p>\n<p><!-- \/wp:paragraph --><\/p>\n<p><!-- wp:paragraph --><\/p>\n<p>O artigo de hoje, produzido por pesquisadores holandeses, retrata os principais itens ligados \u00e0 ades\u00e3o, condi\u00e7\u00e3o fundamental ao sucesso terap\u00eautico. Por meio de uma revis\u00e3o sistem\u00e1tica, 40 artigos foram analisados.<\/p>\n<p><!-- \/wp:paragraph --><\/p>\n<p><!-- wp:paragraph --><\/p>\n<p>Os autores destacaram que o uso de AIO customizado (convencional ou digital), adequada explana\u00e7\u00e3o da doen\u00e7a, reconhecimento precoce e manejo de efeitos colaterais e calibra\u00e7\u00e3o lenta e progressiva do AIO contribuem sobremaneira para o aceite da terapia.<\/p>\n<p><!-- \/wp:paragraph --><\/p>\n<p><!-- wp:paragraph --><\/p>\n<p>Outro dado relevante \u00e9 a percep\u00e7\u00e3o do benef\u00edcio. Melhora na sonol\u00eancia, no ronco e na disposi\u00e7\u00e3o est\u00e3o entre os principais ganhos percebidos.<\/p>\n<p><!-- \/wp:paragraph --><\/p>\n<p><!-- wp:paragraph --><\/p>\n<p>Para an\u00e1lise dos par\u00e2metros objetivos, o uso da polissonografia tipo 4, exame validado cientificamente, \u00e9 op\u00e7\u00e3o vi\u00e1vel e crucial. Ao mostrar a mudan\u00e7a positiva da satura\u00e7\u00e3o (IDO e tempo abaixo de 90%) e carga hip\u00f3xica, o paciente se motiva ainda mais a aderir ao tratamento.<\/p>\n<p><!-- \/wp:paragraph --><\/p>\n<p><!-- wp:paragraph --><\/p>\n<p><strong>By Dr. Walter Silva J\u00fanior<\/strong><br>Sleep dentist certified by the American Board of Dental Sleep Medicine (ABDSM).<br>Ph.D. in Sleep Medicine at the Hospital for Rehabilitation of Craniofacial Anomalies\/University of S\u00e3o Paulo \u2013 Bauru, S\u00e3o Paulo.<br><strong>Website:<\/strong> http:\/\/www.institutowaltersilva.com.br\/<br><strong>Instagram:<\/strong> @walter_silva_odontologiadosono<\/p>\n<p><!-- \/wp:paragraph --><\/p>\n<p><!-- wp:paragraph --><\/p>\n<p><em>REFERENCE:<\/em> <em>Factors associated with treatment adherence to mandibular advancement devices: a scoping review<\/em><br><em>Liselotte H. van der Hoek et al.<\/em><br><em>Sleep and Breathing (2023) 27:2527\u20132544<\/em><\/p>\n<p><!-- \/wp:paragraph --><\/p>\n<p><!-- wp:paragraph --><\/p>\n<p><strong>&nbsp;<\/strong><\/p>\n<p><strong>The Biologix\u00ae Sleep Test<\/strong><\/p>\n<p><!-- \/wp:paragraph --><\/p>\n<p><!-- wp:paragraph --><\/p>\n<p>Diagnosing obstructive sleep apnea is both simple and essential.<\/p>\n<p><!-- \/wp:paragraph --><\/p>\n<p><!-- wp:paragraph --><\/p>\n<p>The Biologix Sleep Test\u00ae is a multimodal polysomnography that monitors oxygen saturation, heart rate, actigraphy, and snoring using a smartphone microphone.<\/p>\n<p><!-- \/wp:paragraph --><\/p>\n<p><!-- wp:paragraph --><\/p>\n<p>Designed for at-home use, this test offers a simple yet effective method for healthcare practitioners to diagnose and monitor sleep apnea.&nbsp;<\/p>\n<p><!-- \/wp:paragraph --><\/p>\n<p><!-- wp:paragraph --><\/p>\n<p>At bedtime, the patient only needs to place the\nsensor on their finger and start the test in the Biologix app. Upon waking up the next morning,\nafter finishing the test, the result will be available at the exam portal in a matter of seconds.<\/p>\n<p><!-- \/wp:paragraph --><\/p>\n<p><!-- wp:paragraph --><\/p>\n<p><!-- \/wp:paragraph --><\/p>\t\t\t\t\t\t\t\t<\/div>\n\t\t\t\t<\/div>\n\t\t\t\t\t<\/div>\n\t\t\t\t<\/div>\n\t\t\t\t<\/div>","protected":false},"excerpt":{"rendered":"<p>Este artigo retrata os principais fatores associados \u00e0 ades\u00e3o ao Aparelho Intraoral, condi\u00e7\u00e3o fundamental ao sucesso terap\u00eautico.<\/p>","protected":false},"author":11,"featured_media":11605,"comment_status":"closed","ping_status":"open","sticky":false,"template":"","format":"standard","meta":{"footnotes":""},"categories":[13],"tags":[248,5,71,88,216],"class_list":["post-11285","post","type-post","status-publish","format-standard","has-post-thumbnail","hentry","category-odontologia","tag-aparelho-intraoral","tag-apneia-do-sono","tag-biologix","tag-exame-do-sono","tag-odontologia-do-sono"],"aioseo_notices":[],"_links":{"self":[{"href":"https:\/\/www.biologix.com.br\/en\/wp-json\/wp\/v2\/posts\/11285","targetHints":{"allow":["GET"]}}],"collection":[{"href":"https:\/\/www.biologix.com.br\/en\/wp-json\/wp\/v2\/posts"}],"about":[{"href":"https:\/\/www.biologix.com.br\/en\/wp-json\/wp\/v2\/types\/post"}],"author":[{"embeddable":true,"href":"https:\/\/www.biologix.com.br\/en\/wp-json\/wp\/v2\/users\/11"}],"replies":[{"embeddable":true,"href":"https:\/\/www.biologix.com.br\/en\/wp-json\/wp\/v2\/comments?post=11285"}],"version-history":[{"count":6,"href":"https:\/\/www.biologix.com.br\/en\/wp-json\/wp\/v2\/posts\/11285\/revisions"}],"predecessor-version":[{"id":13684,"href":"https:\/\/www.biologix.com.br\/en\/wp-json\/wp\/v2\/posts\/11285\/revisions\/13684"}],"wp:featuredmedia":[{"embeddable":true,"href":"https:\/\/www.biologix.com.br\/en\/wp-json\/wp\/v2\/media\/11605"}],"wp:attachment":[{"href":"https:\/\/www.biologix.com.br\/en\/wp-json\/wp\/v2\/media?parent=11285"}],"wp:term":[{"taxonomy":"category","embeddable":true,"href":"https:\/\/www.biologix.com.br\/en\/wp-json\/wp\/v2\/categories?post=11285"},{"taxonomy":"post_tag","embeddable":true,"href":"https:\/\/www.biologix.com.br\/en\/wp-json\/wp\/v2\/tags?post=11285"}],"curies":[{"name":"wp","href":"https:\/\/api.w.org\/{rel}","templated":true}]}}