{"id":13930,"date":"2025-10-22T11:47:22","date_gmt":"2025-10-22T14:47:22","guid":{"rendered":"https:\/\/www.biologix.com.br\/?p=13930"},"modified":"2025-10-22T11:48:02","modified_gmt":"2025-10-22T14:48:02","slug":"sono-e-avc-como-um-sono-ruim-pode-agravar-a-chance-de-um-acidente-vascular-cerebral","status":"publish","type":"post","link":"https:\/\/www.biologix.com.br\/en\/2025\/10\/22\/sono-e-avc-como-um-sono-ruim-pode-agravar-a-chance-de-um-acidente-vascular-cerebral\/","title":{"rendered":"Sono e AVC: como um sono ruim pode agravar a chance de um Acidente Vascular Cerebral<br><span class='secondary-title'>Voc\u00ea sabia que a m\u00e1 qualidade do sono pode aumentar o risco de AVC?<\/span>"},"content":{"rendered":"<div data-elementor-type=\"wp-post\" data-elementor-id=\"13930\" class=\"elementor elementor-13930\" data-elementor-post-type=\"post\">\n\t\t\t\t<div class=\"elementor-element elementor-element-5f038abf e-con-full e-flex e-con e-parent\" data-id=\"5f038abf\" data-element_type=\"container\" data-e-type=\"container\">\n\t\t\t\t<div class=\"elementor-element elementor-element-21ba48b9 elementor-widget elementor-widget-text-editor\" data-id=\"21ba48b9\" data-element_type=\"widget\" data-e-type=\"widget\" data-widget_type=\"text-editor.default\">\n\t\t\t\t<div class=\"elementor-widget-container\">\n\t\t\t\t\t\t\t\t\t<p>O Acidente Vascular Cerebral, popularmente conhecido como <a href=\"https:\/\/www.biologix.com.br\/en\/2020\/03\/13\/apneia-obstrutiva-do-sono-e-avc\/\">AVC ou derrame cerebral<\/a>, ocorre quando o fluxo de oxig\u00eanio e nutrientes para o c\u00e9rebro \u00e9 interrompido ou prejudicado, o que leva a um entupimento ou rompimento de uma veia cerebral.&nbsp;<\/p>\n<p><!-- \/wp:paragraph --><!-- wp:paragraph --><\/p>\n<p>Existem dois tipos de Acidente Vascular Cerebral:<\/p><p><ol><li><strong>AVC Isqu\u00eamico: <\/strong>\u00c9 quando ocorre um bloqueio em uma art\u00e9ria cerebral, normalmente ocasionado por um co\u00e1gulo sangu\u00edneo, o que impede o fluxo de oxig\u00eanio e nutrientes para o c\u00e9rebro. \u00c9 o tipo mais frequente, correspondendo a aproximadamente 80% dos casos.&nbsp;<\/li><li><strong>AVC Hemorr\u00e1gico<\/strong>: Considerado o mais grave, acontece quando um vaso sangu\u00edneo se rompe no c\u00e9rebro, o que causa sangramento e tamb\u00e9m dor de cabe\u00e7a intensa. Possui um alto \u00edndice de mortalidade devido \u00e0 gravidade da situa\u00e7\u00e3o.&nbsp;<\/li><\/ol><\/p>\n<p><!-- \/wp:list-item --><\/p>\n<p><!-- \/wp:list --><!-- wp:paragraph --><\/p>\n<p>Agora, entenda como noites mal dormidas, apneia do sono e h\u00e1bitos inadequados podem comprometer a sa\u00fade do c\u00e9rebro e causar problemas cardiovasculares<strong>.&nbsp;<\/strong><\/p>\n<p><!-- \/wp:paragraph --><!-- wp:paragraph --><\/p>\n<h2><strong>A rela\u00e7\u00e3o entre a qualidade do sono e o risco de AVC<\/strong><\/h2>\n<p><!-- \/wp:paragraph --><!-- wp:paragraph --><\/p>\n<p>Estudos recentes t\u00eam demonstrado que a dura\u00e7\u00e3o do sono e a qualidade possuem uma rela\u00e7\u00e3o muito estreita com a incid\u00eancia de Acidente Vascular Cerebral, seja na forma hemorr\u00e1gica ou isqu\u00eamica.&nbsp;<\/p>\n<p><!-- \/wp:paragraph --><!-- wp:paragraph --><\/p>\n<p>De acordo com o estudo \u201cNeuro stroke\u201d, publicado pela revista Neurology, sonos curtos, de m\u00e1 qualidade e cochilos n\u00e3o programados foram associados a um maior risco de Acidente Vascular Cerebral.&nbsp;<\/p>\n<p><!-- \/wp:paragraph --><!-- wp:paragraph --><\/p>\n<p>Al\u00e9m disso, a Funda\u00e7\u00e3o Nacional do Sono dos EUA afirma que indiv\u00edduos que dormem menos de 6 horas por dia est\u00e3o mais propensos a problemas cardiovasculares, como o AVC.&nbsp;<\/p>\n<p><!-- \/wp:paragraph --><!-- wp:paragraph --><\/p>\n<p>Outro ponto importante \u00e9 que um sono de qualidade n\u00e3o apenas contribui para a preven\u00e7\u00e3o do AVC, mas tamb\u00e9m \u00e9 um forte aliado na recupera\u00e7\u00e3o p\u00f3s-AVC, pois \u00e9 durante o sono reparador que o c\u00e9rebro consolida mem\u00f3rias e as \u00e1reas danificadas conseguem, aos poucos, se recuperar dentro do poss\u00edvel.<\/p>\n<p><!-- \/wp:paragraph --><!-- wp:paragraph --><\/p>\n<h2><strong>Apneia Obstrutiva do Sono (AOS) e sua conex\u00e3o com doen\u00e7as cardiovasculares<\/strong><\/h2>\n<p><!-- \/wp:paragraph --><!-- wp:paragraph --><\/p>\n<p>Muitas pesquisas afirmam que a Apneia Obstrutiva do Sono (AOS) pode ser um fator de risco muito significativo. Esse fator est\u00e1 conectado a v\u00e1rios impactos cardiometab\u00f3licos, pois, durante as crises de apneia, h\u00e1 uma diminui\u00e7\u00e3o da oxigena\u00e7\u00e3o cerebral.&nbsp;<\/p>\n<p><!-- \/wp:paragraph --><!-- wp:paragraph --><\/p>\n<p>A AOS ativa os sistemas neuroinflamat\u00f3rio e neuromodulador, o que pode levar a:<\/p>\n<ul>\n<li>Risco de arritmias (como <a href=\"https:\/\/www.biologix.com.br\/en\/2024\/09\/16\/fibrilacao-atrial-e-a-relacao-com-apneia-obstrutiva-do-sono\/\" style=\"background-color: rgb(255, 255, 255);\">atrial fibrillation<\/a>)&nbsp;<\/li>\n<li>Aumento da press\u00e3o arterial&nbsp;<\/li>\n<li>Heart Failure&nbsp;<\/li>\n<li>Acidente Vascular Cerebral&nbsp;<\/li>\n<\/ul>\n<p><!-- \/wp:list-item --><\/p>\n<p><!-- \/wp:list --><!-- wp:paragraph --><\/p>\n<p>Al\u00e9m dos efeitos cardiovasculares, a AOS tamb\u00e9m afeta o metabolismo, o humor e as fun\u00e7\u00f5es cognitivas. A fragmenta\u00e7\u00e3o do sono e a redu\u00e7\u00e3o da oxigena\u00e7\u00e3o cerebral prejudicam a aten\u00e7\u00e3o, a mem\u00f3ria e o desempenho diurno, aumentando o risco de acidentes e diminuindo a produtividade.<\/p>\n<p><!-- \/wp:paragraph --><!-- wp:paragraph --><\/p>\n<p>Confira alguns sintomas de alerta da AOS:<\/p>\n<ul>\n<li>Despertares noturnos frequentes&nbsp;<\/li>\n<li>Ronco intenso e alto&nbsp;<\/li>\n<li>Acordar com a boca seca&nbsp;<\/li>\n<li>Sonol\u00eancia diurna&nbsp;<\/li>\n<\/ul>\n<p><!-- \/wp:list-item --><\/p>\n<p><!-- \/wp:list --><!-- wp:paragraph --><\/p>\n<p>Acordar com a boca seca, por exemplo, pode indicar que o indiv\u00edduo respira pela boca durante a noite. Esse h\u00e1bito provoca despertares noturnos, mesmo que breves, o que fragmenta o sono, compromete a qualidade do descanso e pode causar sonol\u00eancia excessiva durante o dia.<\/p>\n<p><!-- \/wp:paragraph --><!-- wp:paragraph --><\/p>\n<h2><strong>Como a Biologix pode ajudar a avaliar o sono dos seus pacientes<\/strong><\/h2>\n<p><!-- \/wp:paragraph --><!-- wp:paragraph --><\/p>\n<p>Nowadays, <a href=\"https:\/\/www.biologix.com.br\/en\/exame-do-sono\/\">Biologix\u00ae Sleep Test<strong>\u00ae<\/strong><\/a> \u00e9 uma polissonografia multimodal que analisa a qualidade do sono, al\u00e9m de detectar apneia do sono e roncos (atrav\u00e9s do microfone do celular).&nbsp;<\/p>\n<p><!-- \/wp:paragraph --><!-- wp:paragraph --><\/p>\n<p>Em adultos, especialmente aqueles com fatores de risco cardiovasculares, analisar a qualidade do sono \u00e9 fundamental, pois dist\u00farbios como apneia obstrutiva, ins\u00f4nia e ronco intenso podem estar diretamente relacionados ao aumento do risco de Acidente Vascular Cerebral&nbsp;<\/p>\n<p><!-- \/wp:paragraph --><!-- wp:paragraph --><\/p>\n<p>Uma das grandes vantagens deste exame \u00e9 permitir que o paciente durma em seu ambiente habitual, preservando a naturalidade do sono e garantindo registros mais fidedignos. Al\u00e9m disso, a aus\u00eancia de fios e equipamentos hospitalares reduz o desconforto, garantindo uma boa qualidade das medi\u00e7\u00f5es.&nbsp;<\/p>\n<p><!-- \/wp:paragraph --><!-- wp:paragraph --><\/p>\n<p>A partir dos dados coletados, o exame Biologix\u00ae fornece informa\u00e7\u00f5es detalhadas sobre a arquitetura do sono, n\u00edveis de oxigena\u00e7\u00e3o e presen\u00e7a de eventos respirat\u00f3rios, auxiliando voc\u00ea, profissional da sa\u00fade, na defini\u00e7\u00e3o de condutas terap\u00eauticas mais precisas.&nbsp; Essa abordagem permite n\u00e3o apenas o diagn\u00f3stico de apneia e ins\u00f4nia, mas tamb\u00e9m o monitoramento da evolu\u00e7\u00e3o do tratamento e da resposta cl\u00ednica ao longo do tempo.<\/p>\n<p><!-- \/wp:paragraph --><!-- wp:paragraph --><\/p>\n<p>Toda essa praticidade contribui para a detec\u00e7\u00e3o precoce de dist\u00farbios do sono, muitas vezes subdiagnosticados por dificuldades log\u00edsticas ou medo de exames presenciais.<\/p>\n<p><!-- \/wp:paragraph --><\/p>\t\t\t\t\t\t\t\t<\/div>\n\t\t\t\t<\/div>\n\t\t\t\t<\/div>\n\t\t\t\t<\/div>","protected":false},"excerpt":{"rendered":"<p>O Acidente Vascular Cerebral, popularmente conhecido como AVC ou derrame cerebral, ocorre quando o fluxo de oxig\u00eanio e nutrientes para o c\u00e9rebro \u00e9 interrompido ou&hellip;<\/p>","protected":false},"author":11,"featured_media":13931,"comment_status":"closed","ping_status":"open","sticky":false,"template":"","format":"standard","meta":{"footnotes":""},"categories":[1],"tags":[],"class_list":["post-13930","post","type-post","status-publish","format-standard","has-post-thumbnail","hentry","category-paciente"],"aioseo_notices":[],"_links":{"self":[{"href":"https:\/\/www.biologix.com.br\/en\/wp-json\/wp\/v2\/posts\/13930","targetHints":{"allow":["GET"]}}],"collection":[{"href":"https:\/\/www.biologix.com.br\/en\/wp-json\/wp\/v2\/posts"}],"about":[{"href":"https:\/\/www.biologix.com.br\/en\/wp-json\/wp\/v2\/types\/post"}],"author":[{"embeddable":true,"href":"https:\/\/www.biologix.com.br\/en\/wp-json\/wp\/v2\/users\/11"}],"replies":[{"embeddable":true,"href":"https:\/\/www.biologix.com.br\/en\/wp-json\/wp\/v2\/comments?post=13930"}],"version-history":[{"count":13,"href":"https:\/\/www.biologix.com.br\/en\/wp-json\/wp\/v2\/posts\/13930\/revisions"}],"predecessor-version":[{"id":13944,"href":"https:\/\/www.biologix.com.br\/en\/wp-json\/wp\/v2\/posts\/13930\/revisions\/13944"}],"wp:featuredmedia":[{"embeddable":true,"href":"https:\/\/www.biologix.com.br\/en\/wp-json\/wp\/v2\/media\/13931"}],"wp:attachment":[{"href":"https:\/\/www.biologix.com.br\/en\/wp-json\/wp\/v2\/media?parent=13930"}],"wp:term":[{"taxonomy":"category","embeddable":true,"href":"https:\/\/www.biologix.com.br\/en\/wp-json\/wp\/v2\/categories?post=13930"},{"taxonomy":"post_tag","embeddable":true,"href":"https:\/\/www.biologix.com.br\/en\/wp-json\/wp\/v2\/tags?post=13930"}],"curies":[{"name":"wp","href":"https:\/\/api.w.org\/{rel}","templated":true}]}}