{"id":13957,"date":"2025-10-29T17:43:14","date_gmt":"2025-10-29T20:43:14","guid":{"rendered":"https:\/\/www.biologix.com.br\/?p=13957"},"modified":"2025-10-29T17:44:03","modified_gmt":"2025-10-29T20:44:03","slug":"mounjaro-e-liberado-pela-anvisa-para-tratar-apneia-obstrutiva-do-sono-aos","status":"publish","type":"post","link":"https:\/\/www.biologix.com.br\/en\/2025\/10\/29\/mounjaro-e-liberado-pela-anvisa-para-tratar-apneia-obstrutiva-do-sono-aos\/","title":{"rendered":"Mounjaro \u00e9 liberado pela Anvisa para tratar apneia obstrutiva do sono (AOS)<br><span class='secondary-title'>Evid\u00eancias apontam melhora significativa no IAH e redu\u00e7\u00e3o de at\u00e9 20% do peso corporal<\/span>"},"content":{"rendered":"<div data-elementor-type=\"wp-post\" data-elementor-id=\"13957\" class=\"elementor elementor-13957\" data-elementor-post-type=\"post\">\n\t\t\t\t<div class=\"elementor-element elementor-element-756a7744 e-flex e-con-boxed e-con e-parent\" data-id=\"756a7744\" data-element_type=\"container\" data-e-type=\"container\">\n\t\t\t\t\t<div class=\"e-con-inner\">\n\t\t\t\t<div class=\"elementor-element elementor-element-835afd3 elementor-widget elementor-widget-text-editor\" data-id=\"835afd3\" data-element_type=\"widget\" data-e-type=\"widget\" data-widget_type=\"text-editor.default\">\n\t\t\t\t<div class=\"elementor-widget-container\">\n\t\t\t\t\t\t\t\t\t<p>Nowadays, chronic intermittent <strong>Ag\u00eancia Nacional de Vigil\u00e2ncia Sanit\u00e1ria (Anvisa)<\/strong> <a href=\"https:\/\/www.in.gov.br\/web\/dou\/-\/resolucao-re-n-4.117-de-17-de-outubro-de-2025-663437733\">aprovou no dia 20 de outubro de 2025 o uso do <strong>Mounjaro<\/strong><\/a>, cujo princ\u00edpio ativo \u00e9 a <strong>tirzepatida<\/strong>, como uma nova op\u00e7\u00e3o de tratamento para a <strong>apneia obstrutiva do sono (AOS)<\/strong> \u2014 um dist\u00farbio que provoca <strong>paradas respirat\u00f3rias durante o sono<\/strong>.<\/p>\n<p><!-- \/wp:paragraph --><!-- wp:paragraph --><\/p>\n<p>A tirzepatida j\u00e1 \u00e9 utilizada no tratamento de doen\u00e7as preexistentes como a obesidade e diabetes tipo 2.&nbsp; Agora, a Anvisa a reconhece<strong> como op\u00e7\u00e3o de tratamento para pacientes que sejam obesos e que possuam quadros de AOS moderada a grave.<\/strong><\/p>\n<p><!-- \/wp:paragraph --><!-- wp:paragraph --><\/p>\n<h2><strong>Entenda a rela\u00e7\u00e3o entre obesidade e apneia do sono<\/strong><\/h2>\n<p><!-- \/wp:paragraph --><!-- wp:paragraph --><\/p>\n<p>Estudos mostram que a AOS contribui para eventos cardiovasculares e metab\u00f3licos, como AVC e arritmias card\u00edacas. Alguns sintomas s\u00e3o:<\/p>\n<ul>\n<li>daytime drowsiness<\/li>\n<li>roncos altos<\/li>\n<li>dor de cabe\u00e7a matinal<\/li>\n<\/ul>\n<p><!-- \/wp:list-item --><\/p>\n<p><!-- \/wp:list --><!-- wp:paragraph --><\/p>\n<p>Apresentar sobrepeso pode contribuir para a piora dos sintomas, pois o excesso de peso leva a ac\u00famulo de gordura corporal na regi\u00e3o do pesco\u00e7o e da cervical, conforme explica o endocrinologista Andr\u00e9 Camara de Oliveira, diretor da SBEM (Sociedade Brasileira de Endocrinologia e Metabologia) de S\u00e3o Paulo: &#8220;Isso estreita as vias a\u00e9reas, elevando o risco de colapso durante o sono&#8221;.<\/p>\n<p><!-- \/wp:paragraph --><!-- wp:paragraph --><\/p>\n<p>Al\u00e9m disso, a m\u00e1 qualidade do sono influencia diretamente na perda de peso, pois os indiv\u00edduos que n\u00e3o conseguem descansar adequadamente podem apresentar o aumento da grelina, conhecida como &#8216;horm\u00f4nio da fome&#8217; e a diminui\u00e7\u00e3o da leptina, horm\u00f4nio respons\u00e1vel pela regula\u00e7\u00e3o do apetite.<\/p>\n<p><!-- \/wp:paragraph --><!-- wp:paragraph --><\/p>\n<p>Portanto, <a href=\"https:\/\/www.linkedin.com\/pulse\/sono-em-pauta-obesidade-e-dist%C3%BArbios-do-uma-coisa-leva-outra-xboef\/?trackingId=KD0XGF%2FfQzSup9%2BYZXumbA%3D%3D\">a obesidade e a apneia obstrutiva do sono mant\u00eam uma rela\u00e7\u00e3o de retroalimenta\u00e7\u00e3o negativa<\/a>.<\/p>\n<p><!-- \/wp:paragraph --><!-- wp:paragraph --><\/p>\n<h2><strong>Como o Mounjaro pode otimizar os resultados terap\u00eauticos<\/strong><\/h2>\n<p><!-- \/wp:paragraph --><!-- wp:paragraph --><\/p>\n<p>Um estudo realizado pela pr\u00f3pria fabricante do Mounjauro, Eli Lily, mostrou que a <strong>tirzepatida<\/strong>, ao ser aplicada em doses de 10 mg ou 15 mg, foi, em m\u00e9dia, 5 vezes mais eficaz do que o placebo utilizado na redu\u00e7\u00e3o do \u00edndice de apneia-hipopneia (IAH) em pacientes com apneia obstrutiva do sono <strong>sem uso de CPAP.&nbsp;<\/strong><\/p>\n<p><!-- \/wp:paragraph --><!-- wp:paragraph --><\/p>\n<p>Nesses indiv\u00edduos, foi constatada uma redu\u00e7\u00e3o m\u00e9dia de <strong>27 eventos respirat\u00f3rios por hora<\/strong> com o uso de <strong>Mounjaro<\/strong>, comparados a <strong>cinco eventos a menos por hora<\/strong> no grupo que utilizou o placebo.<\/p>\n<p><!-- \/wp:paragraph --><!-- wp:paragraph --><\/p>\n<p>Nos participantes que fizeram uso de CPAP, o Mounjaro possibilitou<strong> a redu\u00e7\u00e3o de 30 eventos por hora<\/strong> enquanto o placebo demonstrou efic\u00e1cia de apenas seis a menos por hora.&nbsp;<\/p>\n<p><!-- \/wp:paragraph --><!-- wp:paragraph --><\/p>\n<p>Vale ressaltar que 42% dos indiv\u00edduos tratados com tirzepatida apresentaram retrocesso para uma apneia leve e assintom\u00e1tica ap\u00f3s 52 semanas de tratamento. O grupo que utilizou CPAP atingiu <strong>50%<\/strong>, contrastando com <strong>14% a 16%<\/strong> nos grupos controle.<\/p>\n<p><!-- \/wp:paragraph --><!-- wp:paragraph --><\/p>\n<h2><strong>Efeitos do Mounjaro sobre o peso corporal<\/strong><\/h2>\n<p><!-- \/wp:paragraph --><!-- wp:paragraph --><\/p>\n<p>Os pacientes tratados com Mounjaro tamb\u00e9m apresentaram uma <strong>redu\u00e7\u00e3o m\u00e9dia de 20,4 kg (18% do peso corporal)<\/strong>, e aqueles que fizeram uso concomitante de CPAP perderam cerca de <strong>22,7 kg (20%)<\/strong>. No grupo com o placebo, a perda de peso foi significativamente menor, entre <strong>1,8 e 2,7 kg (aproximadamente 2%)<\/strong>.<\/p>\n<p><!-- \/wp:paragraph --><!-- wp:paragraph --><\/p>\n<p>Ou seja, a medica\u00e7\u00e3o n\u00e3o atua diretamente sobre a musculatura das vias a\u00e9reas, onde ocorrem as obstru\u00e7\u00f5es <strong>durante o sono<\/strong>, mas o&nbsp; efeito positivo na apneia est\u00e1 relacionado \u00e0 perda de peso promovida pela tirzepatida, que <strong>reduz a press\u00e3o sobre as estruturas respirat\u00f3rias<\/strong> e melhora a passagem do ar durante o sono.<\/p>\n<p><!-- \/wp:paragraph --><!-- wp:heading --><\/p>\n<h2><strong>Detalhes do estudo e a import\u00e2ncia desta libera\u00e7\u00e3o<\/strong><\/h2>\n<p><!-- \/wp:heading --><!-- wp:paragraph --><\/p>\n<p>O estudo, publicado no <a href=\"https:\/\/www.nejm.org\/doi\/10.1056\/NEJMoa2404881\">The New England Journal of Medicine<\/a>, incluiu <strong>469 participantes<\/strong> de 6 pa\u00edses, sendo eles <strong>Brasil, EUA, Austr\u00e1lia, China, Alemanha e Jap\u00e3o<\/strong>, que foram acompanhados ao longo de <strong>52 semanas<\/strong>.<\/p>\n<p><!-- \/wp:paragraph --><!-- wp:paragraph --><\/p>\n<p>A introdu\u00e7\u00e3o da tirzepatida como alternativa para tratamento da apneia do sono representa uma amplia\u00e7\u00e3o nas possibilidades terap\u00eauticas para pacientes que apresentam <a href=\"https:\/\/www.biologix.com.br\/en\/2020\/09\/16\/apneia-do-sono-e-obesidade\/\">AOS associada \u00e0 obesidade<\/a>.&nbsp;&nbsp;<\/p>\n<p><!-- \/wp:paragraph --><!-- wp:paragraph --><\/p>\n<p>Combinado com controle metab\u00f3lico, perda ponderal e terapias respirat\u00f3rias como o CPAP, a tirzepatida otimiza os resultados cl\u00ednicos e reduz as complica\u00e7\u00f5es associadas \u00e0 doen\u00e7a. Dessa forma, o manejo farmacol\u00f3gico do peso evidencia-se como uma ferramenta complementar de relev\u00e2ncia cl\u00ednica no controle da apneia.<\/p>\n<p><!-- \/wp:paragraph --><\/p>\t\t\t\t\t\t\t\t<\/div>\n\t\t\t\t<\/div>\n\t\t\t\t\t<\/div>\n\t\t\t\t<\/div>\n\t\t\t\t<\/div>","protected":false},"excerpt":{"rendered":"<p>A Ag\u00eancia Nacional de Vigil\u00e2ncia Sanit\u00e1ria (Anvisa) aprovou no dia 20 de outubro de 2025 o uso do Mounjaro, cujo princ\u00edpio ativo \u00e9 a tirzepatida,&hellip;<\/p>","protected":false},"author":11,"featured_media":13958,"comment_status":"closed","ping_status":"open","sticky":false,"template":"","format":"standard","meta":{"footnotes":""},"categories":[1,12],"tags":[],"class_list":["post-13957","post","type-post","status-publish","format-standard","has-post-thumbnail","hentry","category-paciente","category-profissional-de-saude"],"aioseo_notices":[],"_links":{"self":[{"href":"https:\/\/www.biologix.com.br\/en\/wp-json\/wp\/v2\/posts\/13957","targetHints":{"allow":["GET"]}}],"collection":[{"href":"https:\/\/www.biologix.com.br\/en\/wp-json\/wp\/v2\/posts"}],"about":[{"href":"https:\/\/www.biologix.com.br\/en\/wp-json\/wp\/v2\/types\/post"}],"author":[{"embeddable":true,"href":"https:\/\/www.biologix.com.br\/en\/wp-json\/wp\/v2\/users\/11"}],"replies":[{"embeddable":true,"href":"https:\/\/www.biologix.com.br\/en\/wp-json\/wp\/v2\/comments?post=13957"}],"version-history":[{"count":13,"href":"https:\/\/www.biologix.com.br\/en\/wp-json\/wp\/v2\/posts\/13957\/revisions"}],"predecessor-version":[{"id":13971,"href":"https:\/\/www.biologix.com.br\/en\/wp-json\/wp\/v2\/posts\/13957\/revisions\/13971"}],"wp:featuredmedia":[{"embeddable":true,"href":"https:\/\/www.biologix.com.br\/en\/wp-json\/wp\/v2\/media\/13958"}],"wp:attachment":[{"href":"https:\/\/www.biologix.com.br\/en\/wp-json\/wp\/v2\/media?parent=13957"}],"wp:term":[{"taxonomy":"category","embeddable":true,"href":"https:\/\/www.biologix.com.br\/en\/wp-json\/wp\/v2\/categories?post=13957"},{"taxonomy":"post_tag","embeddable":true,"href":"https:\/\/www.biologix.com.br\/en\/wp-json\/wp\/v2\/tags?post=13957"}],"curies":[{"name":"wp","href":"https:\/\/api.w.org\/{rel}","templated":true}]}}