{"id":2790,"date":"2020-07-01T15:53:05","date_gmt":"2020-07-01T18:53:05","guid":{"rendered":"https:\/\/www.biologix.com.br\/?p=2790"},"modified":"2025-08-19T11:44:05","modified_gmt":"2025-08-19T14:44:05","slug":"sonolencia-excessiva-diurna","status":"publish","type":"post","link":"https:\/\/www.biologix.com.br\/en\/2020\/07\/01\/sonolencia-excessiva-diurna\/","title":{"rendered":"excessive daytime drowsiness<br><span class='secondary-title'>A import\u00e2ncia de diagnosticar a causa da sonol\u00eancia diurna<\/span>"},"content":{"rendered":"<p>A sonol\u00eancia diurna excessiva \u00e9 uma queixa recorrente e com grande impacto na qualidade de vida e na produtividade no trabalho, al\u00e9m de trazer potenciais riscos de acidentes. Pacientes com doen\u00e7as do sono com frequ\u00eancia se queixam de sonol\u00eancia diurna em excesso, cansa\u00e7o e fadiga. O reconhecimento e o pronto tratamento desses sintomas e suas causas \u00e9 importante.<\/p>\n\n\n\n<!--more-->\n\n\n\n<p>Essa sonol\u00eancia excessiva \u00e9 um sintoma complexo caracterizado como a incapacidade de se manter acordado e\/ou alerta durante o dia, resultando at\u00e9 em lapsos de sono n\u00e3o intencionais. Os sintomas ocorrem durante atividades di\u00e1rias normais ou em situa\u00e7\u00f5es de risco potencial, como na <a href=\"https:\/\/www.biologix.com.br\/en\/2020\/02\/05\/risco-aumentado-de-acidentes-com-veiculos-privacao-de-sono-aumenta-risco-de-acidentes-graves\/\" title=\"\">dire\u00e7\u00e3o de ve\u00edculos automotores<\/a> e impactando diretamente na qualidade de vida.<\/p>\n\n\n\t\t<div data-elementor-type=\"section\" data-elementor-id=\"587\" class=\"elementor elementor-587\" data-elementor-post-type=\"elementor_library\">\n\t\t\t\t\t<section class=\"elementor-section elementor-top-section elementor-element elementor-element-4d0649a elementor-section-boxed elementor-section-height-default elementor-section-height-default\" data-id=\"4d0649a\" data-element_type=\"section\" data-e-type=\"section\">\n\t\t\t\t\t\t<div class=\"elementor-container elementor-column-gap-default\">\n\t\t\t\t\t<div class=\"elementor-column elementor-col-100 elementor-top-column elementor-element elementor-element-9d36ab1\" data-id=\"9d36ab1\" data-element_type=\"column\" data-e-type=\"column\">\n\t\t\t<div class=\"elementor-widget-wrap elementor-element-populated\">\n\t\t\t\t\t\t<div class=\"elementor-element elementor-element-c0177f3 elementor-widget elementor-widget-html\" data-id=\"c0177f3\" data-element_type=\"widget\" data-e-type=\"widget\" data-widget_type=\"html.default\">\n\t\t\t\t<div class=\"elementor-widget-container\">\n\t\t\t\t\t<div role=\"main\" id=\"site-inscricao-receber-conteudo-66a2c8b9048f99353f18\"><\/div><script type=\"text\/javascript\" src=\"https:\/\/d335luupugsy2.cloudfront.net\/js\/rdstation-forms\/stable\/rdstation-forms.min.js\"><\/script><script type=\"text\/javascript\"> new RDStationForms('site-inscricao-receber-conteudo-66a2c8b9048f99353f18', 'UA-128422573-1').createForm();<\/script>\t\t\t\t<\/div>\n\t\t\t\t<\/div>\n\t\t\t\t\t<\/div>\n\t\t<\/div>\n\t\t\t\t\t<\/div>\n\t\t<\/section>\n\t\t\t\t<\/div>\n\t\t\n\n\n\n<p>A sonol\u00eancia diurna excessiva n\u00e3o pode ser confundida com a fadiga, condi\u00e7\u00e3o em que a manuten\u00e7\u00e3o dos n\u00edveis motor e de energia mental se torna mais dif\u00edcil com o aumento da dura\u00e7\u00e3o da tarefa e, ao contr\u00e1rio da sonol\u00eancia, sua recupera\u00e7\u00e3o exige o repouso e n\u00e3o o sono.<\/p>\n\n\n\n<h2 class=\"wp-block-heading\">A import\u00e2ncia de diagnosticar a causa da sonol\u00eancia diurna excessiva <\/h2>\n\n\n\n<p>\u00c9 importante diagnosticar a causa da sonol\u00eancia diurna excessiva que pode ser consideravelmente dif\u00edcil por conta da desvaloriza\u00e7\u00e3o desse sintoma pelo paciente e por conta das doen\u00e7as que possuem esse sintoma, como: depress\u00e3o, diabetes, apneia do sono e doen\u00e7as card\u00edacas por exemplo. &nbsp;Atrav\u00e9s de entrevistas cl\u00ednicas, di\u00e1rio do sono, question\u00e1rios do sono como <a href=\"https:\/\/www.biologix.com.br\/en\/2020\/02\/05\/sonolencia-e-cansaco-diurno-confira-algumas-doencas-que-causam-cansaco-em-excesso\/\" title=\"\">Epworth Sleepiness Scale<\/a> e a polissonografia, que permite o registro de m\u00faltiplas vari\u00e1veis fisiol\u00f3gicas durante uma noite de sono e constitui uma ferramenta essencial para avalia\u00e7\u00e3o do padr\u00e3o do sono noturno e diagn\u00f3stico dos dist\u00farbios do sono.<\/p>\n\n\n\n<p>Uma das causas mais comuns da sonol\u00eancia pode ser a apneia do sono. A apneia atinge cerca de 1 bilh\u00e3o de pessoas em todo mundo, principalmente homens acima de 40 anos e pessoas obesas, e caracteriza-se como epis\u00f3dios recorrentes de obstru\u00e7\u00e3o parcial (hipopneias) ou total (apneias) da via a\u00e9rea superior durante o sono que levam a microdespertares. &nbsp;O diagn\u00f3stico \u00e9 definido com base em crit\u00e9rios cl\u00ednicos e polissonogr\u00e1ficos.<\/p>\n\n\n\n<p>O diagn\u00f3stico da apneia obstrutiva do sono, tamb\u00e9m pode ser feito pelo Exame do Sono Biologix, uma polissonografia multimodal, realizado enquanto a pessoa dorme. \u00c9 um exame para se fazer em casa, simples, pr\u00e1tico e eficaz, sem a necessidade de dormir em um laborat\u00f3rio do sono. Na hora de dormir, basta colocar o sensor no dedo e iniciar o exame no App Biologix. Ao acordar clicar em concluir exame e o resultado ficar\u00e1 pronto imediatamente.<\/p>\n\n\n\n<p>Ap\u00f3s o diagn\u00f3stico, o tratamento \u00e9 individualizado e deve ser baseado na gravidade da doen\u00e7a e nos sintomas, &nbsp;desde&nbsp; higiene do sono&nbsp; para os casos mais leves a &nbsp;suporte respirat\u00f3rio noturno por CPAP (sigla em ingl\u00eas para \u201c<strong><em>Continuous Positive Airway Pressure\u201d<\/em><\/strong> by means of a mask <strong>Press\u00e3o Positiva Cont\u00ednua nas Vias A\u00e9reas<\/strong> ) para os casos mais graves.<\/p>\n\n\n\n<p>O m\u00e9dico \u00e9 respons\u00e1vel por prescrever o tratamento, mas nos casos de uso de CPAP os fisioterapeutas s\u00e3o os mais indicados para aplicar, adaptar o paciente e acompanhar durante todo o tratamento, analisando dados e verificando efic\u00e1cia do mesmo.<\/p>\n\n\n\n<p>O tratamento adequado da sonol\u00eancia diurna excessiva  melhora a qualidade de vida e a produtividade dos pacientes, al\u00e9m da diminui\u00e7\u00e3o das queixas de sono alterado, prevenir as reca\u00eddas e melhorar a qualidade do sono.<\/p>\n\n\n\n<p><strong>DISCLAIMER: Only properly qualified physicians  can diagnose diseases, recommend treatments and prescribe medications. The information available herein is for educational purposes only.<\/strong><\/p>","protected":false},"excerpt":{"rendered":"<p>A sonol\u00eancia diurna excessiva \u00e9 uma queixa recorrente e com grande impacto na qualidade de vida e na produtividade no trabalho, al\u00e9m de trazer potenciais&hellip;<\/p>","protected":false},"author":11,"featured_media":2847,"comment_status":"closed","ping_status":"open","sticky":false,"template":"","format":"standard","meta":{"footnotes":""},"categories":[1],"tags":[23,5,44,41,43,9,86],"class_list":["post-2790","post","type-post","status-publish","format-standard","has-post-thumbnail","hentry","category-paciente","tag-apneia","tag-apneia-do-sono","tag-cansaco","tag-ronco","tag-ronco-alto-e-frequente","tag-sono","tag-sonolencia"],"aioseo_notices":[],"_links":{"self":[{"href":"https:\/\/www.biologix.com.br\/en\/wp-json\/wp\/v2\/posts\/2790","targetHints":{"allow":["GET"]}}],"collection":[{"href":"https:\/\/www.biologix.com.br\/en\/wp-json\/wp\/v2\/posts"}],"about":[{"href":"https:\/\/www.biologix.com.br\/en\/wp-json\/wp\/v2\/types\/post"}],"author":[{"embeddable":true,"href":"https:\/\/www.biologix.com.br\/en\/wp-json\/wp\/v2\/users\/11"}],"replies":[{"embeddable":true,"href":"https:\/\/www.biologix.com.br\/en\/wp-json\/wp\/v2\/comments?post=2790"}],"version-history":[{"count":4,"href":"https:\/\/www.biologix.com.br\/en\/wp-json\/wp\/v2\/posts\/2790\/revisions"}],"predecessor-version":[{"id":13868,"href":"https:\/\/www.biologix.com.br\/en\/wp-json\/wp\/v2\/posts\/2790\/revisions\/13868"}],"wp:featuredmedia":[{"embeddable":true,"href":"https:\/\/www.biologix.com.br\/en\/wp-json\/wp\/v2\/media\/2847"}],"wp:attachment":[{"href":"https:\/\/www.biologix.com.br\/en\/wp-json\/wp\/v2\/media?parent=2790"}],"wp:term":[{"taxonomy":"category","embeddable":true,"href":"https:\/\/www.biologix.com.br\/en\/wp-json\/wp\/v2\/categories?post=2790"},{"taxonomy":"post_tag","embeddable":true,"href":"https:\/\/www.biologix.com.br\/en\/wp-json\/wp\/v2\/tags?post=2790"}],"curies":[{"name":"wp","href":"https:\/\/api.w.org\/{rel}","templated":true}]}}