{"id":3056,"date":"2020-07-22T12:22:52","date_gmt":"2020-07-22T15:22:52","guid":{"rendered":"https:\/\/www.biologix.com.br\/?p=3056"},"modified":"2025-08-19T11:21:25","modified_gmt":"2025-08-19T14:21:25","slug":"apneia-do-sono-em-idosos","status":"publish","type":"post","link":"https:\/\/www.biologix.com.br\/en\/2020\/07\/22\/apneia-do-sono-em-idosos\/","title":{"rendered":"Sleep Apnea in the Elderly<br><span class='secondary-title'>Aging can bring about changes related to sleep apnea<\/span>"},"content":{"rendered":"\n<p>Ao longo do processo de envelhecimento, ocorrem mudan\u00e7as psicol\u00f3gicas, sociais e f\u00edsicas. Nas mudan\u00e7as f\u00edsicas destaca-se o padr\u00e3o de sono, por estar entre as mais frequentes queixas dos idosos. Al\u00e9m disso. mudan\u00e7as relacionadas \u00e0 velhice podem ser observadas em diversos n\u00edveis da arquitetura e qualidade do sono. <\/p>\n\n\n\n<p>Observa-se que, em grande parte desta popula\u00e7\u00e3o, a efici\u00eancia do sono e o sono de ondas lentas diminuem; os despertares ap\u00f3s in\u00edcio do sono aumentam e h\u00e1 dificuldade para adormecer novamente. Como se n\u00e3o bastasse, os idosos tendem a acordar e levantar mais cedo; necessitam de cochilos breves durante o dia e costuma ter um aumento no uso de medica\u00e7\u00f5es. <\/p>\n\n\n\n<p>Em adi\u00e7\u00e3o, transtornos do sono apresentam-se com alta preval\u00eancia entre a popula\u00e7\u00e3o idosa, principalmente ins\u00f4nia, s\u00edndrome da <a href=\"https:\/\/www.biologix.com.br\/2020\/06\/15\/tipos-de-apneia-do-sono\/\" target=\"_blank\" rel=\"noreferrer noopener\">apneia do sono<\/a> e parassonias, como a s\u00edndrome das pernas inquietas e os movimentos peri\u00f3dicos das pernas.<\/p>\n\n\n\n<!--more-->\n\n\n\n<h2 class=\"wp-block-heading\">Preval\u00eancia da apneia do sono em idosos<\/h2>\n\n\n\n<p>Segundo estudos, 40% dos idosos acima de 65 anos est\u00e3o insatisfeitos com o seu sono ou relatam algum problema com o sono. Os transtornos do sono est\u00e3o associados a pior sa\u00fade f\u00edsica, <a href=\"https:\/\/www.biologix.com.br\/2020\/02\/05\/comprometimento-da-memoria-falhas-na-memoria-exigem-investigacao\/\" target=\"_blank\" rel=\"noreferrer noopener\">cognitiva<\/a> e emocional, podem implicar em <a href=\"https:\/\/www.biologix.com.br\/2020\/07\/13\/impacto-dos-disturbios-do-sono-sobre-a-qualidade-de-vida\/\" target=\"_blank\" rel=\"noreferrer noopener\">diminui\u00e7\u00e3o da qualidade de vida<\/a>, dificuldade no exerc\u00edcio de fun\u00e7\u00f5es sociais, depress\u00e3o e, ainda, um aumento do potencial para morbidades e mortalidade.&nbsp;<\/p>\n\n\n\n<p>Pacientes mais idosos podem apresentar diminui\u00e7\u00e3o dos est\u00e1gios profundos do sono, N3 e REM, com aumento dos est\u00e1gios N1 e N2.&nbsp;<\/p>\n\n\n\t\t<div data-elementor-type=\"section\" data-elementor-id=\"587\" class=\"elementor elementor-587\" data-elementor-post-type=\"elementor_library\">\n\t\t\t\t\t<section class=\"elementor-section elementor-top-section elementor-element elementor-element-4d0649a elementor-section-boxed elementor-section-height-default elementor-section-height-default\" data-id=\"4d0649a\" data-element_type=\"section\" data-e-type=\"section\">\n\t\t\t\t\t\t<div class=\"elementor-container elementor-column-gap-default\">\n\t\t\t\t\t<div class=\"elementor-column elementor-col-100 elementor-top-column elementor-element elementor-element-9d36ab1\" data-id=\"9d36ab1\" data-element_type=\"column\" data-e-type=\"column\">\n\t\t\t<div class=\"elementor-widget-wrap elementor-element-populated\">\n\t\t\t\t\t\t<div class=\"elementor-element elementor-element-c0177f3 elementor-widget elementor-widget-html\" data-id=\"c0177f3\" data-element_type=\"widget\" data-e-type=\"widget\" data-widget_type=\"html.default\">\n\t\t\t\t<div class=\"elementor-widget-container\">\n\t\t\t\t\t<div role=\"main\" id=\"site-inscricao-receber-conteudo-66a2c8b9048f99353f18\"><\/div><script type=\"text\/javascript\" src=\"https:\/\/d335luupugsy2.cloudfront.net\/js\/rdstation-forms\/stable\/rdstation-forms.min.js\"><\/script><script type=\"text\/javascript\"> new RDStationForms('site-inscricao-receber-conteudo-66a2c8b9048f99353f18', 'UA-128422573-1').createForm();<\/script>\t\t\t\t<\/div>\n\t\t\t\t<\/div>\n\t\t\t\t\t<\/div>\n\t\t<\/div>\n\t\t\t\t\t<\/div>\n\t\t<\/section>\n\t\t\t\t<\/div>\n\t\t\n\n\n\n<p>Um dos transtornos do sono mais prevalentes na velhice refere-se \u00e0 apneia obstrutiva do sono, uma doen\u00e7a caracterizada pelo <a href=\"https:\/\/www.biologix.com.br\/2020\/02\/05\/ronco-alto-e-frequente-entenda-como-o-ronco-pode-afetar-a-sua-qualidade-de-vida\/\" target=\"_blank\" rel=\"noreferrer noopener\">ronco<\/a> e epis\u00f3dios recorrentes de obstru\u00e7\u00e3o total [apneia] ou parcial [hipopneia] das vias a\u00e9reas superiores. <\/p>\n\n\n\n<p>Durante o sono, os m\u00fasculos da faringe e da l\u00edngua tendem a relaxar, assim como toda musculatura do corpo. E esse relaxamento gera uma obstru\u00e7\u00e3o da via a\u00e9rea superior, dificultando o fluxo a\u00e9reo e causando ru\u00eddos (ronco) e pausas respirat\u00f3rias. Ocorre baixa oxigena\u00e7\u00e3o pulmonar e cerebral, o que leva o sistema nervoso central a agir em busca da abertura das vias a\u00e9reas superiores. Nesse momento o indiv\u00edduo tem um forte ronco e um microdespertar, que apesar de inconsciente, \u00e9 suficiente para fragmentar o sono.&nbsp;<\/p>\n\n\n\n<p>Quem sofre com a apneia do sono costuma apresentar <a href=\"https:\/\/www.biologix.com.br\/2020\/02\/05\/sonolencia-e-cansaco-diurno-confira-algumas-doencas-que-causam-cansaco-em-excesso\/\" target=\"_blank\" rel=\"noreferrer noopener\">sonol\u00eancia excessiva durante o dia<\/a>, sensa\u00e7\u00e3o de sono n\u00e3o reparador, dificuldade de mem\u00f3ria e concentra\u00e7\u00e3o. Al\u00e9m disso, o quadro contribui para <a href=\"https:\/\/www.biologix.com.br\/2020\/03\/13\/hipertensao-arterial-induzida-por-apneia-do-sono\/\" target=\"_blank\" rel=\"noreferrer noopener\">hipertens\u00e3o<\/a>, <a href=\"https:\/\/www.biologix.com.br\/2020\/03\/04\/apneia-do-sono-e-diabetes-qual-e-a-relacao\/\" target=\"_blank\" rel=\"noreferrer noopener\">diabetes<\/a>, <a href=\"https:\/\/www.biologix.com.br\/2020\/03\/13\/disturbios-do-sono-causam-arritmia-cardiaca\/\" target=\"_blank\" rel=\"noreferrer noopener\">arritmia<\/a>,<a href=\"https:\/\/www.biologix.com.br\/2020\/03\/13\/relacao-entre-apneia-do-sono-e-refluxo\/\" target=\"_blank\" rel=\"noreferrer noopener\"> refluxo gastresof\u00e1gico,<\/a> <a href=\"https:\/\/www.biologix.com.br\/2020\/03\/13\/apneia-obstrutiva-do-sono-e-avc\/\" target=\"_blank\" rel=\"noreferrer noopener\">acidente vascular cerebral [AVC],<\/a> <a href=\"https:\/\/www.biologix.com.br\/2020\/02\/05\/perda-da-produtividade-o-impacto-do-sono-na-produtividade\/\" target=\"_blank\" rel=\"noreferrer noopener\">queda no rendimento intelectual,<\/a> dentre outros. <\/p>\n\n\n\n<p>Considera-se patol\u00f3gica a ocorr\u00eancia acima de trinta apneias por noite. Os sintomas mais presentes s\u00e3o: ronco alto, engasgos, sono agitado, sonol\u00eancia excessiva diurna e dor de cabe\u00e7a matinal. &nbsp;Al\u00e9m da idade, a patologia encontra-se tamb\u00e9m associada \u00e0 <a href=\"https:\/\/www.biologix.com.br\/2020\/09\/16\/apneia-do-sono-e-obesidade\/\" target=\"_blank\" rel=\"noreferrer noopener\">obesidade<\/a>, ao abuso de \u00e1lcool, ao tabagismo e \u00e0 pr\u00f3pria anatomia das vias a\u00e9reas superiores.&nbsp;<\/p>\n\n\n\n<h2 class=\"wp-block-heading\">Manejo da apneia do sono em idosos<\/h2>\n\n\n\n<p>A interven\u00e7\u00e3o terap\u00eautica dever\u00e1 come\u00e7ar pelo incentivo \u00e0 perda de peso, parar de fumar e abstin\u00eancia alco\u00f3lica. Verificando-se persist\u00eancia do quadro cl\u00ednico ap\u00f3s corre\u00e7\u00e3o dos fatores de risco, a utiliza\u00e7\u00e3o de um ventilador com press\u00e3o positiva cont\u00ednua (CPAP) \u00e9 considerado um <em>gold standard<\/em>, com obten\u00e7\u00e3o de \u00f3timos resultados tanto a n\u00edvel de qualidade de sono, como a n\u00edvel de desempenho de fun\u00e7\u00f5es cognitivas. Este aparelho \u00e9 eficaz, mas al\u00e9m do&nbsp; custo&nbsp; pode apresentar, por vezes, uma m\u00e1 ades\u00e3o por parte dos doentes, ou uma incorreta utiliza\u00e7\u00e3o.&nbsp;<\/p>\n\n\n\n<p>O diagn\u00f3stico precoce \u00e9 de fundamental import\u00e2ncia para prevenir problemas secund\u00e1rios, como problemas card\u00edacos, depress\u00e3o, ansiedade e a depend\u00eancia do \u00e1lcool.&nbsp;<\/p>\n\n\n\n<p>Algumas mudan\u00e7as comportamentais podem melhorar de forma geral o sono dos idosos:&nbsp;<\/p>\n\n\n\n<ul class=\"wp-block-list\">\n<li>Limitar a ingest\u00e3o de l\u00edquidos antes de dormir pode diminuir a frequ\u00eancia do urinar noturno;&nbsp;<\/li>\n\n\n\n<li>Evitar o uso de subst\u00e2ncias excitantes, como cafe\u00edna e \u00e1lcool, por exemplo;&nbsp;<\/li>\n\n\n\n<li>Fazer a \u00faltima refei\u00e7\u00e3o tr\u00eas a quatro horas antes de dormir, para que a digest\u00e3o se processe antes do sono;&nbsp;<\/li>\n\n\n\n<li>N\u00e3o fazer exerc\u00edcios f\u00edsicos exaustivos ou executar tarefas &#8220;pesadas&#8221; antes de dormir;&nbsp;<\/li>\n\n\n\n<li>Tomar um banho morno relaxante antes de deitar para dormir;&nbsp;<\/li>\n\n\n\n<li>Evitar o uso de equipamentos eletr\u00f4nicos na cama (televis\u00e3o, celulares, etc.).<\/li>\n\n\n\n<li>Deixar o quarto de dormir o mais confort\u00e1vel poss\u00edvel (temperatura c\u00f4moda, aus\u00eancia de barulho e de luz, etc.). Usar travesseiro e colch\u00e3o adequados e confort\u00e1veis;<\/li>\n\n\n\n<li>Expor-se ao sol com frequ\u00eancia para ajudar a regular o ciclo dia-noite;&nbsp;<\/li>\n\n\n\n<li>Estabelecer um hor\u00e1rio fixo para dormir todas as noites e para acordar, mesmo aos finais de semana. Isso ajuda a regular o rel\u00f3gio biol\u00f3gico e far\u00e1 voc\u00ea dormir e acordar com mais facilidade;&nbsp;<\/li>\n\n\n\n<li>Procure evitar dormir por muito tempo ap\u00f3s o almo\u00e7o. Tire um cochilo de no m\u00e1ximo meia hora para n\u00e3o atrapalhar o sono noturno.<\/li>\n<\/ul>\n\n\n\n<p>Portanto, para se ter qualidade de vida durante a velhice o sono contribui de forma significativa para que haja harmonia entre o componente psicol\u00f3gico e o funcionamento fisiol\u00f3gico. Ao contr\u00e1rio, os dist\u00farbios do sono, silenciosamente ou no, podem interferir no contexto social, profissional e familiar, destacando-se a perda de emprego, o rompimento de rela\u00e7\u00f5es, comprometendo da sa\u00fade, desencadeando assim, poss\u00edveis problemas de ordem psiqui\u00e1trica, podendo levar o indiv\u00edduo ao \u00f3bito em casos graves.<\/p>\n\n\n\t\t<div data-elementor-type=\"section\" data-elementor-id=\"3414\" class=\"elementor elementor-3414\" data-elementor-post-type=\"elementor_library\">\n\t\t\t\t\t<section class=\"elementor-section elementor-top-section elementor-element elementor-element-bba2a7b elementor-section-boxed elementor-section-height-default elementor-section-height-default\" data-id=\"bba2a7b\" data-element_type=\"section\" data-e-type=\"section\">\n\t\t\t\t\t\t<div class=\"elementor-container elementor-column-gap-default\">\n\t\t\t\t\t<div class=\"elementor-column elementor-col-100 elementor-top-column elementor-element elementor-element-a39b97d\" data-id=\"a39b97d\" data-element_type=\"column\" data-e-type=\"column\">\n\t\t\t<div class=\"elementor-widget-wrap elementor-element-populated\">\n\t\t\t\t\t\t<div class=\"elementor-element elementor-element-7b06e35 elementor-widget elementor-widget-button\" data-id=\"7b06e35\" data-element_type=\"widget\" data-e-type=\"widget\" data-widget_type=\"button.default\">\n\t\t\t\t<div class=\"elementor-widget-container\">\n\t\t\t\t\t\t\t\t\t<div class=\"elementor-button-wrapper\">\n\t\t\t\t\t<a class=\"elementor-button elementor-button-link elementor-size-sm\" href=\"https:\/\/www.biologix.com.br\/paciente\/#busca-centros\" id=\"buscar-centro-credenciado\">\n\t\t\t\t\t\t<span class=\"elementor-button-content-wrapper\">\n\t\t\t\t\t\t\t\t\t<span class=\"elementor-button-text\">Buscar um centro credenciado<\/span>\n\t\t\t\t\t<\/span>\n\t\t\t\t\t<\/a>\n\t\t\t\t<\/div>\n\t\t\t\t\t\t\t\t<\/div>\n\t\t\t\t<\/div>\n\t\t\t\t\t<\/div>\n\t\t<\/div>\n\t\t\t\t\t<\/div>\n\t\t<\/section>\n\t\t\t\t<\/div>\n\t\t\n\n\n\n<p><\/p>\n\n\n\n<p><strong>IMPORTANTE: Somente profissionais de sa\u00fade devidamente habilitados podem diagnosticar doen\u00e7as, indicar tratamentos e receitar rem\u00e9dios. As informa\u00e7\u00f5es dispon\u00edveis neste blog possuem apenas car\u00e1ter educativo.<\/strong><\/p>\n","protected":false},"excerpt":{"rendered":"<p>Ao longo do processo de envelhecimento, ocorrem mudan\u00e7as psicol\u00f3gicas, sociais e f\u00edsicas. Nas mudan\u00e7as f\u00edsicas destaca-se o padr\u00e3o de sono, por estar entre as mais&hellip;<\/p>","protected":false},"author":2,"featured_media":3061,"comment_status":"closed","ping_status":"open","sticky":false,"template":"","format":"standard","meta":{"footnotes":""},"categories":[1],"tags":[23,5,25,124],"class_list":["post-3056","post","type-post","status-publish","format-standard","has-post-thumbnail","hentry","category-paciente","tag-apneia","tag-apneia-do-sono","tag-apneia-obstrutiva-do-sono","tag-envelhecimento"],"aioseo_notices":[],"_links":{"self":[{"href":"https:\/\/www.biologix.com.br\/en\/wp-json\/wp\/v2\/posts\/3056","targetHints":{"allow":["GET"]}}],"collection":[{"href":"https:\/\/www.biologix.com.br\/en\/wp-json\/wp\/v2\/posts"}],"about":[{"href":"https:\/\/www.biologix.com.br\/en\/wp-json\/wp\/v2\/types\/post"}],"author":[{"embeddable":true,"href":"https:\/\/www.biologix.com.br\/en\/wp-json\/wp\/v2\/users\/2"}],"replies":[{"embeddable":true,"href":"https:\/\/www.biologix.com.br\/en\/wp-json\/wp\/v2\/comments?post=3056"}],"version-history":[{"count":9,"href":"https:\/\/www.biologix.com.br\/en\/wp-json\/wp\/v2\/posts\/3056\/revisions"}],"predecessor-version":[{"id":13861,"href":"https:\/\/www.biologix.com.br\/en\/wp-json\/wp\/v2\/posts\/3056\/revisions\/13861"}],"wp:featuredmedia":[{"embeddable":true,"href":"https:\/\/www.biologix.com.br\/en\/wp-json\/wp\/v2\/media\/3061"}],"wp:attachment":[{"href":"https:\/\/www.biologix.com.br\/en\/wp-json\/wp\/v2\/media?parent=3056"}],"wp:term":[{"taxonomy":"category","embeddable":true,"href":"https:\/\/www.biologix.com.br\/en\/wp-json\/wp\/v2\/categories?post=3056"},{"taxonomy":"post_tag","embeddable":true,"href":"https:\/\/www.biologix.com.br\/en\/wp-json\/wp\/v2\/tags?post=3056"}],"curies":[{"name":"wp","href":"https:\/\/api.w.org\/{rel}","templated":true}]}}