{"id":3138,"date":"2020-07-30T10:20:24","date_gmt":"2020-07-30T13:20:24","guid":{"rendered":"https:\/\/www.biologix.com.br\/?p=3138"},"modified":"2024-12-27T17:22:15","modified_gmt":"2024-12-27T20:22:15","slug":"cresce-entre-dentistas-uso-de-equipamento-para-monitorar-disturbio-do-sono-dos-pacientes-durante-a-pandemia","status":"publish","type":"post","link":"https:\/\/www.biologix.com.br\/en\/2020\/07\/30\/cresce-entre-dentistas-uso-de-equipamento-para-monitorar-disturbio-do-sono-dos-pacientes-durante-a-pandemia\/","title":{"rendered":"Cresce entre dentistas uso de equipamento para monitorar dist\u00farbios do sono em pacientes durante a pandemia<br><span class='secondary-title'>Dentistas usam a solu\u00e7\u00e3o Biologix para medir a satura\u00e7\u00e3o do oxig\u00eanio em pacientes que sofrem com ronco e apneia<\/span>"},"content":{"rendered":"<p><strong><a href=\"https:\/\/www.biologix.com.br\/en\/2020\/09\/28\/seis-meses-de-pandemia-ronco-apneia-e-disturbios-do-sono-mais-evidentes\/\" target=\"_blank\" rel=\"noreferrer noopener\">Desde o in\u00edcio da quarentena imposta pela pandemia de Covid-19<\/a><\/strong>, t\u00eam crescido no Brasil os relatos de quadros de ansiedade e dist\u00farbios do sono. Essa preocupa\u00e7\u00e3o com a qualidade do sono est\u00e1 levando n\u00e3o s\u00f3 m\u00e9dicos, mas muitos dentistas a recorrerem ao <a rel=\"noreferrer noopener\" href=\"https:\/\/www.biologix.com.br\/en\/2020\/09\/10\/em-ano-de-pandemia-exames-do-sono-biologix-crescem-236\/\" target=\"_blank\"><strong>monitoramento digital por ox\u00edmetro<\/strong> <\/a>para avaliar e acompanhar o tratamento de casos de ronco e apneia obstrutiva do sono.<\/p>\n\n\n\n<!--more-->\n\n\n\n<p>Essa constata\u00e7\u00e3o \u00e9 da startup Biologix, <strong>que desenvolveu uma tecnologia exclusiva para estudos de dist\u00farbios do sono<\/strong>, especificamente o ronco e a apneia do sono. Entre maio e junho, <strong><a href=\"https:\/\/www.biologix.com.br\/en\/2020\/12\/05\/porque-devo-ter-olhos-atentos-para-a-apneia-obstrutiva-do-sono-aos\/\" target=\"_blank\" rel=\"noreferrer noopener\">houve um aumento de 50% na procura por parte de dentistas pela solu\u00e7\u00e3o desenvolvida pela Biologix<\/a><\/strong>. \u00c9 comum esses profissionais ouvirem em seus consult\u00f3rios relatos de pessoas que n\u00e3o conseguem dormir bem, normalmente relacionado a casos de<strong><a href=\"https:\/\/www.biologix.com.br\/en\/2020\/07\/03\/bruxismo-do-sono\/\" target=\"_blank\" rel=\"noreferrer noopener\"> \u2018bruxismo\u2019<\/a><\/strong> ou de dores na ATM (Articula\u00e7\u00e3o Temporomandibular), mas que tamb\u00e9m em muitos casos sofrem com o <strong><a href=\"https:\/\/www.biologix.com.br\/en\/2020\/02\/05\/ronco-alto-e-frequente-entenda-como-o-ronco-pode-afetar-a-sua-qualidade-de-vida\/\" target=\"_blank\" rel=\"noreferrer noopener\">snoring<\/a><\/strong> e apneia do sono.<\/p>\n\n\n\t\t<div data-elementor-type=\"section\" data-elementor-id=\"3430\" class=\"elementor elementor-3430\" data-elementor-post-type=\"elementor_library\">\n\t\t\t\t\t<section class=\"elementor-section elementor-top-section elementor-element elementor-element-0aae773 elementor-section-boxed elementor-section-height-default elementor-section-height-default\" data-id=\"0aae773\" data-element_type=\"section\" data-e-type=\"section\">\n\t\t\t\t\t\t<div class=\"elementor-container elementor-column-gap-default\">\n\t\t\t\t\t<div class=\"elementor-column elementor-col-100 elementor-top-column elementor-element elementor-element-15740c0\" data-id=\"15740c0\" data-element_type=\"column\" data-e-type=\"column\">\n\t\t\t<div class=\"elementor-widget-wrap elementor-element-populated\">\n\t\t\t\t\t\t<section class=\"elementor-section elementor-inner-section elementor-element elementor-element-c9165c4 elementor-section-boxed elementor-section-height-default elementor-section-height-default\" data-id=\"c9165c4\" data-element_type=\"section\" data-e-type=\"section\">\n\t\t\t\t\t\t<div class=\"elementor-container elementor-column-gap-default\">\n\t\t\t\t\t<div class=\"elementor-column elementor-col-50 elementor-inner-column elementor-element elementor-element-55d21cc\" data-id=\"55d21cc\" data-element_type=\"column\" data-e-type=\"column\">\n\t\t\t<div class=\"elementor-widget-wrap elementor-element-populated\">\n\t\t\t\t\t\t<div class=\"elementor-element elementor-element-0180177 elementor-align-justify elementor-widget elementor-widget-button\" data-id=\"0180177\" data-element_type=\"widget\" data-e-type=\"widget\" data-widget_type=\"button.default\">\n\t\t\t\t<div class=\"elementor-widget-container\">\n\t\t\t\t\t\t\t\t\t<div class=\"elementor-button-wrapper\">\n\t\t\t\t\t<a class=\"elementor-button elementor-button-link elementor-size-sm\" href=\"https:\/\/api.whatsapp.com\/send\/?phone=5511963746007&#038;text=Ol%C3%A1%21+Sou+profissional+de+sa%C3%BAde+e+tenho+interesse+em+saber+mais+sobre+como+posso+me+tornar+um+centro+credenciado+Biologix.&#038;type=phone_number&#038;app_absent=0\">\n\t\t\t\t\t\t<span class=\"elementor-button-content-wrapper\">\n\t\t\t\t\t\t\t\t\t<span class=\"elementor-button-text\">Talk to a consultant<\/span>\n\t\t\t\t\t<\/span>\n\t\t\t\t\t<\/a>\n\t\t\t\t<\/div>\n\t\t\t\t\t\t\t\t<\/div>\n\t\t\t\t<\/div>\n\t\t\t\t\t<\/div>\n\t\t<\/div>\n\t\t\t\t<div class=\"elementor-column elementor-col-50 elementor-inner-column elementor-element elementor-element-4bb7811\" data-id=\"4bb7811\" data-element_type=\"column\" data-e-type=\"column\">\n\t\t\t<div class=\"elementor-widget-wrap elementor-element-populated\">\n\t\t\t\t\t\t<div class=\"elementor-element elementor-element-be95e67 elementor-align-justify elementor-widget elementor-widget-button\" data-id=\"be95e67\" data-element_type=\"widget\" data-e-type=\"widget\" data-widget_type=\"button.default\">\n\t\t\t\t<div class=\"elementor-widget-container\">\n\t\t\t\t\t\t\t\t\t<div class=\"elementor-button-wrapper\">\n\t\t\t\t\t<a class=\"elementor-button elementor-button-link elementor-size-sm\" href=\"https:\/\/www.biologix.com.br\/en\/todos-os-conteudos\/\">\n\t\t\t\t\t\t<span class=\"elementor-button-content-wrapper\">\n\t\t\t\t\t\t\t\t\t<span class=\"elementor-button-text\">Related content<\/span>\n\t\t\t\t\t<\/span>\n\t\t\t\t\t<\/a>\n\t\t\t\t<\/div>\n\t\t\t\t\t\t\t\t<\/div>\n\t\t\t\t<\/div>\n\t\t\t\t\t<\/div>\n\t\t<\/div>\n\t\t\t\t\t<\/div>\n\t\t<\/section>\n\t\t\t\t\t<\/div>\n\t\t<\/div>\n\t\t\t\t\t<\/div>\n\t\t<\/section>\n\t\t\t\t<\/div>\n\t\t\n\n\n\n<p><strong>O sistema Biologix oferece uma plataforma online, ou seja, um monitoramento digital que permite que profissionais de sa\u00fade forne\u00e7am a seus pacientes um exame do sono simplificado, de baixo custo e que pode ser feito no conforto de casa<\/strong>.&nbsp; A solu\u00e7\u00e3o baseia-se em um sensor sem fio&nbsp; &#8211; um ox\u00edmetro &#8211; e um aplicativo, que ser\u00e3o usados pelo paciente e conectado via Bluetooth com a central em nuvem, todos criados pela Biologix. Esse sensor \u00e9 colocado no dedo e fixado com uma fita para garantir que n\u00e3o solte. Al\u00e9m disso, o dentista ter\u00e1 \u00e0 sua disposi\u00e7\u00e3o o diagn\u00f3stico do exame feito pela Biologix.<\/p>\n\n\n\t\t<div data-elementor-type=\"section\" data-elementor-id=\"587\" class=\"elementor elementor-587\" data-elementor-post-type=\"elementor_library\">\n\t\t\t\t\t<section class=\"elementor-section elementor-top-section elementor-element elementor-element-4d0649a elementor-section-boxed elementor-section-height-default elementor-section-height-default\" data-id=\"4d0649a\" data-element_type=\"section\" data-e-type=\"section\">\n\t\t\t\t\t\t<div class=\"elementor-container elementor-column-gap-default\">\n\t\t\t\t\t<div class=\"elementor-column elementor-col-100 elementor-top-column elementor-element elementor-element-9d36ab1\" data-id=\"9d36ab1\" data-element_type=\"column\" data-e-type=\"column\">\n\t\t\t<div class=\"elementor-widget-wrap elementor-element-populated\">\n\t\t\t\t\t\t<div class=\"elementor-element elementor-element-c0177f3 elementor-widget elementor-widget-html\" data-id=\"c0177f3\" data-element_type=\"widget\" data-e-type=\"widget\" data-widget_type=\"html.default\">\n\t\t\t\t<div class=\"elementor-widget-container\">\n\t\t\t\t\t<div role=\"main\" id=\"site-inscricao-receber-conteudo-66a2c8b9048f99353f18\"><\/div><script type=\"text\/javascript\" src=\"https:\/\/d335luupugsy2.cloudfront.net\/js\/rdstation-forms\/stable\/rdstation-forms.min.js\"><\/script><script type=\"text\/javascript\"> new RDStationForms('site-inscricao-receber-conteudo-66a2c8b9048f99353f18', 'UA-128422573-1').createForm();<\/script>\t\t\t\t<\/div>\n\t\t\t\t<\/div>\n\t\t\t\t\t<\/div>\n\t\t<\/div>\n\t\t\t\t\t<\/div>\n\t\t<\/section>\n\t\t\t\t<\/div>\n\t\t\n\n\n\n<p>Em webinar promovido pela Biologix, o professor doutor em Odontologia do Sono Walter Silva J\u00fanior comentou sobre como o dentista pode atuar para ajudar o paciente a detectar esse tipo de dist\u00farbio de sono, j\u00e1 que \u00e0s vezes a pessoa apresenta os efeitos da apneia, quando n\u00e3o h\u00e1 qualidade de sono, mas n\u00e3o sabe que possui esse problema.<\/p>\n\n\n\n<p>Um estudo da revista cient\u00edfica Lancet apontou que o Brasil tem 49 milh\u00f5es de pessoas com dist\u00farbios do sono. Devido \u00e0 car\u00eancia de aparelhos para realizar a polissonografia, exame espec\u00edfico para diagnosticar apneia e ronco, estima-se que levaria um tempo de quase 50 anos para que todos os potenciais pacientes fossem identificados.<\/p>\n\n\n\n<p>Walter Silva Jr. explicou que por essa raz\u00e3o a oximetria pode ser uma grande aliada da odontologia do sono. H\u00e1 casos em que o tratamento pode ser recomendado pelo pr\u00f3prio dentista, com a indica\u00e7\u00e3o, por exemplo, dos aparelhos intraorais (placas odontol\u00f3gicas), similares \u00e0s usadas no tratamento de \u2018bruxismo\u2019. Ou ent\u00e3o, o dentista pode encaminhar o paciente para outros profissionais de sa\u00fade.<\/p>\n\n\n\n<p>O professor lembrou ainda que pessoas com dist\u00farbios do sono podem sofrer uma s\u00e9rie de efeitos, como <strong><a rel=\"noreferrer noopener\" href=\"https:\/\/www.biologix.com.br\/en\/2020\/09\/16\/apneia-do-sono-e-obesidade\/\" target=\"_blank\">ganho de peso,<\/a> <a rel=\"noreferrer noopener\" href=\"https:\/\/www.biologix.com.br\/en\/2020\/03\/12\/apneia-do-sono-afeta-saude-mental-e-pode-causar-depressao\/\" target=\"_blank\">altera\u00e7\u00e3o do humor,<\/a> <a rel=\"noreferrer noopener\" href=\"https:\/\/www.biologix.com.br\/en\/2020\/03\/13\/relacao-entre-apneia-do-sono-e-refluxo\/\" target=\"_blank\">doen\u00e7a de refluxo associado<\/a><\/strong>, entre outros, por isso \u00e9 fundamental tratar a causa.<\/p>\n\n\n\n<p><strong>\u201c<a rel=\"noreferrer noopener\" href=\"https:\/\/www.biologix.com.br\/en\/2020\/08\/01\/a-importancia-da-odontologia-na-triagem-e-tratamento-da-apneia-obstrutiva-do-sono\/\" target=\"_blank\">O dentista tem um papel muito importante na \u00e1rea do sono<\/a>,<\/strong> que \u00e9 o de investigar, tratar, monitorar, orientar e encaminhar pacientes que sofram com dificuldade para dormir ou ter boa qualidade do sono\u201d, explicou.<\/p>\n\n\n\n<h2 class=\"wp-block-heading\">Biologix e a sua solu\u00e7\u00e3o para o diagn\u00f3stico de dist\u00farbios do sono<\/h2>\n\n\n\n<p>A Biologix \u00e9 uma startup brasileira, fundada em 2015 e com sede em S\u00e3o Paulo. A empresa foi criada com o objetivo de revolucionar o diagn\u00f3stico do ronco e apneia obstrutiva do sono (AOS), a fim de refor\u00e7ar a import\u00e2ncia e o impacto da apneia na qualidade de vida da popula\u00e7\u00e3o. Por meio de uma solu\u00e7\u00e3o ligada a um aplicativo no celular, eles t\u00eam ampliado o n\u00famero de exames em pacientes, que obt\u00e9m o seu diagnostico r\u00e1pido, sem sair de casa.<\/p>\n\n\n\n<p>Com a cria\u00e7\u00e3o aprovada pela Anvisa (Ag\u00eancia Nacional de Vigil\u00e2ncia Sanit\u00e1ria), o ox\u00edmetro da Biologix detecta quantos eventos de queda de oxigena\u00e7\u00e3o ocorreram por hora e envia, por meio de Bluetooth, ao aplicativo instalado no smartphone do paciente, dispensando a necessidade de fios. Devido ao uso da transmiss\u00e3o via Bluetooth, a empresa conta tamb\u00e9m com aprova\u00e7\u00e3o da Ag\u00eancia Nacional de Telecomunica\u00e7\u00f5es (Anatel). Al\u00e9m disso, j\u00e1 passou por um processo de valida\u00e7\u00e3o no Instituto do Cora\u00e7\u00e3o (InCor).<\/p>\n\n\n\n<p><a rel=\"noreferrer noopener\" href=\"https:\/\/www.biologix.com.br\/en\/2020\/06\/15\/tipos-de-apneia-do-sono\/\" target=\"_blank\"><strong>A apneia<\/strong><\/a> \u00e9 caracterizada por paradas respirat\u00f3rias durante o sono causadas por interrup\u00e7\u00f5es das vias a\u00e9reas superiores, normalmente acompanhada de ronco alto e frequente e redu\u00e7\u00e3o da satura\u00e7\u00e3o de oxig\u00eanio no sangue. De acordo com dados do EPISONO, projeto de pesquisa \u00fanico no mundo, realizado pelo Instituto do Sono para verificar a qualidade do sono da popula\u00e7\u00e3o da cidade de S\u00e3o Paulo, 42% dos paulistanos roncam e 33% s\u00e3o portadores de apneia.<\/p>\n\n\n\n<p>\u201cUma queda de 3% do n\u00edvel de oxigena\u00e7\u00e3o sangu\u00ednea j\u00e1 indica a ocorr\u00eancia de apneia. Nos casos mais graves, a oxigena\u00e7\u00e3o chega a cair 25%. E isso v\u00e1rias vezes por noite. As repetidas pausas na respira\u00e7\u00e3o levam \u00e0 diminui\u00e7\u00e3o do fluxo de oxig\u00eanio para o cora\u00e7\u00e3o e o c\u00e9rebro, o que aumenta a press\u00e3o arterial e pulmonar, desencadeia processos inflamat\u00f3rios (que podem dar in\u00edcio a doen\u00e7as) e eleva o risco de AVC (Acidente Vascular Cerebral e infarto)\u201d, explica o engenheiro eletr\u00f4nico e fundador da Biologix, T\u00e1cito de Almeida, que acredita e defende a praticidade do modelo atual.<\/p>\n\n\n\n<p>\u201cA polissonografia exige que o paciente durma uma noite em cl\u00ednica ou hospital com v\u00e1rios eletrodos presos ao corpo. Um exame desconfort\u00e1vel e dif\u00edcil agendamento at\u00e9 por conta da rotina das pessoas. Por isso, n\u00f3s criamos essa metodologia, que leva o exame para a casa do paciente\u201d, diz Almeida.<\/p>\n\n\n\n<p>Os fundadores da empresa s\u00e3o o engenheiro el\u00e9trico, <strong>T\u00e1cito de Almeida<\/strong>, e o m\u00e9dico <strong>Geraldo Lorenzi Filho<\/strong>, pneumologista pela FMUSP, doutorado pela FMUSP, p\u00f3s-doutorado medicina do sono pela Universidade de Toronto, Livre Doc\u00eancia em pneumologia e medicina do sono, diretor do laborat\u00f3rio do sono do InCor e vice-presidente da Associa\u00e7\u00e3o Brasileira do Sono.<\/p>","protected":false},"excerpt":{"rendered":"<p>Desde o in\u00edcio da quarentena imposta pela pandemia de Covid-19, t\u00eam crescido no Brasil os relatos de quadros de ansiedade e dist\u00farbios do sono. Essa&hellip;<\/p>","protected":false},"author":11,"featured_media":11612,"comment_status":"closed","ping_status":"open","sticky":false,"template":"","format":"standard","meta":{"footnotes":""},"categories":[13,12],"tags":[5,89,29,9],"class_list":["post-3138","post","type-post","status-publish","format-standard","has-post-thumbnail","hentry","category-odontologia","category-profissional-de-saude","tag-apneia-do-sono","tag-dentista","tag-polissonografia","tag-sono"],"aioseo_notices":[],"_links":{"self":[{"href":"https:\/\/www.biologix.com.br\/en\/wp-json\/wp\/v2\/posts\/3138","targetHints":{"allow":["GET"]}}],"collection":[{"href":"https:\/\/www.biologix.com.br\/en\/wp-json\/wp\/v2\/posts"}],"about":[{"href":"https:\/\/www.biologix.com.br\/en\/wp-json\/wp\/v2\/types\/post"}],"author":[{"embeddable":true,"href":"https:\/\/www.biologix.com.br\/en\/wp-json\/wp\/v2\/users\/11"}],"replies":[{"embeddable":true,"href":"https:\/\/www.biologix.com.br\/en\/wp-json\/wp\/v2\/comments?post=3138"}],"version-history":[{"count":13,"href":"https:\/\/www.biologix.com.br\/en\/wp-json\/wp\/v2\/posts\/3138\/revisions"}],"predecessor-version":[{"id":13004,"href":"https:\/\/www.biologix.com.br\/en\/wp-json\/wp\/v2\/posts\/3138\/revisions\/13004"}],"wp:featuredmedia":[{"embeddable":true,"href":"https:\/\/www.biologix.com.br\/en\/wp-json\/wp\/v2\/media\/11612"}],"wp:attachment":[{"href":"https:\/\/www.biologix.com.br\/en\/wp-json\/wp\/v2\/media?parent=3138"}],"wp:term":[{"taxonomy":"category","embeddable":true,"href":"https:\/\/www.biologix.com.br\/en\/wp-json\/wp\/v2\/categories?post=3138"},{"taxonomy":"post_tag","embeddable":true,"href":"https:\/\/www.biologix.com.br\/en\/wp-json\/wp\/v2\/tags?post=3138"}],"curies":[{"name":"wp","href":"https:\/\/api.w.org\/{rel}","templated":true}]}}