{"id":3176,"date":"2020-08-24T10:00:00","date_gmt":"2020-08-24T13:00:00","guid":{"rendered":"https:\/\/www.biologix.com.br\/?p=3176"},"modified":"2024-12-27T18:23:41","modified_gmt":"2024-12-27T21:23:41","slug":"pandemia-requer-atencao-com-o-sono","status":"publish","type":"post","link":"https:\/\/www.biologix.com.br\/en\/2020\/08\/24\/pandemia-requer-atencao-com-o-sono\/","title":{"rendered":"Pandemia requer aten\u00e7\u00e3o com o sono<br><span class='secondary-title'>Entenda as dificuldades com o sono nos momentos atuais.<\/span>"},"content":{"rendered":"<p>O estado emocional provocado pelas circunst\u00e2ncias envolvendo a <a href=\"https:\/\/www.biologix.com.br\/en\/2020\/09\/10\/em-ano-de-pandemia-exames-do-sono-biologix-crescem-236\/\" target=\"_blank\" rel=\"noreferrer noopener\">pandemia da Covid-1<\/a>9 est\u00e1 aumentando os casos de dist\u00farbios do sono, o que requer mais aten\u00e7\u00e3o e cuidado em rela\u00e7\u00e3o \u00e0 sa\u00fade.<\/p>\n\n\n\n<!--more-->\n\n\n\n<p><a href=\"https:\/\/www.biologix.com.br\/en\/2020\/04\/07\/startup-brasileira-tem-solucao-para-monitoramento-remoto-de-pacientes-com-covid-19\/\" target=\"_blank\" rel=\"noreferrer noopener\">A pandemia<\/a> trouxe preocupa\u00e7\u00f5es como risco de adoecer, luto pela perda de familiares e amigos, preocupa\u00e7\u00e3o sobre trabalho e renda. Todos estes estressores contribuem para o aparecimento ou agravamento dos sintomas de ins\u00f4nia. Al\u00e9m disso, a imposi\u00e7\u00e3o do isolamento social modificou a rotina das pessoas, em termos da regularidade dos hor\u00e1rios de acordar e dormir, a exposi\u00e7\u00e3o ao sol, a pr\u00e1tica de atividade f\u00edsica e as atividades sociais. Sendo mais um ponto adicional para a piora do sono.<\/p>\n\n\n\n<p>Os reflexos dessas mudan\u00e7as est\u00e3o na<a href=\"https:\/\/www.biologix.com.br\/en\/2020\/02\/05\/perda-da-produtividade-o-impacto-do-sono-na-produtividade\/\" target=\"_blank\" rel=\"noreferrer noopener\"> piora da produtividade,<\/a> <a href=\"https:\/\/www.biologix.com.br\/en\/2020\/02\/05\/dificuldade-de-concentracao-o-que-pode-ser-e-o-que-fazer\/\" target=\"_blank\" rel=\"noreferrer noopener\">difficulty concentrating<\/a>, maior irritabilidade, dor de cabe\u00e7a matinal, <a href=\"https:\/\/www.biologix.com.br\/en\/2020\/02\/05\/comprometimento-da-memoria-falhas-na-memoria-exigem-investigacao\/\" target=\"_blank\" rel=\"noreferrer noopener\">perda da mem\u00f3ria<\/a> e cansa\u00e7o extremo. Aqui uma dica \u00e9 se afastar um pouco das not\u00edcias e estabelecer uma rotina que priorize o sono e n\u00e3o sobrecarregue as tarefas dom\u00e9sticas e de trabalho. E n\u00e3o pare de se comunicar com seus amigos e familiares. \u00c9 o momento de trabalhar a resili\u00eancia.<\/p>\n\n\n\t\t<div data-elementor-type=\"section\" data-elementor-id=\"587\" class=\"elementor elementor-587\" data-elementor-post-type=\"elementor_library\">\n\t\t\t\t\t<section class=\"elementor-section elementor-top-section elementor-element elementor-element-4d0649a elementor-section-boxed elementor-section-height-default elementor-section-height-default\" data-id=\"4d0649a\" data-element_type=\"section\" data-e-type=\"section\">\n\t\t\t\t\t\t<div class=\"elementor-container elementor-column-gap-default\">\n\t\t\t\t\t<div class=\"elementor-column elementor-col-100 elementor-top-column elementor-element elementor-element-9d36ab1\" data-id=\"9d36ab1\" data-element_type=\"column\" data-e-type=\"column\">\n\t\t\t<div class=\"elementor-widget-wrap elementor-element-populated\">\n\t\t\t\t\t\t<div class=\"elementor-element elementor-element-c0177f3 elementor-widget elementor-widget-html\" data-id=\"c0177f3\" data-element_type=\"widget\" data-e-type=\"widget\" data-widget_type=\"html.default\">\n\t\t\t\t<div class=\"elementor-widget-container\">\n\t\t\t\t\t<div role=\"main\" id=\"site-inscricao-receber-conteudo-66a2c8b9048f99353f18\"><\/div><script type=\"text\/javascript\" src=\"https:\/\/d335luupugsy2.cloudfront.net\/js\/rdstation-forms\/stable\/rdstation-forms.min.js\"><\/script><script type=\"text\/javascript\"> new RDStationForms('site-inscricao-receber-conteudo-66a2c8b9048f99353f18', 'UA-128422573-1').createForm();<\/script>\t\t\t\t<\/div>\n\t\t\t\t<\/div>\n\t\t\t\t\t<\/div>\n\t\t<\/div>\n\t\t\t\t\t<\/div>\n\t\t<\/section>\n\t\t\t\t<\/div>\n\t\t\n\n\n\n<p>S\u00e3o epis\u00f3dios de ins\u00f4nia, hipersonia, cochilos fora de hora, hor\u00e1rios desregrados para dormir e acordar, apneia do sono e microdespertares. H\u00e1 tamb\u00e9m relatos de uma atividade de sonhos mais intensa, especialmente de pesadelos.<\/p>\n\n\n\n<p>A curto prazo, esses dist\u00farbios podem deixar as pessoas mais suscet\u00edveis \u00e0 contamina\u00e7\u00e3o da <a href=\"https:\/\/www.biologix.com.br\/en\/2020\/04\/24\/artigo-do-new-york-times-reforca-a-importancia-do-oximetro-no-monitoramento-de-pacientes-com-covid-19\/\" target=\"_blank\" rel=\"noreferrer noopener\">Covid-19<\/a>, doen\u00e7a causada pelo coronav\u00edrus. Poucas horas dormindo e baixa continuidade do sono s\u00e3o fatores que deprimem o sistema imunol\u00f3gico.<\/p>\n\n\n\n<p>A longo prazo essas circunst\u00e2ncias podem provocar outras enfermidades como aumento do risco de diabetes, doen\u00e7as cardiovasculares e redu\u00e7\u00e3o da expectativa de vida, al\u00e9m de afetar a qualidade de vida dos pacientes com transtorno do sono.<\/p>\n\n\n\n<h2 class=\"wp-block-heading\">Fatores que podem impactar no sono<\/h2>\n\n\n\n<p>Existe uma s\u00e9rie de fatores que podem impactar uma boa noite de sono. As duas mais importantes, segundo Hernando P\u00e9rez, neurologista do Centro de Neurologia Avan\u00e7ada da Espanha s\u00e3o o ciclo de luz e escurid\u00e3o e o desgaste f\u00edsico, disse em entrevista \u00e0 BBC.<\/p>\n\n\n\n<p>Para ajudar as pessoas que tiveram os h\u00e1bitos de sono alterados pela pandemia de coronav\u00edrus, a Sociedade Espanhola de Neurologia divulgou algumas orienta\u00e7\u00f5es:<\/p>\n\n\n\n<ul class=\"wp-block-list\">\n<li>Mantenha uma rotina: estabele\u00e7a um hor\u00e1rio fixo para dormir e respeite esse hor\u00e1rio. Para o c\u00e9rebro \u00e9 preciso ficar claro quando est\u00e1 acordado e quando n\u00e3o est\u00e1. Varia\u00e7\u00f5es constantes ou extremas da programa\u00e7\u00e3o n\u00e3o s\u00e3o recomendadas. Nesse momento intermedi\u00e1rio, ler, alongar e meditar podem contribuir, e at\u00e9 a\u00e7\u00f5es simples como escovar os dentes e colocar os pijamas j\u00e1 v\u00e3o condicionando o c\u00e9rebro a desacelerar. Outras dicas s\u00e3o manter o h\u00e1bito de tomar banho e trocar roupas mesmo que n\u00e3o saia de casa.<\/li>\n\n\n\n<li>A Cama \u00e9 somente para dormir: Especialistas alertam para a import\u00e2ncia de criar uma associa\u00e7\u00e3o entre cama e sono. Em outras palavras, trabalhar e assistir s\u00e9ries devem ser feitos em outros espa\u00e7os da casa.<\/li>\n\n\n\n<li>Se n\u00e3o estiver com sono, saia da cama, procure um lugar tranquilo para relaxar e volte para a cama quando o sono vier.<\/li>\n\n\n\n<li>Evite atividades estressantes e pensamentos preocupantes durante a noite, deixe estes momentos para a manh\u00e3 ou tarde.<\/li>\n\n\n\n<li>Se exponha ao Sol: Para o ciclo de sono, \u00e9 importante passar parte do dia frente \u00e0 luz natural. Isso significa tanto sair de casa brevemente, se poss\u00edvel, quanto manter as janelas sempre bem abertas. E cuidado frente \u00e0s telas digitais: a luz azul dos equipamentos eletr\u00f4nicos interfere o ciclo de sono. \u00c9 recomendado evitar o uso deles uma hora antes de dormir ou usar ferramentas que reduzem a emiss\u00e3o da luz azul.<\/li>\n\n\n\n<li>Pratique atividades f\u00edsicas: Se for poss\u00edvel, caminhe ao ar livre mantendo uma dist\u00e2ncia segura das demais pessoas. H\u00e1 diversas academias, professores de yoga e est\u00fadios de dan\u00e7a oferecendo aulas gratuitas no per\u00edodo da quarentena. Por mais que cochilos possam ser ben\u00e9ficos para algumas pessoas, \u00e9 recomend\u00e1vel evitar longos per\u00edodos ou mesmo curtos em hor\u00e1rios mais tardios. Vale consumir a energia do dia para estar naturalmente cansado \u00e0 noite.<\/li>\n\n\n\n<li>Fa\u00e7a uso de t\u00e9cnicas de relaxamento: Respira\u00e7\u00e3o profunda, medita\u00e7\u00e3o, yoga, m\u00fasica relaxante e leitura s\u00e3o algumas t\u00e9cnicas recomendadas para melhorar o sono.<\/li>\n\n\n\n<li>Alimenta\u00e7\u00e3o saud\u00e1vel: Evite tomar muito caf\u00e9 ou \u00e1lcool.<\/li>\n<\/ul>\n\n\n\n<p>N\u00e3o recorra a automedica\u00e7\u00e3o para tentar solucionar os problemas relacionados ao sono. O uso de qualquer medicamento deve ser feito com orienta\u00e7\u00e3o m\u00e9dica, principalmente, sedativos que podem se associar a eventos adversos como sonol\u00eancia residual durante o dia, risco de quedas, impacto sobre o racioc\u00ednio e mem\u00f3ria, al\u00e9m de, em alguns casos, se associarem ao risco de abuso e depend\u00eancia.<\/p>\n\n\n\n<p>\u00c9 fundamental que um m\u00e9dico seja consultado sempre que houver problemas recorrentes de sono. Dormir mal n\u00e3o \u00e9 normal. Se cuide!<\/p>\n\n\n\t\t<div data-elementor-type=\"section\" data-elementor-id=\"3414\" class=\"elementor elementor-3414\" data-elementor-post-type=\"elementor_library\">\n\t\t\t\t\t<section class=\"elementor-section elementor-top-section elementor-element elementor-element-bba2a7b elementor-section-boxed elementor-section-height-default elementor-section-height-default\" data-id=\"bba2a7b\" data-element_type=\"section\" data-e-type=\"section\">\n\t\t\t\t\t\t<div class=\"elementor-container elementor-column-gap-default\">\n\t\t\t\t\t<div class=\"elementor-column elementor-col-100 elementor-top-column elementor-element elementor-element-a39b97d\" data-id=\"a39b97d\" data-element_type=\"column\" data-e-type=\"column\">\n\t\t\t<div class=\"elementor-widget-wrap elementor-element-populated\">\n\t\t\t\t\t\t<div class=\"elementor-element elementor-element-7b06e35 elementor-widget elementor-widget-button\" data-id=\"7b06e35\" data-element_type=\"widget\" data-e-type=\"widget\" data-widget_type=\"button.default\">\n\t\t\t\t<div class=\"elementor-widget-container\">\n\t\t\t\t\t\t\t\t\t<div class=\"elementor-button-wrapper\">\n\t\t\t\t\t<a class=\"elementor-button elementor-button-link elementor-size-sm\" href=\"https:\/\/www.biologix.com.br\/en\/paciente\/#busca-centros\" id=\"buscar-centro-credenciado\">\n\t\t\t\t\t\t<span class=\"elementor-button-content-wrapper\">\n\t\t\t\t\t\t\t\t\t<span class=\"elementor-button-text\">Look for an accredited center<\/span>\n\t\t\t\t\t<\/span>\n\t\t\t\t\t<\/a>\n\t\t\t\t<\/div>\n\t\t\t\t\t\t\t\t<\/div>\n\t\t\t\t<\/div>\n\t\t\t\t\t<\/div>\n\t\t<\/div>\n\t\t\t\t\t<\/div>\n\t\t<\/section>\n\t\t\t\t<\/div>","protected":false},"excerpt":{"rendered":"<p>O estado emocional provocado pelas circunst\u00e2ncias envolvendo a pandemia da Covid-19 est\u00e1 aumentando os casos de dist\u00farbios do sono, o que requer mais aten\u00e7\u00e3o e&hellip;<\/p>","protected":false},"author":2,"featured_media":3179,"comment_status":"closed","ping_status":"open","sticky":false,"template":"","format":"standard","meta":{"footnotes":""},"categories":[1],"tags":[5,25,73,28,136,137,9],"class_list":["post-3176","post","type-post","status-publish","format-standard","has-post-thumbnail","hentry","category-paciente","tag-apneia-do-sono","tag-apneia-obstrutiva-do-sono","tag-covid-19","tag-dificuldade-para-dormir","tag-domir","tag-piora-na-produtividade","tag-sono"],"aioseo_notices":[],"_links":{"self":[{"href":"https:\/\/www.biologix.com.br\/en\/wp-json\/wp\/v2\/posts\/3176","targetHints":{"allow":["GET"]}}],"collection":[{"href":"https:\/\/www.biologix.com.br\/en\/wp-json\/wp\/v2\/posts"}],"about":[{"href":"https:\/\/www.biologix.com.br\/en\/wp-json\/wp\/v2\/types\/post"}],"author":[{"embeddable":true,"href":"https:\/\/www.biologix.com.br\/en\/wp-json\/wp\/v2\/users\/2"}],"replies":[{"embeddable":true,"href":"https:\/\/www.biologix.com.br\/en\/wp-json\/wp\/v2\/comments?post=3176"}],"version-history":[{"count":6,"href":"https:\/\/www.biologix.com.br\/en\/wp-json\/wp\/v2\/posts\/3176\/revisions"}],"predecessor-version":[{"id":13015,"href":"https:\/\/www.biologix.com.br\/en\/wp-json\/wp\/v2\/posts\/3176\/revisions\/13015"}],"wp:featuredmedia":[{"embeddable":true,"href":"https:\/\/www.biologix.com.br\/en\/wp-json\/wp\/v2\/media\/3179"}],"wp:attachment":[{"href":"https:\/\/www.biologix.com.br\/en\/wp-json\/wp\/v2\/media?parent=3176"}],"wp:term":[{"taxonomy":"category","embeddable":true,"href":"https:\/\/www.biologix.com.br\/en\/wp-json\/wp\/v2\/categories?post=3176"},{"taxonomy":"post_tag","embeddable":true,"href":"https:\/\/www.biologix.com.br\/en\/wp-json\/wp\/v2\/tags?post=3176"}],"curies":[{"name":"wp","href":"https:\/\/api.w.org\/{rel}","templated":true}]}}