{"id":3641,"date":"2020-09-16T16:43:29","date_gmt":"2020-09-16T19:43:29","guid":{"rendered":"https:\/\/www.biologix.com.br\/?p=3641"},"modified":"2025-08-18T16:31:01","modified_gmt":"2025-08-18T19:31:01","slug":"apneia-do-sono-e-obesidade","status":"publish","type":"post","link":"https:\/\/www.biologix.com.br\/en\/2020\/09\/16\/apneia-do-sono-e-obesidade\/","title":{"rendered":"Apneia do sono e obesidade<br><span class='secondary-title'>Entenda a rela\u00e7\u00e3o entre a apneia do sono e a obesidade<\/span>"},"content":{"rendered":"<div data-elementor-type=\"wp-post\" data-elementor-id=\"3641\" class=\"elementor elementor-3641\" data-elementor-post-type=\"post\">\n\t\t\t\t<div class=\"elementor-element elementor-element-34d1c709 e-flex e-con-boxed e-con e-parent\" data-id=\"34d1c709\" data-element_type=\"container\" data-e-type=\"container\">\n\t\t\t\t\t<div class=\"e-con-inner\">\n\t\t\t\t<div class=\"elementor-element elementor-element-408287c9 elementor-widget elementor-widget-text-editor\" data-id=\"408287c9\" data-element_type=\"widget\" data-e-type=\"widget\" data-widget_type=\"text-editor.default\">\n\t\t\t\t<div class=\"elementor-widget-container\">\n\t\t\t\t\t\t\t\t\t\n<p><strong>A OMS (Organiza\u00e7\u00e3o Mundial de Sa\u00fade) afirma: a obesidade \u00e9 um dos mais graves problemas de sa\u00fade que temos para enfrentar.<\/strong> Em 2025, a estimativa \u00e9 de que 2,3 bilh\u00f5es de adultos ao redor do mundo estejam acima do peso, sendo 700 milh\u00f5es de indiv\u00edduos com obesidade, isto \u00e9, com um \u00edndice de massa corporal (IMC) acima de 30. No Brasil, essa doen\u00e7a cr\u00f4nica aumentou 67,8% nos \u00faltimos treze anos, saindo de 11,8% em 2006 para 19,8% em 2018.<\/p>\n\n<p><\/p><\/div><\/div><\/div><\/div><\/div> <a href=\"https:\/\/www.biologix.com.br\/en\/2020\/09\/16\/apneia-do-sono-e-obesidade\/#more-3641\" class=\"more-link elementor-more-link\"><span aria-label=\"Continue reading Apneia do sono e obesidadeEntenda a rela\u00e7\u00e3o entre a apneia do sono e a obesidade\">(more&hellip;)<\/span><\/a>","protected":false},"excerpt":{"rendered":"<p>A OMS (Organiza\u00e7\u00e3o Mundial de Sa\u00fade) afirma: a obesidade \u00e9 um dos mais graves problemas de sa\u00fade que temos para enfrentar. Em 2025, a estimativa&hellip;<\/p>","protected":false},"author":11,"featured_media":11548,"comment_status":"closed","ping_status":"open","sticky":false,"template":"","format":"standard","meta":{"footnotes":""},"categories":[162,12],"tags":[23,5,166,165,163,164],"class_list":["post-3641","post","type-post","status-publish","format-standard","has-post-thumbnail","hentry","category-endocrinologia-profissional-de-saude","category-profissional-de-saude","tag-apneia","tag-apneia-do-sono","tag-diagnostico","tag-endocrinologia","tag-obesidade","tag-saos"],"aioseo_notices":[],"_links":{"self":[{"href":"https:\/\/www.biologix.com.br\/en\/wp-json\/wp\/v2\/posts\/3641","targetHints":{"allow":["GET"]}}],"collection":[{"href":"https:\/\/www.biologix.com.br\/en\/wp-json\/wp\/v2\/posts"}],"about":[{"href":"https:\/\/www.biologix.com.br\/en\/wp-json\/wp\/v2\/types\/post"}],"author":[{"embeddable":true,"href":"https:\/\/www.biologix.com.br\/en\/wp-json\/wp\/v2\/users\/11"}],"replies":[{"embeddable":true,"href":"https:\/\/www.biologix.com.br\/en\/wp-json\/wp\/v2\/comments?post=3641"}],"version-history":[{"count":22,"href":"https:\/\/www.biologix.com.br\/en\/wp-json\/wp\/v2\/posts\/3641\/revisions"}],"predecessor-version":[{"id":13839,"href":"https:\/\/www.biologix.com.br\/en\/wp-json\/wp\/v2\/posts\/3641\/revisions\/13839"}],"wp:featuredmedia":[{"embeddable":true,"href":"https:\/\/www.biologix.com.br\/en\/wp-json\/wp\/v2\/media\/11548"}],"wp:attachment":[{"href":"https:\/\/www.biologix.com.br\/en\/wp-json\/wp\/v2\/media?parent=3641"}],"wp:term":[{"taxonomy":"category","embeddable":true,"href":"https:\/\/www.biologix.com.br\/en\/wp-json\/wp\/v2\/categories?post=3641"},{"taxonomy":"post_tag","embeddable":true,"href":"https:\/\/www.biologix.com.br\/en\/wp-json\/wp\/v2\/tags?post=3641"}],"curies":[{"name":"wp","href":"https:\/\/api.w.org\/{rel}","templated":true}]}}