{"id":3652,"date":"2020-09-10T12:38:31","date_gmt":"2020-09-10T15:38:31","guid":{"rendered":"https:\/\/www.biologix.com.br\/?p=3652"},"modified":"2024-12-30T14:57:00","modified_gmt":"2024-12-30T17:57:00","slug":"em-ano-de-pandemia-exames-do-sono-biologix-crescem-236","status":"publish","type":"post","link":"https:\/\/www.biologix.com.br\/en\/2020\/09\/10\/em-ano-de-pandemia-exames-do-sono-biologix-crescem-236\/","title":{"rendered":"Em ano de pandemia, exames do sono Biologix crescem 236%<br><span class='secondary-title'>O n\u00famero de exames de janeiro a julho de 2019 foram 2.063; este ano, no mesmo per\u00edodo, saltou para 6.932<\/span>"},"content":{"rendered":"<p><a href=\"https:\/\/www.biologix.com.br\/en\/2020\/09\/28\/seis-meses-de-pandemia-ronco-apneia-e-disturbios-do-sono-mais-evidentes\/\" target=\"_blank\" rel=\"noreferrer noopener\"><strong>A pandemia da Covid-19<\/strong><\/a> trouxe um relato muito comum nas conversas do dia a dia: dificuldades para dormir. Esses dist\u00farbios do sono podem ser uma das explica\u00e7\u00f5es para o registro de aumento de 236% nos exames Biologix este ano. O diferencial da Biologix \u00e9 que o paciente n\u00e3o precisa ir at\u00e9 um laborat\u00f3rio, sendo monitorado em sua pr\u00f3pria casa.<\/p>\n\n\n\n<!--more-->\n\n\n\n<p>A Biologix, uma startup de S\u00e3o Paulo, realizou de janeiro a julho de 2019 um total de 2063 exames do sono. J\u00e1 este ano, considerando o mesmo per\u00edodo dos sete primeiros meses, o aumento foi expressivo, saltando para 6.932 exames realizados.<\/p>\n\n\n\t\t<div data-elementor-type=\"section\" data-elementor-id=\"3430\" class=\"elementor elementor-3430\" data-elementor-post-type=\"elementor_library\">\n\t\t\t\t\t<section class=\"elementor-section elementor-top-section elementor-element elementor-element-0aae773 elementor-section-boxed elementor-section-height-default elementor-section-height-default\" data-id=\"0aae773\" data-element_type=\"section\" data-e-type=\"section\">\n\t\t\t\t\t\t<div class=\"elementor-container elementor-column-gap-default\">\n\t\t\t\t\t<div class=\"elementor-column elementor-col-100 elementor-top-column elementor-element elementor-element-15740c0\" data-id=\"15740c0\" data-element_type=\"column\" data-e-type=\"column\">\n\t\t\t<div class=\"elementor-widget-wrap elementor-element-populated\">\n\t\t\t\t\t\t<section class=\"elementor-section elementor-inner-section elementor-element elementor-element-c9165c4 elementor-section-boxed elementor-section-height-default elementor-section-height-default\" data-id=\"c9165c4\" data-element_type=\"section\" data-e-type=\"section\">\n\t\t\t\t\t\t<div class=\"elementor-container elementor-column-gap-default\">\n\t\t\t\t\t<div class=\"elementor-column elementor-col-50 elementor-inner-column elementor-element elementor-element-55d21cc\" data-id=\"55d21cc\" data-element_type=\"column\" data-e-type=\"column\">\n\t\t\t<div class=\"elementor-widget-wrap elementor-element-populated\">\n\t\t\t\t\t\t<div class=\"elementor-element elementor-element-0180177 elementor-align-justify elementor-widget elementor-widget-button\" data-id=\"0180177\" data-element_type=\"widget\" data-e-type=\"widget\" data-widget_type=\"button.default\">\n\t\t\t\t<div class=\"elementor-widget-container\">\n\t\t\t\t\t\t\t\t\t<div class=\"elementor-button-wrapper\">\n\t\t\t\t\t<a class=\"elementor-button elementor-button-link elementor-size-sm\" href=\"https:\/\/api.whatsapp.com\/send\/?phone=5511963746007&#038;text=Ol%C3%A1%21+Sou+profissional+de+sa%C3%BAde+e+tenho+interesse+em+saber+mais+sobre+como+posso+me+tornar+um+centro+credenciado+Biologix.&#038;type=phone_number&#038;app_absent=0\">\n\t\t\t\t\t\t<span class=\"elementor-button-content-wrapper\">\n\t\t\t\t\t\t\t\t\t<span class=\"elementor-button-text\">Talk to a consultant<\/span>\n\t\t\t\t\t<\/span>\n\t\t\t\t\t<\/a>\n\t\t\t\t<\/div>\n\t\t\t\t\t\t\t\t<\/div>\n\t\t\t\t<\/div>\n\t\t\t\t\t<\/div>\n\t\t<\/div>\n\t\t\t\t<div class=\"elementor-column elementor-col-50 elementor-inner-column elementor-element elementor-element-4bb7811\" data-id=\"4bb7811\" data-element_type=\"column\" data-e-type=\"column\">\n\t\t\t<div class=\"elementor-widget-wrap elementor-element-populated\">\n\t\t\t\t\t\t<div class=\"elementor-element elementor-element-be95e67 elementor-align-justify elementor-widget elementor-widget-button\" data-id=\"be95e67\" data-element_type=\"widget\" data-e-type=\"widget\" data-widget_type=\"button.default\">\n\t\t\t\t<div class=\"elementor-widget-container\">\n\t\t\t\t\t\t\t\t\t<div class=\"elementor-button-wrapper\">\n\t\t\t\t\t<a class=\"elementor-button elementor-button-link elementor-size-sm\" href=\"https:\/\/www.biologix.com.br\/en\/todos-os-conteudos\/\">\n\t\t\t\t\t\t<span class=\"elementor-button-content-wrapper\">\n\t\t\t\t\t\t\t\t\t<span class=\"elementor-button-text\">Related content<\/span>\n\t\t\t\t\t<\/span>\n\t\t\t\t\t<\/a>\n\t\t\t\t<\/div>\n\t\t\t\t\t\t\t\t<\/div>\n\t\t\t\t<\/div>\n\t\t\t\t\t<\/div>\n\t\t<\/div>\n\t\t\t\t\t<\/div>\n\t\t<\/section>\n\t\t\t\t\t<\/div>\n\t\t<\/div>\n\t\t\t\t\t<\/div>\n\t\t<\/section>\n\t\t\t\t<\/div>\n\t\t\n\n\n\n<p>Entre os fatores que explicam esse salto est\u00e1 a pandemia, j\u00e1 que os meses de junho e julho s\u00e3o os campe\u00f5es no comparativo entre 2019 e 2020. Em junho do ano passado, foram 416 exames do sono ante 1.168 realizados no mesmo per\u00edodo de 2020 \u2013 o que representa um aumento de 180%. J\u00e1 em julho de 2019, a Biologix realizou 568 exames do sono, enquanto este ano, nesse mesmo per\u00edodo, foram 1.782 &#8211; um salto de 213%.<\/p>\n\n\n\n<p>De acordo com o CEO da Biologix, T\u00e1cito de Almeida, o n\u00famero de exames deveria crescer naturalmente com o aumento da base instalada de sensores Oxistar\u00ae, mas chegou a cair em mar\u00e7o e em abril, per\u00edodo de in\u00edcio da quarentena no pa\u00eds. \u201cUma recupera\u00e7\u00e3o no n\u00famero de exames tamb\u00e9m era esperada ap\u00f3s o impacto inicial da pandemia, mas esta recupera\u00e7\u00e3o se deu forma muito acentuada, provavelmente devido \u00e0 Covid-19\u201d, afirmou.<\/p>\n\n\n\t\t<div data-elementor-type=\"section\" data-elementor-id=\"587\" class=\"elementor elementor-587\" data-elementor-post-type=\"elementor_library\">\n\t\t\t\t\t<section class=\"elementor-section elementor-top-section elementor-element elementor-element-4d0649a elementor-section-boxed elementor-section-height-default elementor-section-height-default\" data-id=\"4d0649a\" data-element_type=\"section\" data-e-type=\"section\">\n\t\t\t\t\t\t<div class=\"elementor-container elementor-column-gap-default\">\n\t\t\t\t\t<div class=\"elementor-column elementor-col-100 elementor-top-column elementor-element elementor-element-9d36ab1\" data-id=\"9d36ab1\" data-element_type=\"column\" data-e-type=\"column\">\n\t\t\t<div class=\"elementor-widget-wrap elementor-element-populated\">\n\t\t\t\t\t\t<div class=\"elementor-element elementor-element-c0177f3 elementor-widget elementor-widget-html\" data-id=\"c0177f3\" data-element_type=\"widget\" data-e-type=\"widget\" data-widget_type=\"html.default\">\n\t\t\t\t<div class=\"elementor-widget-container\">\n\t\t\t\t\t<div role=\"main\" id=\"site-inscricao-receber-conteudo-66a2c8b9048f99353f18\"><\/div><script type=\"text\/javascript\" src=\"https:\/\/d335luupugsy2.cloudfront.net\/js\/rdstation-forms\/stable\/rdstation-forms.min.js\"><\/script><script type=\"text\/javascript\"> new RDStationForms('site-inscricao-receber-conteudo-66a2c8b9048f99353f18', 'UA-128422573-1').createForm();<\/script>\t\t\t\t<\/div>\n\t\t\t\t<\/div>\n\t\t\t\t\t<\/div>\n\t\t<\/div>\n\t\t\t\t\t<\/div>\n\t\t<\/section>\n\t\t\t\t<\/div>\n\t\t\n\n\n\n<p>Segundo T\u00e1cito de Almeida, os laborat\u00f3rios e centros de sono foram fechados durante a pandemia e os m\u00e9dicos passaram a ver o exame da Biologix, realizado pela pessoa que ser\u00e1 monitorada em sua pr\u00f3pria casa, como uma alternativa muito importante para continuar atendendo os pacientes, de forma remota.<\/p>\n\n\n\n<p>\u201c<strong><a href=\"https:\/\/www.biologix.com.br\/en\/2020\/08\/26\/todos-os-medicos-agora-podem-detectar-apneia-do-sono-em-seus-pacientes\/\" target=\"_blank\" rel=\"noreferrer noopener\">At\u00e9 os m\u00e9dicos que tinham alguma resist\u00eancia ao exame da Biologix<\/a><\/strong> passaram a v\u00ea-lo como uma<strong> ferramenta pr\u00e1tica e precisa<\/strong>. Entendemos que este \u00e9 um movimento irrevers\u00edvel e o uso de todos os servi\u00e7os de telemedicina e telemonitoramento ser\u00e1 cada vez mais comum. O exame da Biologix, que se enquadra neste grupo de servi\u00e7os remotos, vai se consagrar cada vez mais\u201d, concluiu T\u00e1cito.<\/p>\n\n\n\n<p>Recentemente, o m\u00e9dico pneumologista Dr. Geraldo Lorenzi Filho, que \u00e9 membro da Biologix e Diretor do Laborat\u00f3rio do Sono do InCor do HCFMUSP, participou de um congresso da Resmed e apresentou esses n\u00fameros expressivos sobre aumento dos exames do sono, feitos em casa, como exemplo dessa tend\u00eancia de busca pela telemedicina.<\/p>\n\n\n\n<h2 class=\"wp-block-heading\">Sobre a Biologix<\/h2>\n\n\n\n<p>O fundador da empresa \u00e9 o engenheiro el\u00e9trico e empreendedor serial T\u00e1cito de Almeida. Ap\u00f3s vender sua empresa de monitoramento de m\u00e1quinas agr\u00edcolas para uma multinacional americana l\u00edder mundial no setor, fundou a Biologix, em 2015. O objetivo foi trazer toda a tecnologia aprendida no setor agr\u00edcola para monitorar pacientes a dist\u00e2ncia e, para isso, T\u00e1cito buscou a expertise do Prof. Dr. Geraldo Lorenzi Filho, pneumologista e especialista em Medicina do Sono, professor associado da Faculdade de Medicina da USP e Diretor do Laborat\u00f3rio do Sono do InCor.&nbsp;&nbsp;<\/p>\n\n\n\n<p>A Biologix conta, hoje, com uma equipe de 22 funcion\u00e1rios e j\u00e1 recebeu dois aportes PIPE fase III da FAPESP (Funda\u00e7\u00e3o de Amparo \u00e0 Pesquisa do Estado de S\u00e3o Paulo). No final de 2019, a Biologix recebeu um aporte de um grupo de m\u00e9dicos, bem como do Hospital Israelita Albert Einstein.<\/p>","protected":false},"excerpt":{"rendered":"<p>A pandemia da Covid-19 trouxe um relato muito comum nas conversas do dia a dia: dificuldades para dormir. Esses dist\u00farbios do sono podem ser uma&hellip;<\/p>","protected":false},"author":11,"featured_media":3657,"comment_status":"closed","ping_status":"open","sticky":false,"template":"","format":"standard","meta":{"footnotes":""},"categories":[12],"tags":[23,5,71,88],"class_list":["post-3652","post","type-post","status-publish","format-standard","has-post-thumbnail","hentry","category-profissional-de-saude","tag-apneia","tag-apneia-do-sono","tag-biologix","tag-exame-do-sono"],"aioseo_notices":[],"_links":{"self":[{"href":"https:\/\/www.biologix.com.br\/en\/wp-json\/wp\/v2\/posts\/3652","targetHints":{"allow":["GET"]}}],"collection":[{"href":"https:\/\/www.biologix.com.br\/en\/wp-json\/wp\/v2\/posts"}],"about":[{"href":"https:\/\/www.biologix.com.br\/en\/wp-json\/wp\/v2\/types\/post"}],"author":[{"embeddable":true,"href":"https:\/\/www.biologix.com.br\/en\/wp-json\/wp\/v2\/users\/11"}],"replies":[{"embeddable":true,"href":"https:\/\/www.biologix.com.br\/en\/wp-json\/wp\/v2\/comments?post=3652"}],"version-history":[{"count":5,"href":"https:\/\/www.biologix.com.br\/en\/wp-json\/wp\/v2\/posts\/3652\/revisions"}],"predecessor-version":[{"id":13023,"href":"https:\/\/www.biologix.com.br\/en\/wp-json\/wp\/v2\/posts\/3652\/revisions\/13023"}],"wp:featuredmedia":[{"embeddable":true,"href":"https:\/\/www.biologix.com.br\/en\/wp-json\/wp\/v2\/media\/3657"}],"wp:attachment":[{"href":"https:\/\/www.biologix.com.br\/en\/wp-json\/wp\/v2\/media?parent=3652"}],"wp:term":[{"taxonomy":"category","embeddable":true,"href":"https:\/\/www.biologix.com.br\/en\/wp-json\/wp\/v2\/categories?post=3652"},{"taxonomy":"post_tag","embeddable":true,"href":"https:\/\/www.biologix.com.br\/en\/wp-json\/wp\/v2\/tags?post=3652"}],"curies":[{"name":"wp","href":"https:\/\/api.w.org\/{rel}","templated":true}]}}