{"id":3732,"date":"2020-10-05T13:45:27","date_gmt":"2020-10-05T16:45:27","guid":{"rendered":"https:\/\/www.biologix.com.br\/?p=3732"},"modified":"2025-08-14T15:45:31","modified_gmt":"2025-08-14T18:45:31","slug":"diabetes-mellitus-e-apneia-obstrutiva-do-sono","status":"publish","type":"post","link":"https:\/\/www.biologix.com.br\/en\/2020\/10\/05\/diabetes-mellitus-e-apneia-obstrutiva-do-sono\/","title":{"rendered":"Diabetes Mellitus and Obstructive Sleep Apnea<br><span class='secondary-title'>Learn more about how sleep apnea affects the metabolism<\/span>"},"content":{"rendered":"<div data-elementor-type=\"wp-post\" data-elementor-id=\"3732\" class=\"elementor elementor-3732\" data-elementor-post-type=\"post\">\n\t\t\t\t<div class=\"elementor-element elementor-element-19aae253 e-flex e-con-boxed e-con e-parent\" data-id=\"19aae253\" data-element_type=\"container\" data-e-type=\"container\">\n\t\t\t\t\t<div class=\"e-con-inner\">\n\t\t\t\t<div class=\"elementor-element elementor-element-646f5976 elementor-widget elementor-widget-text-editor\" data-id=\"646f5976\" data-element_type=\"widget\" data-e-type=\"widget\" data-widget_type=\"text-editor.default\">\n\t\t\t\t<div class=\"elementor-widget-container\">\n\t\t\t\t\t\t\t\t\t<p><\/p>\n<p>The relationship between <strong>diabetes mellitus<\/strong> and <strong>sleep disorders<\/strong> and <strong><a href=\"https:\/\/www.biologix.com.br\/en\/2020\/06\/15\/tipos-de-apneia-do-sono\/\" target=\"_blank\" rel=\"noreferrer noopener\">sleep apnea<\/a><\/strong> has been well established. Obstructive sleep apnea (OSA), which involves breathing pauses due to a physical obstruction of the airway, significantly impacts glucose metabolism and appetite regulation, according to several studies. There are many reasons why this happens, including a higher chance of\novereating while awake, an alteration in the profile and levels of hormones responsible for\nappetite and satiety (like ghrelin and leptin), and the activation of stress mechanisms, such as the sympathetic nervous system and the release of hyperglycemic hormones at unexpected times and in unexpected quantities.<\/p>\n<p><\/p>\n<p><\/p><\/div><\/div><\/div><\/div><\/div> <a href=\"https:\/\/www.biologix.com.br\/en\/2020\/10\/05\/diabetes-mellitus-e-apneia-obstrutiva-do-sono\/#more-3732\" class=\"more-link elementor-more-link\"><span aria-label=\"Continue reading Diabetes mellitus e apneia obstrutiva do sonoSaiba as consequ\u00eancias da apneia do sono no metabolismo\">(more&hellip;)<\/span><\/a>","protected":false},"excerpt":{"rendered":"<p>A rela\u00e7\u00e3o entre diabetes mellitus e dist\u00farbios do sono j\u00e1 est\u00e1 bem estabelecida, como \u00e9 o caso da apneia obstrutiva (paradas respirat\u00f3rias devido \u00e0 interrup\u00e7\u00e3o&hellip;<\/p>","protected":false},"author":11,"featured_media":11549,"comment_status":"closed","ping_status":"open","sticky":false,"template":"","format":"standard","meta":{"footnotes":""},"categories":[162,12],"tags":[5,61,168,167,149],"class_list":["post-3732","post","type-post","status-publish","format-standard","has-post-thumbnail","hentry","category-endocrinologia-profissional-de-saude","category-profissional-de-saude","tag-apneia-do-sono","tag-diabetes","tag-glicose","tag-obesidade-2","tag-oximetria-noturna"],"aioseo_notices":[],"_links":{"self":[{"href":"https:\/\/www.biologix.com.br\/en\/wp-json\/wp\/v2\/posts\/3732","targetHints":{"allow":["GET"]}}],"collection":[{"href":"https:\/\/www.biologix.com.br\/en\/wp-json\/wp\/v2\/posts"}],"about":[{"href":"https:\/\/www.biologix.com.br\/en\/wp-json\/wp\/v2\/types\/post"}],"author":[{"embeddable":true,"href":"https:\/\/www.biologix.com.br\/en\/wp-json\/wp\/v2\/users\/11"}],"replies":[{"embeddable":true,"href":"https:\/\/www.biologix.com.br\/en\/wp-json\/wp\/v2\/comments?post=3732"}],"version-history":[{"count":18,"href":"https:\/\/www.biologix.com.br\/en\/wp-json\/wp\/v2\/posts\/3732\/revisions"}],"predecessor-version":[{"id":13819,"href":"https:\/\/www.biologix.com.br\/en\/wp-json\/wp\/v2\/posts\/3732\/revisions\/13819"}],"wp:featuredmedia":[{"embeddable":true,"href":"https:\/\/www.biologix.com.br\/en\/wp-json\/wp\/v2\/media\/11549"}],"wp:attachment":[{"href":"https:\/\/www.biologix.com.br\/en\/wp-json\/wp\/v2\/media?parent=3732"}],"wp:term":[{"taxonomy":"category","embeddable":true,"href":"https:\/\/www.biologix.com.br\/en\/wp-json\/wp\/v2\/categories?post=3732"},{"taxonomy":"post_tag","embeddable":true,"href":"https:\/\/www.biologix.com.br\/en\/wp-json\/wp\/v2\/tags?post=3732"}],"curies":[{"name":"wp","href":"https:\/\/api.w.org\/{rel}","templated":true}]}}