{"id":3952,"date":"2020-10-03T15:55:11","date_gmt":"2020-10-03T18:55:11","guid":{"rendered":"https:\/\/www.biologix.com.br\/?p=3952"},"modified":"2025-08-18T10:23:03","modified_gmt":"2025-08-18T13:23:03","slug":"sarcopenia-e-apneia-do-sono","status":"publish","type":"post","link":"https:\/\/www.biologix.com.br\/en\/2020\/10\/03\/sarcopenia-e-apneia-do-sono\/","title":{"rendered":"Sarcopenia e apneia do sono<br><span class='secondary-title'>Entenda a rela\u00e7\u00e3o entre sarcopenia e apneia do sono<\/span>"},"content":{"rendered":"<div data-elementor-type=\"wp-post\" data-elementor-id=\"3952\" class=\"elementor elementor-3952\" data-elementor-post-type=\"post\">\n\t\t\t\t<div class=\"elementor-element elementor-element-5336d21f e-flex e-con-boxed e-con e-parent\" data-id=\"5336d21f\" data-element_type=\"container\" data-e-type=\"container\">\n\t\t\t\t\t<div class=\"e-con-inner\">\n\t\t\t\t<div class=\"elementor-element elementor-element-577aec8d elementor-widget elementor-widget-text-editor\" data-id=\"577aec8d\" data-element_type=\"widget\" data-e-type=\"widget\" data-widget_type=\"text-editor.default\">\n\t\t\t\t<div class=\"elementor-widget-container\">\n\t\t\t\t\t\t\t\t\t<p><\/p>\n<p>A apneia do sono e sarcopenia s\u00e3o comuns entre <strong><a href=\"https:\/\/www.biologix.com.br\/en\/2020\/07\/22\/apneia-do-sono-em-idosos\/\" target=\"_blank\" rel=\"noreferrer noopener\">adultos mais velhos<\/a><\/strong>, principalmente ap\u00f3s os 50 anos, per\u00edodo em que decorre um decl\u00ednio de v\u00e1rias fun\u00e7\u00f5es metab\u00f3licas e hormonais importantes tanto para o aparecimento da sarcopenia como dos dist\u00farbios do sono. Ambas aumentam com a idade e podem levar a diminui\u00e7\u00e3o de atividade f\u00edsica, al\u00e9m de resultar em eventos adversos para a sa\u00fade semelhantes como defici\u00eancias funcionais, m\u00e1 qualidade de vida e morte.<\/p>\n<p><\/p>\n<p><\/p><\/div><\/div><\/div><\/div><\/div> <a href=\"https:\/\/www.biologix.com.br\/en\/2020\/10\/03\/sarcopenia-e-apneia-do-sono\/#more-3952\" class=\"more-link elementor-more-link\"><span aria-label=\"Continue reading Sarcopenia e apneia do sonoEntenda a rela\u00e7\u00e3o entre sarcopenia e apneia do sono\">(more&hellip;)<\/span><\/a>","protected":false},"excerpt":{"rendered":"<p>A apneia do sono e sarcopenia s\u00e3o comuns entre adultos mais velhos, principalmente ap\u00f3s os 50 anos, per\u00edodo em que decorre um decl\u00ednio de v\u00e1rias&hellip;<\/p>","protected":false},"author":11,"featured_media":11556,"comment_status":"closed","ping_status":"open","sticky":false,"template":"","format":"standard","meta":{"footnotes":""},"categories":[162,12],"tags":[23,5,25,149,171,170],"class_list":["post-3952","post","type-post","status-publish","format-standard","has-post-thumbnail","hentry","category-endocrinologia-profissional-de-saude","category-profissional-de-saude","tag-apneia","tag-apneia-do-sono","tag-apneia-obstrutiva-do-sono","tag-oximetria-noturna","tag-privacao-do-sono","tag-sarcopenia"],"aioseo_notices":[],"_links":{"self":[{"href":"https:\/\/www.biologix.com.br\/en\/wp-json\/wp\/v2\/posts\/3952","targetHints":{"allow":["GET"]}}],"collection":[{"href":"https:\/\/www.biologix.com.br\/en\/wp-json\/wp\/v2\/posts"}],"about":[{"href":"https:\/\/www.biologix.com.br\/en\/wp-json\/wp\/v2\/types\/post"}],"author":[{"embeddable":true,"href":"https:\/\/www.biologix.com.br\/en\/wp-json\/wp\/v2\/users\/11"}],"replies":[{"embeddable":true,"href":"https:\/\/www.biologix.com.br\/en\/wp-json\/wp\/v2\/comments?post=3952"}],"version-history":[{"count":19,"href":"https:\/\/www.biologix.com.br\/en\/wp-json\/wp\/v2\/posts\/3952\/revisions"}],"predecessor-version":[{"id":13822,"href":"https:\/\/www.biologix.com.br\/en\/wp-json\/wp\/v2\/posts\/3952\/revisions\/13822"}],"wp:featuredmedia":[{"embeddable":true,"href":"https:\/\/www.biologix.com.br\/en\/wp-json\/wp\/v2\/media\/11556"}],"wp:attachment":[{"href":"https:\/\/www.biologix.com.br\/en\/wp-json\/wp\/v2\/media?parent=3952"}],"wp:term":[{"taxonomy":"category","embeddable":true,"href":"https:\/\/www.biologix.com.br\/en\/wp-json\/wp\/v2\/categories?post=3952"},{"taxonomy":"post_tag","embeddable":true,"href":"https:\/\/www.biologix.com.br\/en\/wp-json\/wp\/v2\/tags?post=3952"}],"curies":[{"name":"wp","href":"https:\/\/api.w.org\/{rel}","templated":true}]}}