{"id":4411,"date":"2020-11-16T09:30:00","date_gmt":"2020-11-16T12:30:00","guid":{"rendered":"https:\/\/www.biologix.com.br\/?p=4411"},"modified":"2025-08-14T10:37:04","modified_gmt":"2025-08-14T13:37:04","slug":"menopausa-e-sindrome-da-apneia-obstrutiva-do-sono","status":"publish","type":"post","link":"https:\/\/www.biologix.com.br\/en\/2020\/11\/16\/menopausa-e-sindrome-da-apneia-obstrutiva-do-sono\/","title":{"rendered":"Menopausa e s\u00edndrome da apneia obstrutiva do sono<br><span class='secondary-title'>Entenda como o sono da mulher \u00e9 afetado na menopausa<\/span>"},"content":{"rendered":"<div data-elementor-type=\"wp-post\" data-elementor-id=\"4411\" class=\"elementor elementor-4411\" data-elementor-post-type=\"post\">\n\t\t\t\t<div class=\"elementor-element elementor-element-5973fce0 e-flex e-con-boxed e-con e-parent\" data-id=\"5973fce0\" data-element_type=\"container\" data-e-type=\"container\">\n\t\t\t\t\t<div class=\"e-con-inner\">\n\t\t\t\t<div class=\"elementor-element elementor-element-391422d8 elementor-widget elementor-widget-text-editor\" data-id=\"391422d8\" data-element_type=\"widget\" data-e-type=\"widget\" data-widget_type=\"text-editor.default\">\n\t\t\t\t<div class=\"elementor-widget-container\">\n\t\t\t\t\t\t\t\t\t<p><\/p>\n<p>A ins\u00f4nia \u00e9 o dist\u00farbio de sono mais frequente na p\u00f3s-menopausa, em decorr\u00eancia de <strong><a href=\"https:\/\/www.biologix.com.br\/en\/2020\/10\/16\/sono-na-mulher\/\" target=\"_blank\" rel=\"noreferrer noopener\">altera\u00e7\u00f5es hormonais,<\/a><\/strong> <strong><a href=\"https:\/\/www.biologix.com.br\/en\/2020\/03\/12\/apneia-do-sono-afeta-saude-mental-e-pode-causar-depressao\/\" target=\"_blank\" rel=\"noreferrer noopener\">estados depressivos<\/a><\/strong> relacionados a este per\u00edodo da vida. As mulheres nessa fase apresentam maior lat\u00eancia para o sono, dificuldade de manuten\u00e7\u00e3o do sono e, portanto, mais ins\u00f4nia, quando comparadas \u00e0quelas na pr\u00e9-menopausa. Shaver e Zenk relatam que os dist\u00farbios do sono no climat\u00e9rio est\u00e3o relacionados a sintomas como ondas de calor e transpira\u00e7\u00e3o, os quais ocorrem em geral simultaneamente.<\/p>\n<p><\/p>\n<p><\/p><\/div><\/div><\/div><\/div><\/div> <a href=\"https:\/\/www.biologix.com.br\/en\/2020\/11\/16\/menopausa-e-sindrome-da-apneia-obstrutiva-do-sono\/#more-4411\" class=\"more-link elementor-more-link\"><span aria-label=\"Continue reading Menopausa e s\u00edndrome da apneia obstrutiva do sonoEntenda como o sono da mulher \u00e9 afetado na menopausa\">(more&hellip;)<\/span><\/a>","protected":false},"excerpt":{"rendered":"<p>A ins\u00f4nia \u00e9 o dist\u00farbio de sono mais frequente na p\u00f3s-menopausa, em decorr\u00eancia de altera\u00e7\u00f5es hormonais, estados depressivos relacionados a este per\u00edodo da vida. As&hellip;<\/p>","protected":false},"author":11,"featured_media":11555,"comment_status":"closed","ping_status":"open","sticky":false,"template":"","format":"standard","meta":{"footnotes":""},"categories":[162,12],"tags":[182,183,181,147,149,173],"class_list":["post-4411","post","type-post","status-publish","format-standard","has-post-thumbnail","hentry","category-endocrinologia-profissional-de-saude","category-profissional-de-saude","tag-climaterio","tag-hormonios","tag-menopausa","tag-oximetria","tag-oximetria-noturna","tag-sono-na-mulher"],"aioseo_notices":[],"_links":{"self":[{"href":"https:\/\/www.biologix.com.br\/en\/wp-json\/wp\/v2\/posts\/4411","targetHints":{"allow":["GET"]}}],"collection":[{"href":"https:\/\/www.biologix.com.br\/en\/wp-json\/wp\/v2\/posts"}],"about":[{"href":"https:\/\/www.biologix.com.br\/en\/wp-json\/wp\/v2\/types\/post"}],"author":[{"embeddable":true,"href":"https:\/\/www.biologix.com.br\/en\/wp-json\/wp\/v2\/users\/11"}],"replies":[{"embeddable":true,"href":"https:\/\/www.biologix.com.br\/en\/wp-json\/wp\/v2\/comments?post=4411"}],"version-history":[{"count":10,"href":"https:\/\/www.biologix.com.br\/en\/wp-json\/wp\/v2\/posts\/4411\/revisions"}],"predecessor-version":[{"id":13786,"href":"https:\/\/www.biologix.com.br\/en\/wp-json\/wp\/v2\/posts\/4411\/revisions\/13786"}],"wp:featuredmedia":[{"embeddable":true,"href":"https:\/\/www.biologix.com.br\/en\/wp-json\/wp\/v2\/media\/11555"}],"wp:attachment":[{"href":"https:\/\/www.biologix.com.br\/en\/wp-json\/wp\/v2\/media?parent=4411"}],"wp:term":[{"taxonomy":"category","embeddable":true,"href":"https:\/\/www.biologix.com.br\/en\/wp-json\/wp\/v2\/categories?post=4411"},{"taxonomy":"post_tag","embeddable":true,"href":"https:\/\/www.biologix.com.br\/en\/wp-json\/wp\/v2\/tags?post=4411"}],"curies":[{"name":"wp","href":"https:\/\/api.w.org\/{rel}","templated":true}]}}