{"id":4482,"date":"2020-11-23T13:12:45","date_gmt":"2020-11-23T16:12:45","guid":{"rendered":"https:\/\/www.biologix.com.br\/?p=4482"},"modified":"2025-08-14T10:33:10","modified_gmt":"2025-08-14T13:33:10","slug":"osteoporose-e-apneia-obstrutiva-do-sono","status":"publish","type":"post","link":"https:\/\/www.biologix.com.br\/en\/2020\/11\/23\/osteoporose-e-apneia-obstrutiva-do-sono\/","title":{"rendered":"Osteoporose e apneia obstrutiva do sono<br><span class='secondary-title'>Entenda melhor sobre a osteoporose e sua rela\u00e7\u00e3o com a apneia do sono<\/span>"},"content":{"rendered":"<div data-elementor-type=\"wp-post\" data-elementor-id=\"4482\" class=\"elementor elementor-4482\" data-elementor-post-type=\"post\">\n\t\t\t\t<div class=\"elementor-element elementor-element-4d0634f2 e-flex e-con-boxed e-con e-parent\" data-id=\"4d0634f2\" data-element_type=\"container\" data-e-type=\"container\">\n\t\t\t\t\t<div class=\"e-con-inner\">\n\t\t\t\t<div class=\"elementor-element elementor-element-596ac796 elementor-widget elementor-widget-text-editor\" data-id=\"596ac796\" data-element_type=\"widget\" data-e-type=\"widget\" data-widget_type=\"text-editor.default\">\n\t\t\t\t<div class=\"elementor-widget-container\">\n\t\t\t\t\t\t\t\t\t<p><\/p>\n<p><strong>A Organiza\u00e7\u00e3o Mundial de Sa\u00fade (OMS) considera a osteoporose o segundo maior problema de assist\u00eancia sanit\u00e1ria no mundo, depois das enfermidades cardiovasculares.<\/strong><\/p>\n<p><\/p>\n<p><\/p><\/div><\/div><\/div><\/div><\/div> <a href=\"https:\/\/www.biologix.com.br\/en\/2020\/11\/23\/osteoporose-e-apneia-obstrutiva-do-sono\/#more-4482\" class=\"more-link elementor-more-link\"><span aria-label=\"Continue reading Osteoporose e apneia obstrutiva do sonoEntenda melhor sobre a osteoporose e sua rela\u00e7\u00e3o com a apneia do sono\">(more&hellip;)<\/span><\/a>","protected":false},"excerpt":{"rendered":"<p>A Organiza\u00e7\u00e3o Mundial de Sa\u00fade (OMS) considera a osteoporose o segundo maior problema de assist\u00eancia sanit\u00e1ria no mundo, depois das enfermidades cardiovasculares.<\/p>","protected":false},"author":11,"featured_media":11550,"comment_status":"closed","ping_status":"open","sticky":false,"template":"","format":"standard","meta":{"footnotes":""},"categories":[162,12],"tags":[5,186,187,185,153,9],"class_list":["post-4482","post","type-post","status-publish","format-standard","has-post-thumbnail","hentry","category-endocrinologia-profissional-de-saude","category-profissional-de-saude","tag-apneia-do-sono","tag-fraturas","tag-osteopenia","tag-osteoporose","tag-qualidade-de-vida","tag-sono"],"aioseo_notices":[],"_links":{"self":[{"href":"https:\/\/www.biologix.com.br\/en\/wp-json\/wp\/v2\/posts\/4482","targetHints":{"allow":["GET"]}}],"collection":[{"href":"https:\/\/www.biologix.com.br\/en\/wp-json\/wp\/v2\/posts"}],"about":[{"href":"https:\/\/www.biologix.com.br\/en\/wp-json\/wp\/v2\/types\/post"}],"author":[{"embeddable":true,"href":"https:\/\/www.biologix.com.br\/en\/wp-json\/wp\/v2\/users\/11"}],"replies":[{"embeddable":true,"href":"https:\/\/www.biologix.com.br\/en\/wp-json\/wp\/v2\/comments?post=4482"}],"version-history":[{"count":12,"href":"https:\/\/www.biologix.com.br\/en\/wp-json\/wp\/v2\/posts\/4482\/revisions"}],"predecessor-version":[{"id":13780,"href":"https:\/\/www.biologix.com.br\/en\/wp-json\/wp\/v2\/posts\/4482\/revisions\/13780"}],"wp:featuredmedia":[{"embeddable":true,"href":"https:\/\/www.biologix.com.br\/en\/wp-json\/wp\/v2\/media\/11550"}],"wp:attachment":[{"href":"https:\/\/www.biologix.com.br\/en\/wp-json\/wp\/v2\/media?parent=4482"}],"wp:term":[{"taxonomy":"category","embeddable":true,"href":"https:\/\/www.biologix.com.br\/en\/wp-json\/wp\/v2\/categories?post=4482"},{"taxonomy":"post_tag","embeddable":true,"href":"https:\/\/www.biologix.com.br\/en\/wp-json\/wp\/v2\/tags?post=4482"}],"curies":[{"name":"wp","href":"https:\/\/api.w.org\/{rel}","templated":true}]}}