{"id":4702,"date":"2020-12-19T09:00:00","date_gmt":"2020-12-19T12:00:00","guid":{"rendered":"https:\/\/www.biologix.com.br\/?p=4702"},"modified":"2025-08-13T11:39:29","modified_gmt":"2025-08-13T14:39:29","slug":"apneia-do-sono-e-hipotireoidismo","status":"publish","type":"post","link":"https:\/\/www.biologix.com.br\/en\/2020\/12\/19\/apneia-do-sono-e-hipotireoidismo\/","title":{"rendered":"Sleep Apnea and Hypothyroidism<br><span class='secondary-title'>Understanding the relationship between sleep apnea and hypothyroidism<\/span>"},"content":{"rendered":"<div data-elementor-type=\"wp-post\" data-elementor-id=\"4702\" class=\"elementor elementor-4702\" data-elementor-post-type=\"post\">\n\t\t\t\t<div class=\"elementor-element elementor-element-131f7b5e e-flex e-con-boxed e-con e-parent\" data-id=\"131f7b5e\" data-element_type=\"container\" data-e-type=\"container\">\n\t\t\t\t\t<div class=\"e-con-inner\">\n\t\t\t\t<div class=\"elementor-element elementor-element-565c941d elementor-widget elementor-widget-text-editor\" data-id=\"565c941d\" data-element_type=\"widget\" data-e-type=\"widget\" data-widget_type=\"text-editor.default\">\n\t\t\t\t<div class=\"elementor-widget-container\">\n\t\t\t\t\t\t\t\t\t<p><\/p>\n<p><strong>Hypothyroidism is the most common thyroid disorder, and its relationship with sleep apnea\nremains an active area of research,<\/strong> as it represents a frequent issue in everyday clinical practice. Patients with hypothyroidism often exhibit significant upper airway obstruction and experience recurrent episodes of sleep apnea.<\/p>\n<p><\/p>\n<p><\/p><\/div><\/div><\/div><\/div><\/div> <a href=\"https:\/\/www.biologix.com.br\/en\/2020\/12\/19\/apneia-do-sono-e-hipotireoidismo\/#more-4702\" class=\"more-link elementor-more-link\"><span aria-label=\"Continue reading Apneia do sono e hipotireoidismoSaiba qual a rela\u00e7\u00e3o entre apneia do sono e hipotireoidismo\">(more&hellip;)<\/span><\/a>","protected":false},"excerpt":{"rendered":"<p>O hipotireoidismo \u00e9 a doen\u00e7a mais comum da tireoide e a associa\u00e7\u00e3o entre hipotireoidismo e a SAOS \u00e9 continuamente investigada, por ser um problema comum&hellip;<\/p>","protected":false},"author":11,"featured_media":11551,"comment_status":"closed","ping_status":"open","sticky":false,"template":"","format":"standard","meta":{"footnotes":""},"categories":[162,12],"tags":[5,188,189,147,149,41,190],"class_list":["post-4702","post","type-post","status-publish","format-standard","has-post-thumbnail","hentry","category-endocrinologia-profissional-de-saude","category-profissional-de-saude","tag-apneia-do-sono","tag-hipotireoidismo","tag-hipotiroidismo","tag-oximetria","tag-oximetria-noturna","tag-ronco","tag-tireoide"],"aioseo_notices":[],"_links":{"self":[{"href":"https:\/\/www.biologix.com.br\/en\/wp-json\/wp\/v2\/posts\/4702","targetHints":{"allow":["GET"]}}],"collection":[{"href":"https:\/\/www.biologix.com.br\/en\/wp-json\/wp\/v2\/posts"}],"about":[{"href":"https:\/\/www.biologix.com.br\/en\/wp-json\/wp\/v2\/types\/post"}],"author":[{"embeddable":true,"href":"https:\/\/www.biologix.com.br\/en\/wp-json\/wp\/v2\/users\/11"}],"replies":[{"embeddable":true,"href":"https:\/\/www.biologix.com.br\/en\/wp-json\/wp\/v2\/comments?post=4702"}],"version-history":[{"count":11,"href":"https:\/\/www.biologix.com.br\/en\/wp-json\/wp\/v2\/posts\/4702\/revisions"}],"predecessor-version":[{"id":13757,"href":"https:\/\/www.biologix.com.br\/en\/wp-json\/wp\/v2\/posts\/4702\/revisions\/13757"}],"wp:featuredmedia":[{"embeddable":true,"href":"https:\/\/www.biologix.com.br\/en\/wp-json\/wp\/v2\/media\/11551"}],"wp:attachment":[{"href":"https:\/\/www.biologix.com.br\/en\/wp-json\/wp\/v2\/media?parent=4702"}],"wp:term":[{"taxonomy":"category","embeddable":true,"href":"https:\/\/www.biologix.com.br\/en\/wp-json\/wp\/v2\/categories?post=4702"},{"taxonomy":"post_tag","embeddable":true,"href":"https:\/\/www.biologix.com.br\/en\/wp-json\/wp\/v2\/tags?post=4702"}],"curies":[{"name":"wp","href":"https:\/\/api.w.org\/{rel}","templated":true}]}}