{"id":4899,"date":"2021-01-27T11:00:24","date_gmt":"2021-01-27T14:00:24","guid":{"rendered":"https:\/\/www.biologix.com.br\/?p=4899"},"modified":"2025-01-02T12:37:04","modified_gmt":"2025-01-02T15:37:04","slug":"sono-de-ma-qualidade-entenda-como-esta-relacionado-aos-problemas-bucais","status":"publish","type":"post","link":"https:\/\/www.biologix.com.br\/en\/2021\/01\/27\/sono-de-ma-qualidade-entenda-como-esta-relacionado-aos-problemas-bucais\/","title":{"rendered":"Sono de m\u00e1 qualidade e sua rela\u00e7\u00e3o com problemas bucais<br><span class='secondary-title'>Entenda a rela\u00e7\u00e3o do sono com a sa\u00fade bucal<\/span>"},"content":{"rendered":"<p>De modo geral, o ritmo agitado e o estresse do cotidiano levam as pessoas a um <strong>sono de m\u00e1 qualidade<\/strong>, que \u00e9 acentuado cada vez mais, tanto que os dist\u00farbios de ins\u00f4nia, ronco e apneia nunca foram t\u00e3o frequentes.<\/p>\n\n\n\n<p>Segundo diversos estudos e o senso geral da popula\u00e7\u00e3o mundial, o tempo ideal para uma boa noite de sono \u00e9 de, em m\u00e9dia, oito horas, conforme h\u00e1bitos e necessidades. Contudo, isso tem sido quase um privil\u00e9gio nos dias de hoje, principalmente para quem vive em grandes centros urbanos.<\/p>\n\n\n\n<!--more-->\n\n\n\n<p>De acordo com a Associa\u00e7\u00e3o Brasileira do Sono (ABS), 73 milh\u00f5es de brasileiros sofrem de ins\u00f4nia e, segundo especialistas, cerca de 30% a 40% das pessoas ainda v\u00e3o sofrer ins\u00f4nia em alguma parte da vida.<\/p>\n\n\n\t\t<div data-elementor-type=\"section\" data-elementor-id=\"3430\" class=\"elementor elementor-3430\" data-elementor-post-type=\"elementor_library\">\n\t\t\t\t\t<section class=\"elementor-section elementor-top-section elementor-element elementor-element-0aae773 elementor-section-boxed elementor-section-height-default elementor-section-height-default\" data-id=\"0aae773\" data-element_type=\"section\" data-e-type=\"section\">\n\t\t\t\t\t\t<div class=\"elementor-container elementor-column-gap-default\">\n\t\t\t\t\t<div class=\"elementor-column elementor-col-100 elementor-top-column elementor-element elementor-element-15740c0\" data-id=\"15740c0\" data-element_type=\"column\" data-e-type=\"column\">\n\t\t\t<div class=\"elementor-widget-wrap elementor-element-populated\">\n\t\t\t\t\t\t<section class=\"elementor-section elementor-inner-section elementor-element elementor-element-c9165c4 elementor-section-boxed elementor-section-height-default elementor-section-height-default\" data-id=\"c9165c4\" data-element_type=\"section\" data-e-type=\"section\">\n\t\t\t\t\t\t<div class=\"elementor-container elementor-column-gap-default\">\n\t\t\t\t\t<div class=\"elementor-column elementor-col-50 elementor-inner-column elementor-element elementor-element-55d21cc\" data-id=\"55d21cc\" data-element_type=\"column\" data-e-type=\"column\">\n\t\t\t<div class=\"elementor-widget-wrap elementor-element-populated\">\n\t\t\t\t\t\t<div class=\"elementor-element elementor-element-0180177 elementor-align-justify elementor-widget elementor-widget-button\" data-id=\"0180177\" data-element_type=\"widget\" data-e-type=\"widget\" data-widget_type=\"button.default\">\n\t\t\t\t<div class=\"elementor-widget-container\">\n\t\t\t\t\t\t\t\t\t<div class=\"elementor-button-wrapper\">\n\t\t\t\t\t<a class=\"elementor-button elementor-button-link elementor-size-sm\" href=\"https:\/\/api.whatsapp.com\/send\/?phone=5511963746007&#038;text=Ol%C3%A1%21+Sou+profissional+de+sa%C3%BAde+e+tenho+interesse+em+saber+mais+sobre+como+posso+me+tornar+um+centro+credenciado+Biologix.&#038;type=phone_number&#038;app_absent=0\">\n\t\t\t\t\t\t<span class=\"elementor-button-content-wrapper\">\n\t\t\t\t\t\t\t\t\t<span class=\"elementor-button-text\">Talk to a consultant<\/span>\n\t\t\t\t\t<\/span>\n\t\t\t\t\t<\/a>\n\t\t\t\t<\/div>\n\t\t\t\t\t\t\t\t<\/div>\n\t\t\t\t<\/div>\n\t\t\t\t\t<\/div>\n\t\t<\/div>\n\t\t\t\t<div class=\"elementor-column elementor-col-50 elementor-inner-column elementor-element elementor-element-4bb7811\" data-id=\"4bb7811\" data-element_type=\"column\" data-e-type=\"column\">\n\t\t\t<div class=\"elementor-widget-wrap elementor-element-populated\">\n\t\t\t\t\t\t<div class=\"elementor-element elementor-element-be95e67 elementor-align-justify elementor-widget elementor-widget-button\" data-id=\"be95e67\" data-element_type=\"widget\" data-e-type=\"widget\" data-widget_type=\"button.default\">\n\t\t\t\t<div class=\"elementor-widget-container\">\n\t\t\t\t\t\t\t\t\t<div class=\"elementor-button-wrapper\">\n\t\t\t\t\t<a class=\"elementor-button elementor-button-link elementor-size-sm\" href=\"https:\/\/www.biologix.com.br\/en\/todos-os-conteudos\/\">\n\t\t\t\t\t\t<span class=\"elementor-button-content-wrapper\">\n\t\t\t\t\t\t\t\t\t<span class=\"elementor-button-text\">Related content<\/span>\n\t\t\t\t\t<\/span>\n\t\t\t\t\t<\/a>\n\t\t\t\t<\/div>\n\t\t\t\t\t\t\t\t<\/div>\n\t\t\t\t<\/div>\n\t\t\t\t\t<\/div>\n\t\t<\/div>\n\t\t\t\t\t<\/div>\n\t\t<\/section>\n\t\t\t\t\t<\/div>\n\t\t<\/div>\n\t\t\t\t\t<\/div>\n\t\t<\/section>\n\t\t\t\t<\/div>\n\t\t\n\n\n\n<p>A ins\u00f4nia n\u00e3o \u00e9 algo vindo do acaso, \u00e9 um dist\u00farbio ligado \u00e0 v\u00e1rios outros problemas de sa\u00fade, como:<\/p>\n\n\n\n<ul class=\"wp-block-list\">\n<li>Doen\u00e7a cardiovascular;<\/li>\n\n\n\n<li>Depress\u00e3o;<\/li>\n\n\n\n<li>Obesity<\/li>\n\n\n\n<li>Dislipidemia;<\/li>\n\n\n\n<li>Hipertens\u00e3o;<\/li>\n\n\n\n<li>Fadiga;<\/li>\n\n\n\n<li>Ansiedade.<\/li>\n<\/ul>\n\n\n\n<p>Quando n\u00e3o \u00e9 por decorr\u00eancia de outras doen\u00e7as, a ins\u00f4nia est\u00e1 ligada a quadros cr\u00f4nicos, como acidentes automobil\u00edsticos, dom\u00e9sticos e trabalho.<\/p>\n\n\n\t\t<div data-elementor-type=\"section\" data-elementor-id=\"587\" class=\"elementor elementor-587\" data-elementor-post-type=\"elementor_library\">\n\t\t\t\t\t<section class=\"elementor-section elementor-top-section elementor-element elementor-element-4d0649a elementor-section-boxed elementor-section-height-default elementor-section-height-default\" data-id=\"4d0649a\" data-element_type=\"section\" data-e-type=\"section\">\n\t\t\t\t\t\t<div class=\"elementor-container elementor-column-gap-default\">\n\t\t\t\t\t<div class=\"elementor-column elementor-col-100 elementor-top-column elementor-element elementor-element-9d36ab1\" data-id=\"9d36ab1\" data-element_type=\"column\" data-e-type=\"column\">\n\t\t\t<div class=\"elementor-widget-wrap elementor-element-populated\">\n\t\t\t\t\t\t<div class=\"elementor-element elementor-element-c0177f3 elementor-widget elementor-widget-html\" data-id=\"c0177f3\" data-element_type=\"widget\" data-e-type=\"widget\" data-widget_type=\"html.default\">\n\t\t\t\t<div class=\"elementor-widget-container\">\n\t\t\t\t\t<div role=\"main\" id=\"site-inscricao-receber-conteudo-66a2c8b9048f99353f18\"><\/div><script type=\"text\/javascript\" src=\"https:\/\/d335luupugsy2.cloudfront.net\/js\/rdstation-forms\/stable\/rdstation-forms.min.js\"><\/script><script type=\"text\/javascript\"> new RDStationForms('site-inscricao-receber-conteudo-66a2c8b9048f99353f18', 'UA-128422573-1').createForm();<\/script>\t\t\t\t<\/div>\n\t\t\t\t<\/div>\n\t\t\t\t\t<\/div>\n\t\t<\/div>\n\t\t\t\t\t<\/div>\n\t\t<\/section>\n\t\t\t\t<\/div>\n\t\t\n\n\n\n<p>Outras causas frequentes de ins\u00f4nia s\u00e3o dores no corpo, uso de medicamentos, doen\u00e7as respirat\u00f3rias e reum\u00e1ticas.<\/p>\n\n\n\n<p>Acordar v\u00e1rias vezes durante a noite ou n\u00e3o se sentir descansado completamente ap\u00f3s repouso, segundo especialistas, tamb\u00e9m pode estar relacionado \u00e0 sa\u00fade da boca.<\/p>\n\n\n\n<p>Isso porque dentes mal alinhados, precisando de um <a href=\"https:\/\/www.odontologiacomestetica.com.br\/aparelho-ortodontico-transparente\"><strong>aparelho ortodontico transparente<\/strong><\/a>, desgaste das articula\u00e7\u00f5es e bruxismo &#8211; doen\u00e7a bucal que faz ranger os dentes e que afeta 15% dos brasileiros &#8211; est\u00e3o associados \u00e0 m\u00e1 qualidade do sono.<\/p>\n\n\n\n<p>Frequentemente, uma das causas para os problemas na sa\u00fade bucal que prejudicam o sono \u00e9 a respira\u00e7\u00e3o oral, que tamb\u00e9m est\u00e1 relacionada ao ronco e \u00e0 apneia.<\/p>\n\n\n\n<p>O ressecamento causado pela inspira\u00e7\u00e3o e expira\u00e7\u00e3o do ar pela boca favorece o mau h\u00e1lito e aumenta os riscos de desenvolvimento de c\u00e1ries e infec\u00e7\u00f5es que, caso sejam graves, passar\u00e3o por procedimentos mais s\u00e9rios e complexos.<\/p>\n\n\n\n<p>Nesses casos, \u00e9 comum haver a indica\u00e7\u00e3o para a reconstitui\u00e7\u00e3o do dente ou a coloca\u00e7\u00e3o de <a href=\"https:\/\/www.odontologiacomestetica.com.br\/implantes-dentarios\"><strong>implantes dentarios<\/strong><\/a>, principalmente em decorr\u00eancia do bruxismo que tamb\u00e9m ocasiona quebras e perda dental caso n\u00e3o seja controlado..<\/p>\n\n\n\n<p>Al\u00e9m disso, pessoas que apresentam problemas de respira\u00e7\u00e3o durante o sono j\u00e1 t\u00eam um hist\u00f3rico de roncos desde a inf\u00e2ncia.<\/p>\n\n\n\n<p>Por esse motivo, deve-se estimular a respira\u00e7\u00e3o pelo nariz ou recorrer ao atendimento profissional para acompanhamento do quadro e orienta\u00e7\u00e3o de tratamentos.<\/p>\n\n\n\n<h2 class=\"wp-block-heading\">Como dormir bem?<\/h2>\n\n\n\n<p>Manter um sono de qualidade regularmente requer alguns cuidados com a sa\u00fade, pois apenas se o corpo estiver funcionando bem ser\u00e1 poss\u00edvel ter um bom descanso.<\/p>\n\n\n\n<p>Portanto, \u00e9 preciso que haja uma boa alimenta\u00e7\u00e3o para manter um peso saud\u00e1vel, reduzir o estresse e praticar atividades que gastem energia e que geram a sensa\u00e7\u00e3o de bem-estar.<\/p>\n\n\n\n<p>Assim, \u00e9 recomend\u00e1vel manter h\u00e1bitos mais saud\u00e1veis e criar uma rotina de relaxamento antes de dormir para que exista uma boa noite de sono. Algumas dicas s\u00e3o:<\/p>\n\n\n\n<ul class=\"wp-block-list\">\n<li>Criar uma ambiente silencioso e escuro;<\/li>\n\n\n\n<li>Avaliar se a cama e o ambiente est\u00e3o confort\u00e1veis;<\/li>\n\n\n\n<li>Finalizar os afazeres do dia horas antes de dormir;<\/li>\n\n\n\n<li>Preparar o dia seguinte, para evitar preocupa\u00e7\u00f5es;<\/li>\n\n\n\n<li>Relaxar entre as \u00faltimas atividades e o per\u00edodo de sono;<\/li>\n\n\n\n<li>Evitar estimulantes como caf\u00e9, canela, pimentas e a\u00e7\u00facar;<\/li>\n\n\n\n<li>Evitar exerc\u00edcios muito intensos;<\/li>\n\n\n\n<li>Evitar usar o celular ou assistir \u00e0 televis\u00e3o antes de dormir;<\/li>\n\n\n\n<li>Manter um hor\u00e1rio regular para ter uma rotina de sono;<\/li>\n\n\n\n<li>Evitar v\u00edcios como o cigarro e o \u00e1lcool;<\/li>\n\n\n\n<li>Evitar cochilos longos durante o dia.<\/li>\n<\/ul>\n\n\n\n<h2 class=\"wp-block-heading\">O sono e a odontologia<\/h2>\n\n\n\n<p>Poucas pessoas sabem, mas existe uma \u00e1rea da odontologia que trabalha com o sono, permitindo que o dentista trabalhe no tratamento de dist\u00farbios relacionados a problemas que ocorrem durante esse per\u00edodo.<\/p>\n\n\n\n<p>Ou seja, o profissional \u00e9 respons\u00e1vel por avaliar quadros respirat\u00f3rios durante o sono, como ronco, apneia e a s\u00edndrome da resist\u00eancia das vias a\u00e9reas superiores.<\/p>\n\n\n\n<p>Al\u00e9m disso, tamb\u00e9m \u00e9 de responsabilidade do profissional tratar os dist\u00farbios do sono relacionados \u00e0 mastiga\u00e7\u00e3o durante o per\u00edodo.<\/p>\n\n\n\n<p>O profissional conhecido como dentista do sono tem treinamentos especializados em <a href=\"https:\/\/www.supersorriso.com.br\/protese-sobre-implante-dentario\"><strong>pr\u00f3tese sobre implante dentario<\/strong><\/a> e todo o funcionamento da mastiga\u00e7\u00e3o, oclus\u00e3o dental, problemas relacionados \u00e0 dor orofacial e a disfun\u00e7\u00e3o da articula\u00e7\u00e3o temporomandibular.<\/p>\n\n\n\n<p>Assim, ele pode realizar o trabalho integrado com outro profissional da \u00e1rea da sa\u00fade para avaliar e executar o melhor tratamento para o paciente, conforme as necessidades.<\/p>\n\n\n\n<p>Por exemplo, a apneia do sono, bem comum entre a popula\u00e7\u00e3o, pode ser provocada por diferentes motivos, como um problema de origem neurol\u00f3gica ou alguma obstru\u00e7\u00e3o ou diminui\u00e7\u00e3o nas vias a\u00e9reas.<\/p>\n\n\n\n<p>Al\u00e9m disso, a apneia aumenta os riscos de doen\u00e7as periodontais, j\u00e1 que a pessoa dorme de boca aberta, diminuindo o fluxo da saliva e deixando a mucosa oral ressecada, tendo como consequ\u00eancia o aumento de doen\u00e7as gengivais, como gengivite e a periodontite.<\/p>\n\n\n\n<p>Assim, um acompanhamento multiprofissional pode ser o mais recomendado, de modo a tratar integralmente o paciente, garantindo mais qualidade de vida e o controle dos ofensores de cada quadro.<\/p>\n\n\n\n<p>Isso vale tamb\u00e9m para pessoas que est\u00e3o sob tratamento odontol\u00f3gico, como a utiliza\u00e7\u00e3o de <a href=\"https:\/\/www.sorrisoonline.com.br\/lente-de-contato-dental\"><strong>dental veneers may be considered<\/strong><\/a>.<\/p>\n\n\n\n<p>Isso porque&nbsp; a boca ressecada aumenta o ac\u00famulo de sujeiras, que propicia a prolifera\u00e7\u00e3o de bact\u00e9rias e aumenta os riscos de doen\u00e7as bucais, como a c\u00e1rie, prejudicando o andamento dos procedimentos.<\/p>\n\n\n\n<p>Deste modo, \u00e9 crucial reconhecer os sinais da m\u00e1 qualidade do sono, como o cansa\u00e7o excessivo, acordar muitas vezes durante a noite e o estresse, de modo a evitar complica\u00e7\u00f5es e identificar junto ao profissional o melhor plano para tratamento.<\/p>\n\n\n\n<p>Isso porque desde o dentista at\u00e9 o acompanhamento psicol\u00f3gico podem ser necess\u00e1rios, demandando uma comunica\u00e7\u00e3o efetiva entre a equipe m\u00e9dica respons\u00e1vel pelo quadro para garantir ainda mais sa\u00fade ao paciente.<\/p>\n\n\n\n<p><em>This content was originally developed by the team of<\/em><a href=\"https:\/\/www.vueodonto.com\/\"><em> <\/em><\/a><a href=\"https:\/\/www.vueodonto.com\/\"><strong><em>Vue Odonto<\/em><\/strong><\/a><em>,  a specialized network focused on dental care and patient-centered treatment.<\/em><\/p>","protected":false},"excerpt":{"rendered":"<p>De modo geral, o ritmo agitado e o estresse do cotidiano levam as pessoas a um sono de m\u00e1 qualidade, que \u00e9 acentuado cada vez&hellip;<\/p>","protected":false},"author":11,"featured_media":4900,"comment_status":"closed","ping_status":"open","sticky":false,"template":"","format":"standard","meta":{"footnotes":""},"categories":[191],"tags":[5,184,119,133,9],"class_list":["post-4899","post","type-post","status-publish","format-standard","has-post-thumbnail","hentry","category-convidados","tag-apneia-do-sono","tag-higiene-do-sono","tag-insonia-2","tag-odontologia","tag-sono"],"aioseo_notices":[],"_links":{"self":[{"href":"https:\/\/www.biologix.com.br\/en\/wp-json\/wp\/v2\/posts\/4899","targetHints":{"allow":["GET"]}}],"collection":[{"href":"https:\/\/www.biologix.com.br\/en\/wp-json\/wp\/v2\/posts"}],"about":[{"href":"https:\/\/www.biologix.com.br\/en\/wp-json\/wp\/v2\/types\/post"}],"author":[{"embeddable":true,"href":"https:\/\/www.biologix.com.br\/en\/wp-json\/wp\/v2\/users\/11"}],"replies":[{"embeddable":true,"href":"https:\/\/www.biologix.com.br\/en\/wp-json\/wp\/v2\/comments?post=4899"}],"version-history":[{"count":4,"href":"https:\/\/www.biologix.com.br\/en\/wp-json\/wp\/v2\/posts\/4899\/revisions"}],"predecessor-version":[{"id":13062,"href":"https:\/\/www.biologix.com.br\/en\/wp-json\/wp\/v2\/posts\/4899\/revisions\/13062"}],"wp:featuredmedia":[{"embeddable":true,"href":"https:\/\/www.biologix.com.br\/en\/wp-json\/wp\/v2\/media\/4900"}],"wp:attachment":[{"href":"https:\/\/www.biologix.com.br\/en\/wp-json\/wp\/v2\/media?parent=4899"}],"wp:term":[{"taxonomy":"category","embeddable":true,"href":"https:\/\/www.biologix.com.br\/en\/wp-json\/wp\/v2\/categories?post=4899"},{"taxonomy":"post_tag","embeddable":true,"href":"https:\/\/www.biologix.com.br\/en\/wp-json\/wp\/v2\/tags?post=4899"}],"curies":[{"name":"wp","href":"https:\/\/api.w.org\/{rel}","templated":true}]}}