{"id":4935,"date":"2021-02-12T15:12:18","date_gmt":"2021-02-12T18:12:18","guid":{"rendered":"https:\/\/www.biologix.com.br\/?p=4935"},"modified":"2025-08-13T10:42:25","modified_gmt":"2025-08-13T13:42:25","slug":"questoes-essenciais-em-odontologia-do-sono-o-valor-da-terapia","status":"publish","type":"post","link":"https:\/\/www.biologix.com.br\/en\/2021\/02\/12\/questoes-essenciais-em-odontologia-do-sono-o-valor-da-terapia\/","title":{"rendered":"Quest\u00f5es essenciais em odontologia do sono: o valor da terapia<br><span class='secondary-title'>Como voc\u00ea aborda com o paciente o valor do tratamento com o Aparelho Intraoral (AIO)?<\/span>"},"content":{"rendered":"<div data-elementor-type=\"wp-post\" data-elementor-id=\"4935\" class=\"elementor elementor-4935\" data-elementor-post-type=\"post\">\n\t\t\t\t<div class=\"elementor-element elementor-element-1f87735a e-flex e-con-boxed e-con e-parent\" data-id=\"1f87735a\" data-element_type=\"container\" data-e-type=\"container\">\n\t\t\t\t\t<div class=\"e-con-inner\">\n\t\t\t\t<div class=\"elementor-element elementor-element-28a76878 elementor-widget elementor-widget-text-editor\" data-id=\"28a76878\" data-element_type=\"widget\" data-e-type=\"widget\" data-widget_type=\"text-editor.default\">\n\t\t\t\t<div class=\"elementor-widget-container\">\n\t\t\t\t\t\t\t\t\t<p><\/p>\n<p>Dando sequ\u00eancia \u00e0 s\u00e9rie de 3 quest\u00f5es elencadas pela American Academy of Dental Sleep Medicine (AADSM) e publicadas em artigo especial do Journal of Dental Sleep Medicine (JDSM), a segunda quest\u00e3o \u00e9 referente a como voc\u00ea, profissional da odontologia do sono, costuma abordar com o paciente o valor do tratamento com o aparelho intraoral (AIO).<\/p>\n<p><\/p>\n<p><\/p><\/div><\/div><\/div><\/div><\/div> <a href=\"https:\/\/www.biologix.com.br\/en\/2021\/02\/12\/questoes-essenciais-em-odontologia-do-sono-o-valor-da-terapia\/#more-4935\" class=\"more-link elementor-more-link\"><span aria-label=\"Continue reading Quest\u00f5es essenciais em odontologia do sono: o valor da terapiaComo voc\u00ea aborda com o paciente o valor do tratamento com o Aparelho Intraoral (AIO)?\">(more&hellip;)<\/span><\/a>","protected":false},"excerpt":{"rendered":"<p>Dando sequ\u00eancia \u00e0 s\u00e9rie de 3 quest\u00f5es elencadas pela American Academy of Dental Sleep Medicine (AADSM) e publicadas em artigo especial do Journal of Dental&hellip;<\/p>","protected":false},"author":11,"featured_media":11616,"comment_status":"closed","ping_status":"open","sticky":false,"template":"","format":"standard","meta":{"footnotes":""},"categories":[13,12],"tags":[195,58,23,5,89,149,9],"class_list":["post-4935","post","type-post","status-publish","format-standard","has-post-thumbnail","hentry","category-odontologia","category-profissional-de-saude","tag-aio","tag-aos-2","tag-apneia","tag-apneia-do-sono","tag-dentista","tag-oximetria-noturna","tag-sono"],"aioseo_notices":[],"_links":{"self":[{"href":"https:\/\/www.biologix.com.br\/en\/wp-json\/wp\/v2\/posts\/4935","targetHints":{"allow":["GET"]}}],"collection":[{"href":"https:\/\/www.biologix.com.br\/en\/wp-json\/wp\/v2\/posts"}],"about":[{"href":"https:\/\/www.biologix.com.br\/en\/wp-json\/wp\/v2\/types\/post"}],"author":[{"embeddable":true,"href":"https:\/\/www.biologix.com.br\/en\/wp-json\/wp\/v2\/users\/11"}],"replies":[{"embeddable":true,"href":"https:\/\/www.biologix.com.br\/en\/wp-json\/wp\/v2\/comments?post=4935"}],"version-history":[{"count":14,"href":"https:\/\/www.biologix.com.br\/en\/wp-json\/wp\/v2\/posts\/4935\/revisions"}],"predecessor-version":[{"id":13751,"href":"https:\/\/www.biologix.com.br\/en\/wp-json\/wp\/v2\/posts\/4935\/revisions\/13751"}],"wp:featuredmedia":[{"embeddable":true,"href":"https:\/\/www.biologix.com.br\/en\/wp-json\/wp\/v2\/media\/11616"}],"wp:attachment":[{"href":"https:\/\/www.biologix.com.br\/en\/wp-json\/wp\/v2\/media?parent=4935"}],"wp:term":[{"taxonomy":"category","embeddable":true,"href":"https:\/\/www.biologix.com.br\/en\/wp-json\/wp\/v2\/categories?post=4935"},{"taxonomy":"post_tag","embeddable":true,"href":"https:\/\/www.biologix.com.br\/en\/wp-json\/wp\/v2\/tags?post=4935"}],"curies":[{"name":"wp","href":"https:\/\/api.w.org\/{rel}","templated":true}]}}