{"id":5022,"date":"2021-04-09T10:12:08","date_gmt":"2021-04-09T13:12:08","guid":{"rendered":"https:\/\/www.biologix.com.br\/?p=5022"},"modified":"2025-08-13T10:36:53","modified_gmt":"2025-08-13T13:36:53","slug":"apneia-do-sono-e-hipoglicemia-na-madrugada","status":"publish","type":"post","link":"https:\/\/www.biologix.com.br\/en\/2021\/04\/09\/apneia-do-sono-e-hipoglicemia-na-madrugada\/","title":{"rendered":"Apneia do sono e hipoglicemia na madrugada<br><span class='secondary-title'>Saiba qual a rela\u00e7\u00e3o da apneia do sono e hipoglicemia<\/span>"},"content":{"rendered":"<div data-elementor-type=\"wp-post\" data-elementor-id=\"5022\" class=\"elementor elementor-5022\" data-elementor-post-type=\"post\">\n\t\t\t\t<div class=\"elementor-element elementor-element-2c5d1284 e-flex e-con-boxed e-con e-parent\" data-id=\"2c5d1284\" data-element_type=\"container\" data-e-type=\"container\">\n\t\t\t\t\t<div class=\"e-con-inner\">\n\t\t\t\t<div class=\"elementor-element elementor-element-332828a7 elementor-widget elementor-widget-text-editor\" data-id=\"332828a7\" data-element_type=\"widget\" data-e-type=\"widget\" data-widget_type=\"text-editor.default\">\n\t\t\t\t<div class=\"elementor-widget-container\">\n\t\t\t\t\t\t\t\t\t<p><\/p>\n<p><strong>By Dr. Di\u00f3genes Freire<\/strong><\/p>\n<p><\/p>\n<p>A hipoglicemia \u00e9 caracterizada por um n\u00edvel anormalmente baixo de glicose no sangue, geralmente abaixo de 70 mg\/dl e sem sintomas percept\u00edveis, podendo ocorrer durante o sono de um indiv\u00edduo e mesmo assim ele n\u00e3o acordar<\/p>\n<p><\/p>\n<p><\/p><\/div><\/div><\/div><\/div><\/div> <a href=\"https:\/\/www.biologix.com.br\/en\/2021\/04\/09\/apneia-do-sono-e-hipoglicemia-na-madrugada\/#more-5022\" class=\"more-link elementor-more-link\"><span aria-label=\"Continue reading Apneia do sono e hipoglicemia na madrugadaSaiba qual a rela\u00e7\u00e3o da apneia do sono e hipoglicemia\">(more&hellip;)<\/span><\/a>","protected":false},"excerpt":{"rendered":"<p>Por Dr. Di\u00f3genes Freire A hipoglicemia \u00e9 caracterizada por um n\u00edvel anormalmente baixo de glicose no sangue, geralmente abaixo de 70 mg\/dl e sem sintomas&hellip;<\/p>","protected":false},"author":11,"featured_media":11547,"comment_status":"closed","ping_status":"open","sticky":false,"template":"","format":"standard","meta":{"footnotes":""},"categories":[162,12],"tags":[5,61,88,199],"class_list":["post-5022","post","type-post","status-publish","format-standard","has-post-thumbnail","hentry","category-endocrinologia-profissional-de-saude","category-profissional-de-saude","tag-apneia-do-sono","tag-diabetes","tag-exame-do-sono","tag-hipoglicemia"],"aioseo_notices":[],"_links":{"self":[{"href":"https:\/\/www.biologix.com.br\/en\/wp-json\/wp\/v2\/posts\/5022","targetHints":{"allow":["GET"]}}],"collection":[{"href":"https:\/\/www.biologix.com.br\/en\/wp-json\/wp\/v2\/posts"}],"about":[{"href":"https:\/\/www.biologix.com.br\/en\/wp-json\/wp\/v2\/types\/post"}],"author":[{"embeddable":true,"href":"https:\/\/www.biologix.com.br\/en\/wp-json\/wp\/v2\/users\/11"}],"replies":[{"embeddable":true,"href":"https:\/\/www.biologix.com.br\/en\/wp-json\/wp\/v2\/comments?post=5022"}],"version-history":[{"count":14,"href":"https:\/\/www.biologix.com.br\/en\/wp-json\/wp\/v2\/posts\/5022\/revisions"}],"predecessor-version":[{"id":13739,"href":"https:\/\/www.biologix.com.br\/en\/wp-json\/wp\/v2\/posts\/5022\/revisions\/13739"}],"wp:featuredmedia":[{"embeddable":true,"href":"https:\/\/www.biologix.com.br\/en\/wp-json\/wp\/v2\/media\/11547"}],"wp:attachment":[{"href":"https:\/\/www.biologix.com.br\/en\/wp-json\/wp\/v2\/media?parent=5022"}],"wp:term":[{"taxonomy":"category","embeddable":true,"href":"https:\/\/www.biologix.com.br\/en\/wp-json\/wp\/v2\/categories?post=5022"},{"taxonomy":"post_tag","embeddable":true,"href":"https:\/\/www.biologix.com.br\/en\/wp-json\/wp\/v2\/tags?post=5022"}],"curies":[{"name":"wp","href":"https:\/\/api.w.org\/{rel}","templated":true}]}}