{"id":5118,"date":"2021-05-03T13:52:46","date_gmt":"2021-05-03T16:52:46","guid":{"rendered":"https:\/\/www.biologix.com.br\/?p=5118"},"modified":"2025-08-13T10:22:37","modified_gmt":"2025-08-13T13:22:37","slug":"fisioterapia-respiratoria","status":"publish","type":"post","link":"https:\/\/www.biologix.com.br\/en\/2021\/05\/03\/fisioterapia-respiratoria\/","title":{"rendered":"Respiratory Physical Therapy<br><span class='secondary-title'>Understanding the importance of respiratory physical therapy, with insights from Dr. Vivien Schmeling Piccin<\/span>"},"content":{"rendered":"<div data-elementor-type=\"wp-post\" data-elementor-id=\"5118\" class=\"elementor elementor-5118\" data-elementor-post-type=\"post\">\n\t\t\t\t<div class=\"elementor-element elementor-element-3ce0db09 e-flex e-con-boxed e-con e-parent\" data-id=\"3ce0db09\" data-element_type=\"container\" data-e-type=\"container\">\n\t\t\t\t\t<div class=\"e-con-inner\">\n\t\t\t\t<div class=\"elementor-element elementor-element-5d478e4d elementor-widget elementor-widget-text-editor\" data-id=\"5d478e4d\" data-element_type=\"widget\" data-e-type=\"widget\" data-widget_type=\"text-editor.default\">\n\t\t\t\t<div class=\"elementor-widget-container\">\n\t\t\t\t\t\t\t\t\t<p><\/p>\n<p>This video is for respiratory physical therapists who are seeking innovative and functional solutions for their daily consultations.<\/p>\n<p><\/p>\n<p><\/p><\/div><\/div><\/div><\/div><\/div> <a href=\"https:\/\/www.biologix.com.br\/en\/2021\/05\/03\/fisioterapia-respiratoria\/#more-5118\" class=\"more-link elementor-more-link\"><span aria-label=\"Continue reading Fisioterapia Respirat\u00f3riaEntenda a import\u00e2ncia da fisioterapia respirat\u00f3ria, segundo a Dra. Vivien Schmeling Piccin\">(more&hellip;)<\/span><\/a>","protected":false},"excerpt":{"rendered":"<p>This video is for respiratory physical therapists who are seeking innovative and functional solutions for their daily consultations.<\/p>","protected":false},"author":11,"featured_media":11542,"comment_status":"closed","ping_status":"open","sticky":false,"template":"","format":"standard","meta":{"footnotes":""},"categories":[15,12],"tags":[5,142,73,126,128],"class_list":["post-5118","post","type-post","status-publish","format-standard","has-post-thumbnail","hentry","category-fisio","category-profissional-de-saude","tag-apneia-do-sono","tag-covid","tag-covid-19","tag-fisioterapia","tag-fisioterapia-respiratoria"],"aioseo_notices":[],"_links":{"self":[{"href":"https:\/\/www.biologix.com.br\/en\/wp-json\/wp\/v2\/posts\/5118","targetHints":{"allow":["GET"]}}],"collection":[{"href":"https:\/\/www.biologix.com.br\/en\/wp-json\/wp\/v2\/posts"}],"about":[{"href":"https:\/\/www.biologix.com.br\/en\/wp-json\/wp\/v2\/types\/post"}],"author":[{"embeddable":true,"href":"https:\/\/www.biologix.com.br\/en\/wp-json\/wp\/v2\/users\/11"}],"replies":[{"embeddable":true,"href":"https:\/\/www.biologix.com.br\/en\/wp-json\/wp\/v2\/comments?post=5118"}],"version-history":[{"count":12,"href":"https:\/\/www.biologix.com.br\/en\/wp-json\/wp\/v2\/posts\/5118\/revisions"}],"predecessor-version":[{"id":13733,"href":"https:\/\/www.biologix.com.br\/en\/wp-json\/wp\/v2\/posts\/5118\/revisions\/13733"}],"wp:featuredmedia":[{"embeddable":true,"href":"https:\/\/www.biologix.com.br\/en\/wp-json\/wp\/v2\/media\/11542"}],"wp:attachment":[{"href":"https:\/\/www.biologix.com.br\/en\/wp-json\/wp\/v2\/media?parent=5118"}],"wp:term":[{"taxonomy":"category","embeddable":true,"href":"https:\/\/www.biologix.com.br\/en\/wp-json\/wp\/v2\/categories?post=5118"},{"taxonomy":"post_tag","embeddable":true,"href":"https:\/\/www.biologix.com.br\/en\/wp-json\/wp\/v2\/tags?post=5118"}],"curies":[{"name":"wp","href":"https:\/\/api.w.org\/{rel}","templated":true}]}}