{"id":5366,"date":"2021-07-16T09:32:48","date_gmt":"2021-07-16T12:32:48","guid":{"rendered":"https:\/\/www.biologix.com.br\/?p=5366"},"modified":"2025-08-13T09:40:15","modified_gmt":"2025-08-13T12:40:15","slug":"brasil-e-seus-milhoes-de-apneicos-diagnostico","status":"publish","type":"post","link":"https:\/\/www.biologix.com.br\/en\/2021\/07\/16\/brasil-e-seus-milhoes-de-apneicos-diagnostico\/","title":{"rendered":"Brazil and its Million Apneic Patients: Diagnosis<br><span class='secondary-title'>O diagn\u00f3stico da apneia obstrutiva do sono<\/span>"},"content":{"rendered":"<div data-elementor-type=\"wp-post\" data-elementor-id=\"5366\" class=\"elementor elementor-5366\" data-elementor-post-type=\"post\">\n\t\t\t\t<div class=\"elementor-element elementor-element-326b43ee e-flex e-con-boxed e-con e-parent\" data-id=\"326b43ee\" data-element_type=\"container\" data-e-type=\"container\">\n\t\t\t\t\t<div class=\"e-con-inner\">\n\t\t\t\t<div class=\"elementor-element elementor-element-4122b2cd elementor-widget elementor-widget-text-editor\" data-id=\"4122b2cd\" data-element_type=\"widget\" data-e-type=\"widget\" data-widget_type=\"text-editor.default\">\n\t\t\t\t<div class=\"elementor-widget-container\">\n\t\t\t\t\t\t\t\t\t<p><\/p>\n<p>A Apneia Obstrutiva do Sono (AOS) acomete qualquer etnia, cor, g\u00eanero ou classe social. Est\u00e1 presente em todo o mundo e, no Brasil, atinge a vida de quase 50 milh\u00f5es de pessoas*. Apesar do elevado n\u00famero de doentes, o diagn\u00f3stico ainda \u00e9 muito baixo: somente cerca de 10%.<\/p>\n<p><\/p>\n<p><\/p><\/div><\/div><\/div><\/div><\/div> <a href=\"https:\/\/www.biologix.com.br\/en\/2021\/07\/16\/brasil-e-seus-milhoes-de-apneicos-diagnostico\/#more-5366\" class=\"more-link elementor-more-link\"><span aria-label=\"Continue reading Brasil e seus milh\u00f5es de apneicos: diagn\u00f3sticoO diagn\u00f3stico da apneia obstrutiva do sono\">(more&hellip;)<\/span><\/a>","protected":false},"excerpt":{"rendered":"<p>A Apneia Obstrutiva do Sono (AOS) acomete qualquer etnia, cor, g\u00eanero ou classe social. Est\u00e1 presente em todo o mundo e, no Brasil, atinge a&hellip;<\/p>","protected":false},"author":11,"featured_media":11611,"comment_status":"closed","ping_status":"open","sticky":false,"template":"","format":"standard","meta":{"footnotes":""},"categories":[13,12],"tags":[58,89,88,133,149,29,9],"class_list":["post-5366","post","type-post","status-publish","format-standard","has-post-thumbnail","hentry","category-odontologia","category-profissional-de-saude","tag-aos-2","tag-dentista","tag-exame-do-sono","tag-odontologia","tag-oximetria-noturna","tag-polissonografia","tag-sono"],"aioseo_notices":[],"_links":{"self":[{"href":"https:\/\/www.biologix.com.br\/en\/wp-json\/wp\/v2\/posts\/5366","targetHints":{"allow":["GET"]}}],"collection":[{"href":"https:\/\/www.biologix.com.br\/en\/wp-json\/wp\/v2\/posts"}],"about":[{"href":"https:\/\/www.biologix.com.br\/en\/wp-json\/wp\/v2\/types\/post"}],"author":[{"embeddable":true,"href":"https:\/\/www.biologix.com.br\/en\/wp-json\/wp\/v2\/users\/11"}],"replies":[{"embeddable":true,"href":"https:\/\/www.biologix.com.br\/en\/wp-json\/wp\/v2\/comments?post=5366"}],"version-history":[{"count":13,"href":"https:\/\/www.biologix.com.br\/en\/wp-json\/wp\/v2\/posts\/5366\/revisions"}],"predecessor-version":[{"id":13717,"href":"https:\/\/www.biologix.com.br\/en\/wp-json\/wp\/v2\/posts\/5366\/revisions\/13717"}],"wp:featuredmedia":[{"embeddable":true,"href":"https:\/\/www.biologix.com.br\/en\/wp-json\/wp\/v2\/media\/11611"}],"wp:attachment":[{"href":"https:\/\/www.biologix.com.br\/en\/wp-json\/wp\/v2\/media?parent=5366"}],"wp:term":[{"taxonomy":"category","embeddable":true,"href":"https:\/\/www.biologix.com.br\/en\/wp-json\/wp\/v2\/categories?post=5366"},{"taxonomy":"post_tag","embeddable":true,"href":"https:\/\/www.biologix.com.br\/en\/wp-json\/wp\/v2\/tags?post=5366"}],"curies":[{"name":"wp","href":"https:\/\/api.w.org\/{rel}","templated":true}]}}