{"id":5780,"date":"2022-01-24T09:52:22","date_gmt":"2022-01-24T12:52:22","guid":{"rendered":"https:\/\/www.biologix.com.br\/?p=5780"},"modified":"2025-08-12T11:10:59","modified_gmt":"2025-08-12T14:10:59","slug":"aparelho-intraoral-aio-na-prevencao-e-reducao-de-doencas-cardiovasculares-dcv","status":"publish","type":"post","link":"https:\/\/www.biologix.com.br\/en\/2022\/01\/24\/aparelho-intraoral-aio-na-prevencao-e-reducao-de-doencas-cardiovasculares-dcv\/","title":{"rendered":"Aparelho intraoral (AIO) na preven\u00e7\u00e3o e redu\u00e7\u00e3o de doen\u00e7as cardiovasculares (DCV)<br><span class='secondary-title'>Aten\u00e7\u00e3o, cardiologistas!<\/span>"},"content":{"rendered":"<div data-elementor-type=\"wp-post\" data-elementor-id=\"5780\" class=\"elementor elementor-5780\" data-elementor-post-type=\"post\">\n\t\t\t\t<div class=\"elementor-element elementor-element-22967a38 e-flex e-con-boxed e-con e-parent\" data-id=\"22967a38\" data-element_type=\"container\" data-e-type=\"container\">\n\t\t\t\t\t<div class=\"e-con-inner\">\n\t\t\t\t<div class=\"elementor-element elementor-element-1c704d42 elementor-widget elementor-widget-text-editor\" data-id=\"1c704d42\" data-element_type=\"widget\" data-e-type=\"widget\" data-widget_type=\"text-editor.default\">\n\t\t\t\t<div class=\"elementor-widget-container\">\n\t\t\t\t\t\t\t\t\t<p><\/p>\n<p>O alerta vem de um artigo de revis\u00e3o conduzido por respeitado grupo de pesquisadores da Austr\u00e1lia e Singapura. Nesse paper, os autores revisaram o &#8220;poder&#8221; do CPAP na redu\u00e7\u00e3o dos<a href=\"https:\/\/www.biologix.com.br\/en\/2021\/12\/03\/a-apneia-do-sono-piora-as-doencas-cardiacas-na-maioria-das-vezes-nao-tratada\/\" target=\"_blank\" rel=\"noreferrer noopener\"> <strong>riscos para DCV <\/strong><\/a>nos 3 mais importantes estudos j\u00e1 publicados. O desfecho foi desanimador: o CPAP n\u00e3o mostrou benef\u00edcios. Ao revisarem o porqu\u00ea desse desfecho, a baixa ades\u00e3o se destaca como a principal.<\/p>\n<p><\/p>\n<p><\/p><\/div><\/div><\/div><\/div><\/div> <a href=\"https:\/\/www.biologix.com.br\/en\/2022\/01\/24\/aparelho-intraoral-aio-na-prevencao-e-reducao-de-doencas-cardiovasculares-dcv\/#more-5780\" class=\"more-link elementor-more-link\"><span aria-label=\"Continue reading Aparelho intraoral (AIO) na preven\u00e7\u00e3o e redu\u00e7\u00e3o de doen\u00e7as cardiovasculares (DCV)Aten\u00e7\u00e3o, cardiologistas!\">(more&hellip;)<\/span><\/a>","protected":false},"excerpt":{"rendered":"<p>O alerta vem de um artigo de revis\u00e3o conduzido por respeitado grupo de pesquisadores da Austr\u00e1lia e Singapura. Nesse paper, os autores revisaram o &#8220;poder&#8221;&hellip;<\/p>","protected":false},"author":11,"featured_media":11609,"comment_status":"closed","ping_status":"open","sticky":true,"template":"","format":"standard","meta":{"footnotes":""},"categories":[13,12],"tags":[195,58,5,139,215,214,196,216,149],"class_list":["post-5780","post","type-post","status-publish","format-standard","has-post-thumbnail","hentry","category-odontologia","category-profissional-de-saude","tag-aio","tag-aos-2","tag-apneia-do-sono","tag-cardiologia","tag-dcv","tag-doencas-cardiovasculares","tag-intraoral","tag-odontologia-do-sono","tag-oximetria-noturna"],"aioseo_notices":[],"_links":{"self":[{"href":"https:\/\/www.biologix.com.br\/en\/wp-json\/wp\/v2\/posts\/5780","targetHints":{"allow":["GET"]}}],"collection":[{"href":"https:\/\/www.biologix.com.br\/en\/wp-json\/wp\/v2\/posts"}],"about":[{"href":"https:\/\/www.biologix.com.br\/en\/wp-json\/wp\/v2\/types\/post"}],"author":[{"embeddable":true,"href":"https:\/\/www.biologix.com.br\/en\/wp-json\/wp\/v2\/users\/11"}],"replies":[{"embeddable":true,"href":"https:\/\/www.biologix.com.br\/en\/wp-json\/wp\/v2\/comments?post=5780"}],"version-history":[{"count":10,"href":"https:\/\/www.biologix.com.br\/en\/wp-json\/wp\/v2\/posts\/5780\/revisions"}],"predecessor-version":[{"id":13675,"href":"https:\/\/www.biologix.com.br\/en\/wp-json\/wp\/v2\/posts\/5780\/revisions\/13675"}],"wp:featuredmedia":[{"embeddable":true,"href":"https:\/\/www.biologix.com.br\/en\/wp-json\/wp\/v2\/media\/11609"}],"wp:attachment":[{"href":"https:\/\/www.biologix.com.br\/en\/wp-json\/wp\/v2\/media?parent=5780"}],"wp:term":[{"taxonomy":"category","embeddable":true,"href":"https:\/\/www.biologix.com.br\/en\/wp-json\/wp\/v2\/categories?post=5780"},{"taxonomy":"post_tag","embeddable":true,"href":"https:\/\/www.biologix.com.br\/en\/wp-json\/wp\/v2\/tags?post=5780"}],"curies":[{"name":"wp","href":"https:\/\/api.w.org\/{rel}","templated":true}]}}