{"id":6424,"date":"2022-02-20T15:38:39","date_gmt":"2022-02-20T18:38:39","guid":{"rendered":"https:\/\/www.biologix.com.br\/?p=6424"},"modified":"2025-08-12T11:08:02","modified_gmt":"2025-08-12T14:08:02","slug":"aparelho-intraoral-aioe-eficaz-na-apneia-posicional-ap","status":"publish","type":"post","link":"https:\/\/www.biologix.com.br\/en\/2022\/02\/20\/aparelho-intraoral-aioe-eficaz-na-apneia-posicional-ap\/","title":{"rendered":"Aparelho intraoral (AIO) \u00e9 eficaz na apneia posicional (AP)?<br><span class='secondary-title'>Quando devo associ\u00e1-lo com faixa posicional (FP)?<\/span>"},"content":{"rendered":"<div data-elementor-type=\"wp-post\" data-elementor-id=\"6424\" class=\"elementor elementor-6424\" data-elementor-post-type=\"post\">\n\t\t\t\t<div class=\"elementor-element elementor-element-89017a0 e-flex e-con-boxed e-con e-parent\" data-id=\"89017a0\" data-element_type=\"container\" data-e-type=\"container\">\n\t\t\t\t\t<div class=\"e-con-inner\">\n\t\t\t\t<div class=\"elementor-element elementor-element-12b7096 elementor-widget elementor-widget-text-editor\" data-id=\"12b7096\" data-element_type=\"widget\" data-e-type=\"widget\" data-widget_type=\"text-editor.default\">\n\t\t\t\t<div class=\"elementor-widget-container\">\n\t\t\t\t\t\t\t\t\t<p><\/p>\n<p>A escolha de um tratamento deve ser guiada por v\u00e1rias informa\u00e7\u00f5es; fatores preditivos como IMC, satura\u00e7\u00e3o de oxihemoglobina, IAH e presen\u00e7a de comorbidades auxiliam na indica\u00e7\u00e3o.&nbsp;<\/p>\n<p><\/p>\n<p><\/p><\/div><\/div><\/div><\/div><\/div> <a href=\"https:\/\/www.biologix.com.br\/en\/2022\/02\/20\/aparelho-intraoral-aioe-eficaz-na-apneia-posicional-ap\/#more-6424\" class=\"more-link elementor-more-link\"><span aria-label=\"Continue reading Aparelho intraoral (AIO) \u00e9 eficaz na apneia posicional (AP)?Quando devo associ\u00e1-lo com faixa posicional (FP)?\">(more&hellip;)<\/span><\/a>","protected":false},"excerpt":{"rendered":"<p>A escolha de um tratamento deve ser guiada por v\u00e1rias informa\u00e7\u00f5es; fatores preditivos como IMC, satura\u00e7\u00e3o de oxihemoglobina, IAH e presen\u00e7a de comorbidades auxiliam na&hellip;<\/p>","protected":false},"author":11,"featured_media":11608,"comment_status":"closed","ping_status":"open","sticky":true,"template":"","format":"standard","meta":{"footnotes":""},"categories":[13,12],"tags":[195,5,25,196,216],"class_list":["post-6424","post","type-post","status-publish","format-standard","has-post-thumbnail","hentry","category-odontologia","category-profissional-de-saude","tag-aio","tag-apneia-do-sono","tag-apneia-obstrutiva-do-sono","tag-intraoral","tag-odontologia-do-sono"],"aioseo_notices":[],"_links":{"self":[{"href":"https:\/\/www.biologix.com.br\/en\/wp-json\/wp\/v2\/posts\/6424","targetHints":{"allow":["GET"]}}],"collection":[{"href":"https:\/\/www.biologix.com.br\/en\/wp-json\/wp\/v2\/posts"}],"about":[{"href":"https:\/\/www.biologix.com.br\/en\/wp-json\/wp\/v2\/types\/post"}],"author":[{"embeddable":true,"href":"https:\/\/www.biologix.com.br\/en\/wp-json\/wp\/v2\/users\/11"}],"replies":[{"embeddable":true,"href":"https:\/\/www.biologix.com.br\/en\/wp-json\/wp\/v2\/comments?post=6424"}],"version-history":[{"count":11,"href":"https:\/\/www.biologix.com.br\/en\/wp-json\/wp\/v2\/posts\/6424\/revisions"}],"predecessor-version":[{"id":13672,"href":"https:\/\/www.biologix.com.br\/en\/wp-json\/wp\/v2\/posts\/6424\/revisions\/13672"}],"wp:featuredmedia":[{"embeddable":true,"href":"https:\/\/www.biologix.com.br\/en\/wp-json\/wp\/v2\/media\/11608"}],"wp:attachment":[{"href":"https:\/\/www.biologix.com.br\/en\/wp-json\/wp\/v2\/media?parent=6424"}],"wp:term":[{"taxonomy":"category","embeddable":true,"href":"https:\/\/www.biologix.com.br\/en\/wp-json\/wp\/v2\/categories?post=6424"},{"taxonomy":"post_tag","embeddable":true,"href":"https:\/\/www.biologix.com.br\/en\/wp-json\/wp\/v2\/tags?post=6424"}],"curies":[{"name":"wp","href":"https:\/\/api.w.org\/{rel}","templated":true}]}}