{"id":6856,"date":"2022-03-20T12:02:57","date_gmt":"2022-03-20T15:02:57","guid":{"rendered":"https:\/\/www.biologix.com.br\/?p=6856"},"modified":"2025-08-13T09:26:57","modified_gmt":"2025-08-13T12:26:57","slug":"marco-mes-de-conscientizacao-sobre-o-sono","status":"publish","type":"post","link":"https:\/\/www.biologix.com.br\/en\/2022\/03\/20\/marco-mes-de-conscientizacao-sobre-o-sono\/","title":{"rendered":"Mar\u00e7o, m\u00eas de conscientiza\u00e7\u00e3o sobre o sono<br><span class='secondary-title'>Acorde para esse problema<\/span>"},"content":{"rendered":"<div data-elementor-type=\"wp-post\" data-elementor-id=\"6856\" class=\"elementor elementor-6856\" data-elementor-post-type=\"post\">\n\t\t\t\t<div class=\"elementor-element elementor-element-738f5190 e-flex e-con-boxed e-con e-parent\" data-id=\"738f5190\" data-element_type=\"container\" data-e-type=\"container\">\n\t\t\t\t\t<div class=\"e-con-inner\">\n\t\t\t\t<div class=\"elementor-element elementor-element-1470356d elementor-widget elementor-widget-text-editor\" data-id=\"1470356d\" data-element_type=\"widget\" data-e-type=\"widget\" data-widget_type=\"text-editor.default\">\n\t\t\t\t<div class=\"elementor-widget-container\">\n\t\t\t\t\t\t\t\t\t<p><\/p>\n<p>Mar\u00e7o \u00e9 designado como o M\u00eas Mundial de Conscientiza\u00e7\u00e3o do Sono, o que nos oferece a oportunidade de analisar al\u00e9m dos nossos pr\u00f3prios h\u00e1bitos de sono, mas principalmente o sono dos pacientes, e buscar maneiras de melhorar sua quantidade e a qualidade do sono.<\/p>\n<p><\/p>\n<p><\/p><\/div><\/div><\/div><\/div><\/div> <a href=\"https:\/\/www.biologix.com.br\/en\/2022\/03\/20\/marco-mes-de-conscientizacao-sobre-o-sono\/#more-6856\" class=\"more-link elementor-more-link\"><span aria-label=\"Continue reading Mar\u00e7o, m\u00eas de conscientiza\u00e7\u00e3o sobre o sonoAcorde para esse problema\">(more&hellip;)<\/span><\/a>","protected":false},"excerpt":{"rendered":"<p>Mar\u00e7o \u00e9 designado como o M\u00eas Mundial de Conscientiza\u00e7\u00e3o do Sono, o que nos oferece a oportunidade de analisar al\u00e9m dos nossos pr\u00f3prios h\u00e1bitos de&hellip;<\/p>","protected":false},"author":11,"featured_media":6858,"comment_status":"closed","ping_status":"open","sticky":false,"template":"","format":"standard","meta":{"footnotes":""},"categories":[12],"tags":[5,91,217,218,9],"class_list":["post-6856","post","type-post","status-publish","format-standard","has-post-thumbnail","hentry","category-profissional-de-saude","tag-apneia-do-sono","tag-dormir","tag-semana-do-sono","tag-semana-do-sono-2022","tag-sono"],"aioseo_notices":[],"_links":{"self":[{"href":"https:\/\/www.biologix.com.br\/en\/wp-json\/wp\/v2\/posts\/6856","targetHints":{"allow":["GET"]}}],"collection":[{"href":"https:\/\/www.biologix.com.br\/en\/wp-json\/wp\/v2\/posts"}],"about":[{"href":"https:\/\/www.biologix.com.br\/en\/wp-json\/wp\/v2\/types\/post"}],"author":[{"embeddable":true,"href":"https:\/\/www.biologix.com.br\/en\/wp-json\/wp\/v2\/users\/11"}],"replies":[{"embeddable":true,"href":"https:\/\/www.biologix.com.br\/en\/wp-json\/wp\/v2\/comments?post=6856"}],"version-history":[{"count":7,"href":"https:\/\/www.biologix.com.br\/en\/wp-json\/wp\/v2\/posts\/6856\/revisions"}],"predecessor-version":[{"id":13707,"href":"https:\/\/www.biologix.com.br\/en\/wp-json\/wp\/v2\/posts\/6856\/revisions\/13707"}],"wp:featuredmedia":[{"embeddable":true,"href":"https:\/\/www.biologix.com.br\/en\/wp-json\/wp\/v2\/media\/6858"}],"wp:attachment":[{"href":"https:\/\/www.biologix.com.br\/en\/wp-json\/wp\/v2\/media?parent=6856"}],"wp:term":[{"taxonomy":"category","embeddable":true,"href":"https:\/\/www.biologix.com.br\/en\/wp-json\/wp\/v2\/categories?post=6856"},{"taxonomy":"post_tag","embeddable":true,"href":"https:\/\/www.biologix.com.br\/en\/wp-json\/wp\/v2\/tags?post=6856"}],"curies":[{"name":"wp","href":"https:\/\/api.w.org\/{rel}","templated":true}]}}