{"id":6890,"date":"2022-04-18T18:23:18","date_gmt":"2022-04-18T21:23:18","guid":{"rendered":"https:\/\/www.biologix.com.br\/?p=6890"},"modified":"2025-01-03T17:36:43","modified_gmt":"2025-01-03T20:36:43","slug":"a-saude-bucal-pode-afetar-a-qualidade-do-seu-sono","status":"publish","type":"post","link":"https:\/\/www.biologix.com.br\/en\/2022\/04\/18\/a-saude-bucal-pode-afetar-a-qualidade-do-seu-sono\/","title":{"rendered":"Can Oral Health Impact Your Sleep Quality?<br><span class='secondary-title'>Understanding how oral problems can disrupt your nighttime rest<\/span>"},"content":{"rendered":"<p>Getting enough sleep each day is essential for both physical and mental health. This article explains how <strong>oral health<\/strong> can affect your sleep quality.<\/p>\n\n\n\n<p>Want to learn more? Keep reading.<\/p>\n\n\n\n<!--more-->\n\n\n\n<h2 class=\"wp-block-heading\">The Most Common Oral Conditions That Affect Sleep<\/h2>\n\n\n\n<p>On the one hand, a good night\u2019s sleep supports memory consolidation, learning, and immune system function.<\/p>\n\n\n\n<p>On the other hand, poor sleep affects cognition and causes irritability.<\/p>\n\n\n\n<p>Some oral conditions that may interfere with sleep include:<\/p>\n\n\n\t\t<div data-elementor-type=\"section\" data-elementor-id=\"3430\" class=\"elementor elementor-3430\" data-elementor-post-type=\"elementor_library\">\n\t\t\t\t\t<section class=\"elementor-section elementor-top-section elementor-element elementor-element-0aae773 elementor-section-boxed elementor-section-height-default elementor-section-height-default\" data-id=\"0aae773\" data-element_type=\"section\" data-e-type=\"section\">\n\t\t\t\t\t\t<div class=\"elementor-container elementor-column-gap-default\">\n\t\t\t\t\t<div class=\"elementor-column elementor-col-100 elementor-top-column elementor-element elementor-element-15740c0\" data-id=\"15740c0\" data-element_type=\"column\" data-e-type=\"column\">\n\t\t\t<div class=\"elementor-widget-wrap elementor-element-populated\">\n\t\t\t\t\t\t<section class=\"elementor-section elementor-inner-section elementor-element elementor-element-c9165c4 elementor-section-boxed elementor-section-height-default elementor-section-height-default\" data-id=\"c9165c4\" data-element_type=\"section\" data-e-type=\"section\">\n\t\t\t\t\t\t<div class=\"elementor-container elementor-column-gap-default\">\n\t\t\t\t\t<div class=\"elementor-column elementor-col-50 elementor-inner-column elementor-element elementor-element-55d21cc\" data-id=\"55d21cc\" data-element_type=\"column\" data-e-type=\"column\">\n\t\t\t<div class=\"elementor-widget-wrap elementor-element-populated\">\n\t\t\t\t\t\t<div class=\"elementor-element elementor-element-0180177 elementor-align-justify elementor-widget elementor-widget-button\" data-id=\"0180177\" data-element_type=\"widget\" data-e-type=\"widget\" data-widget_type=\"button.default\">\n\t\t\t\t<div class=\"elementor-widget-container\">\n\t\t\t\t\t\t\t\t\t<div class=\"elementor-button-wrapper\">\n\t\t\t\t\t<a class=\"elementor-button elementor-button-link elementor-size-sm\" href=\"https:\/\/api.whatsapp.com\/send\/?phone=5511963746007&#038;text=Ol%C3%A1%21+Sou+profissional+de+sa%C3%BAde+e+tenho+interesse+em+saber+mais+sobre+como+posso+me+tornar+um+centro+credenciado+Biologix.&#038;type=phone_number&#038;app_absent=0\">\n\t\t\t\t\t\t<span class=\"elementor-button-content-wrapper\">\n\t\t\t\t\t\t\t\t\t<span class=\"elementor-button-text\">Talk to a consultant<\/span>\n\t\t\t\t\t<\/span>\n\t\t\t\t\t<\/a>\n\t\t\t\t<\/div>\n\t\t\t\t\t\t\t\t<\/div>\n\t\t\t\t<\/div>\n\t\t\t\t\t<\/div>\n\t\t<\/div>\n\t\t\t\t<div class=\"elementor-column elementor-col-50 elementor-inner-column elementor-element elementor-element-4bb7811\" data-id=\"4bb7811\" data-element_type=\"column\" data-e-type=\"column\">\n\t\t\t<div class=\"elementor-widget-wrap elementor-element-populated\">\n\t\t\t\t\t\t<div class=\"elementor-element elementor-element-be95e67 elementor-align-justify elementor-widget elementor-widget-button\" data-id=\"be95e67\" data-element_type=\"widget\" data-e-type=\"widget\" data-widget_type=\"button.default\">\n\t\t\t\t<div class=\"elementor-widget-container\">\n\t\t\t\t\t\t\t\t\t<div class=\"elementor-button-wrapper\">\n\t\t\t\t\t<a class=\"elementor-button elementor-button-link elementor-size-sm\" href=\"https:\/\/www.biologix.com.br\/en\/todos-os-conteudos\/\">\n\t\t\t\t\t\t<span class=\"elementor-button-content-wrapper\">\n\t\t\t\t\t\t\t\t\t<span class=\"elementor-button-text\">Related content<\/span>\n\t\t\t\t\t<\/span>\n\t\t\t\t\t<\/a>\n\t\t\t\t<\/div>\n\t\t\t\t\t\t\t\t<\/div>\n\t\t\t\t<\/div>\n\t\t\t\t\t<\/div>\n\t\t<\/div>\n\t\t\t\t\t<\/div>\n\t\t<\/section>\n\t\t\t\t\t<\/div>\n\t\t<\/div>\n\t\t\t\t\t<\/div>\n\t\t<\/section>\n\t\t\t\t<\/div>\n\t\t\n\n\n\n<ol class=\"wp-block-list\">\n<li><strong>Bruxism<\/strong><\/li>\n<\/ol>\n\n\n\n<p>Many people with bruxism do not know they have it.<\/p>\n\n\n\n<p>It is characterized by teeth grinding during the night and is usually linked to stress and anxiety. It mainly affects young people, and in many cases, improves with age.<\/p>\n\n\n\n<p>Bruxism can damage gums, cause morning headaches, lead to jaw and neck problems, and result in tooth wear or fractures.<\/p>\n\n\n\n<p>Treatment often focuses on reducing stress and anxiety. When the condition persists, dentists usually recommend wearing a customized night guard.<\/p>\n\n\n\n<p>If a tooth fractures, <a href=\"https:\/\/www.supersorriso.com.br\/lente-de-contato-dental\"><strong>dental veneers may be considered<\/strong><\/a>.<\/p>\n\n\n\n<p>These devices, made from different materials, restore the natural shape, color, and brightness of healthy teeth.<\/p>\n\n\n\n<p>Before choosing this procedure, always consult your dentist to ensure you receive the most appropriate treatment\u2014for example, <a href=\"https:\/\/www.supersorriso.com.br\/lente-de-contato-dental\"><strong>dental contact lenses.<\/strong><\/a>.<\/p>\n\n\n\t\t<div data-elementor-type=\"section\" data-elementor-id=\"587\" class=\"elementor elementor-587\" data-elementor-post-type=\"elementor_library\">\n\t\t\t\t\t<section class=\"elementor-section elementor-top-section elementor-element elementor-element-4d0649a elementor-section-boxed elementor-section-height-default elementor-section-height-default\" data-id=\"4d0649a\" data-element_type=\"section\" data-e-type=\"section\">\n\t\t\t\t\t\t<div class=\"elementor-container elementor-column-gap-default\">\n\t\t\t\t\t<div class=\"elementor-column elementor-col-100 elementor-top-column elementor-element elementor-element-9d36ab1\" data-id=\"9d36ab1\" data-element_type=\"column\" data-e-type=\"column\">\n\t\t\t<div class=\"elementor-widget-wrap elementor-element-populated\">\n\t\t\t\t\t\t<div class=\"elementor-element elementor-element-c0177f3 elementor-widget elementor-widget-html\" data-id=\"c0177f3\" data-element_type=\"widget\" data-e-type=\"widget\" data-widget_type=\"html.default\">\n\t\t\t\t<div class=\"elementor-widget-container\">\n\t\t\t\t\t<div role=\"main\" id=\"site-inscricao-receber-conteudo-66a2c8b9048f99353f18\"><\/div><script type=\"text\/javascript\" src=\"https:\/\/d335luupugsy2.cloudfront.net\/js\/rdstation-forms\/stable\/rdstation-forms.min.js\"><\/script><script type=\"text\/javascript\"> new RDStationForms('site-inscricao-receber-conteudo-66a2c8b9048f99353f18', 'UA-128422573-1').createForm();<\/script>\t\t\t\t<\/div>\n\t\t\t\t<\/div>\n\t\t\t\t\t<\/div>\n\t\t<\/div>\n\t\t\t\t\t<\/div>\n\t\t<\/section>\n\t\t\t\t<\/div>\n\t\t\n\n\n\n<ol class=\"wp-block-list\" start=\"2\">\n<li><strong>Snoring<\/strong><\/li>\n<\/ol>\n\n\n\n<p>Snoring occurs when airflow is partially blocked, producing a characteristic sound. It is often associated with alcohol or sedative use.<\/p>\n\n\n\n<p>This condition can also cause dry mouth and throat, which increases the risk of infections, cavities, and tartar buildup.<\/p>\n\n\n\n<p>In cases of advanced cavities, tooth extraction may be necessary, followed by an implant. Have a look at <a href=\"https:\/\/www.falasorriso.com.br\/implante-dentario\"><strong>its costs<\/strong><\/a> and take care of your teeth.<\/p>\n\n\n\n<p>Snoring can also be related to misaligned teeth. If your dentist identifies this as the cause, they may recommend a corrective treatment.<\/p>\n\n\n\n<p>Generally, this treatment is carried out either with traditional braces or <a href=\"https:\/\/www.sorrisocontente.com.br\/aparelho-invisivel\"><strong>Invisalign<\/strong><\/a>.<\/p>\n\n\n\n<ol class=\"wp-block-list\" start=\"3\">\n<li><strong>Obstructive Sleep Apnea<\/strong><\/li>\n<\/ol>\n\n\n\n<p>Obstructive sleep apnea (OSA) is a serious disorder in which breathing repeatedly stops during sleep due to airway obstruction.<\/p>\n\n\n\n<p>This occurs when the throat and tongue muscles relax excessively, blocking airflow. The most common symptoms include:<\/p>\n\n\n\n<ul class=\"wp-block-list\">\n<li>Loud and frequent snoring<\/li>\n\n\n\n<li>Breathing pauses during sleep<\/li>\n\n\n\n<li>Dry mouth<\/li>\n\n\n\n<li>Morning headaches<\/li>\n<\/ul>\n\n\n\n<p>If left untreated, sleep apnea can lead to cardiovascular disease.<\/p>\n\n\n\n<p>Drops in blood oxygen during breathing pauses can stress the brain, interrupt deep sleep, and raise blood pressure.<\/p>\n\n\n\n<p>Treatment usually involves oral appliances that keep the airway open, often combined with speech therapy. Reducing alcohol consumption is also strongly recommended.<\/p>\n\n\n\t\t<div data-elementor-type=\"section\" data-elementor-id=\"3414\" class=\"elementor elementor-3414\" data-elementor-post-type=\"elementor_library\">\n\t\t\t\t\t<section class=\"elementor-section elementor-top-section elementor-element elementor-element-bba2a7b elementor-section-boxed elementor-section-height-default elementor-section-height-default\" data-id=\"bba2a7b\" data-element_type=\"section\" data-e-type=\"section\">\n\t\t\t\t\t\t<div class=\"elementor-container elementor-column-gap-default\">\n\t\t\t\t\t<div class=\"elementor-column elementor-col-100 elementor-top-column elementor-element elementor-element-a39b97d\" data-id=\"a39b97d\" data-element_type=\"column\" data-e-type=\"column\">\n\t\t\t<div class=\"elementor-widget-wrap elementor-element-populated\">\n\t\t\t\t\t\t<div class=\"elementor-element elementor-element-7b06e35 elementor-widget elementor-widget-button\" data-id=\"7b06e35\" data-element_type=\"widget\" data-e-type=\"widget\" data-widget_type=\"button.default\">\n\t\t\t\t<div class=\"elementor-widget-container\">\n\t\t\t\t\t\t\t\t\t<div class=\"elementor-button-wrapper\">\n\t\t\t\t\t<a class=\"elementor-button elementor-button-link elementor-size-sm\" href=\"https:\/\/www.biologix.com.br\/en\/paciente\/#busca-centros\" id=\"buscar-centro-credenciado\">\n\t\t\t\t\t\t<span class=\"elementor-button-content-wrapper\">\n\t\t\t\t\t\t\t\t\t<span class=\"elementor-button-text\">Look for an accredited center<\/span>\n\t\t\t\t\t<\/span>\n\t\t\t\t\t<\/a>\n\t\t\t\t<\/div>\n\t\t\t\t\t\t\t\t<\/div>\n\t\t\t\t<\/div>\n\t\t\t\t\t<\/div>\n\t\t<\/div>\n\t\t\t\t\t<\/div>\n\t\t<\/section>\n\t\t\t\t<\/div>\n\t\t\n\n\n\n<h2 class=\"wp-block-heading\">Oral Care and a Good Night\u2019s Sleep<\/h2>\n\n\n\n<p>Maintaining good oral hygiene means brushing at least three times a day and flossing once daily, preferably before bed.<\/p>\n\n\n\n<p>Those who suffer from apnea, snoring, or bruxism should use the specific devices recommended by their dentist or specialist. Avoid alcohol and sedatives before bedtime, as they can worsen sleep problems.<\/p>\n\n\n\n<p>If you don\u2019t already have an oral device, consult your dentist. They can perform a proper evaluation, request imaging studies if necessary, and recommend a customized device tailored to your bite.<\/p>\n\n\n\n<p>Regular dental checkups are also important, not only for aesthetics but for complete oral health. During these visits, you can benefit from professional cleaning in areas that are hard to reach at home. If you notice stains or discoloration, you might also consider <a href=\"https:\/\/www.odontologiacomestetica.com.br\/clareamento-dentario\"><strong>laser whitening<\/strong><\/a><strong> <\/strong>to enhance your smile.<\/p>\n\n\n\n<p><em><strong>This content was developed by the <\/strong><\/em><a href=\"https:\/\/statusfitcenter.com.br\/\"><strong><em>Status Fit Center team<\/em><\/strong><\/a><em><strong>, a blog created to promote health and wellness by highlighting the importance of regular care.<\/strong><\/em><\/p>","protected":false},"excerpt":{"rendered":"<p>Um bom tempo de sono di\u00e1rio \u00e9 essencial para a sa\u00fade f\u00edsica e mental. Hoje vamos conferir como a sa\u00fade bucal pode afetar sua noite&hellip;<\/p>","protected":false},"author":11,"featured_media":6896,"comment_status":"closed","ping_status":"open","sticky":false,"template":"","format":"standard","meta":{"footnotes":""},"categories":[191],"tags":[23,5,25,192],"class_list":["post-6890","post","type-post","status-publish","format-standard","has-post-thumbnail","hentry","category-convidados","tag-apneia","tag-apneia-do-sono","tag-apneia-obstrutiva-do-sono","tag-saude-bucal"],"aioseo_notices":[],"_links":{"self":[{"href":"https:\/\/www.biologix.com.br\/en\/wp-json\/wp\/v2\/posts\/6890","targetHints":{"allow":["GET"]}}],"collection":[{"href":"https:\/\/www.biologix.com.br\/en\/wp-json\/wp\/v2\/posts"}],"about":[{"href":"https:\/\/www.biologix.com.br\/en\/wp-json\/wp\/v2\/types\/post"}],"author":[{"embeddable":true,"href":"https:\/\/www.biologix.com.br\/en\/wp-json\/wp\/v2\/users\/11"}],"replies":[{"embeddable":true,"href":"https:\/\/www.biologix.com.br\/en\/wp-json\/wp\/v2\/comments?post=6890"}],"version-history":[{"count":4,"href":"https:\/\/www.biologix.com.br\/en\/wp-json\/wp\/v2\/posts\/6890\/revisions"}],"predecessor-version":[{"id":13124,"href":"https:\/\/www.biologix.com.br\/en\/wp-json\/wp\/v2\/posts\/6890\/revisions\/13124"}],"wp:featuredmedia":[{"embeddable":true,"href":"https:\/\/www.biologix.com.br\/en\/wp-json\/wp\/v2\/media\/6896"}],"wp:attachment":[{"href":"https:\/\/www.biologix.com.br\/en\/wp-json\/wp\/v2\/media?parent=6890"}],"wp:term":[{"taxonomy":"category","embeddable":true,"href":"https:\/\/www.biologix.com.br\/en\/wp-json\/wp\/v2\/categories?post=6890"},{"taxonomy":"post_tag","embeddable":true,"href":"https:\/\/www.biologix.com.br\/en\/wp-json\/wp\/v2\/tags?post=6890"}],"curies":[{"name":"wp","href":"https:\/\/api.w.org\/{rel}","templated":true}]}}