{"id":6899,"date":"2022-05-26T17:24:33","date_gmt":"2022-05-26T20:24:33","guid":{"rendered":"https:\/\/www.biologix.com.br\/?p=6899"},"modified":"2025-08-12T16:07:33","modified_gmt":"2025-08-12T19:07:33","slug":"disturbios-do-sono-e-microbiota-intestinal","status":"publish","type":"post","link":"https:\/\/www.biologix.com.br\/en\/2022\/05\/26\/disturbios-do-sono-e-microbiota-intestinal\/","title":{"rendered":"Dist\u00farbios do sono e microbiota intestinal<br><span class='secondary-title'>Entenda qual a conex\u00e3o da apneia do sono e a microbiota intestinal.<\/span>"},"content":{"rendered":"<div data-elementor-type=\"wp-post\" data-elementor-id=\"6899\" class=\"elementor elementor-6899\" data-elementor-post-type=\"post\">\n\t\t\t\t<div class=\"elementor-element elementor-element-7348fafc e-flex e-con-boxed e-con e-parent\" data-id=\"7348fafc\" data-element_type=\"container\" data-e-type=\"container\">\n\t\t\t\t\t<div class=\"e-con-inner\">\n\t\t\t\t<div class=\"elementor-element elementor-element-5afecdb elementor-widget elementor-widget-text-editor\" data-id=\"5afecdb\" data-element_type=\"widget\" data-e-type=\"widget\" data-widget_type=\"text-editor.default\">\n\t\t\t\t<div class=\"elementor-widget-container\">\n\t\t\t\t\t\t\t\t\t<p><\/p>\n<p>O comportamento do sono \u00e9 regulado por processos homeost\u00e1ticos e circadianos, o \u00faltimo parece estar relacionado \u00e0 composi\u00e7\u00e3o do microbioma intestinal. A microbiota intestinal \u00e9 uma rede ecol\u00f3gica multifacetada composta por v\u00e1rias esp\u00e9cies de microrganismos, incluindo bact\u00e9rias, leveduras e v\u00edrus, sendo formada e maturada logo ap\u00f3s o per\u00edodo p\u00f3s-natal at\u00e9 os tr\u00eas anos de idade e na vida adulta pode ser modificada atrav\u00e9s da dieta e outros fatores externos, como o exerc\u00edcio f\u00edsico e estresse.<\/p>\n<p><\/p>\n<p><\/p><\/div><\/div><\/div><\/div><\/div> <a href=\"https:\/\/www.biologix.com.br\/en\/2022\/05\/26\/disturbios-do-sono-e-microbiota-intestinal\/#more-6899\" class=\"more-link elementor-more-link\"><span aria-label=\"Continue reading Dist\u00farbios do sono e microbiota intestinalEntenda qual a conex\u00e3o da apneia do sono e a microbiota intestinal.\">(more&hellip;)<\/span><\/a>","protected":false},"excerpt":{"rendered":"<p>O comportamento do sono \u00e9 regulado por processos homeost\u00e1ticos e circadianos, o \u00faltimo parece estar relacionado \u00e0 composi\u00e7\u00e3o do microbioma intestinal. A microbiota intestinal \u00e9&hellip;<\/p>","protected":false},"author":11,"featured_media":11553,"comment_status":"closed","ping_status":"open","sticky":false,"template":"","format":"standard","meta":{"footnotes":""},"categories":[162,12],"tags":[],"class_list":["post-6899","post","type-post","status-publish","format-standard","has-post-thumbnail","hentry","category-endocrinologia-profissional-de-saude","category-profissional-de-saude"],"aioseo_notices":[],"_links":{"self":[{"href":"https:\/\/www.biologix.com.br\/en\/wp-json\/wp\/v2\/posts\/6899","targetHints":{"allow":["GET"]}}],"collection":[{"href":"https:\/\/www.biologix.com.br\/en\/wp-json\/wp\/v2\/posts"}],"about":[{"href":"https:\/\/www.biologix.com.br\/en\/wp-json\/wp\/v2\/types\/post"}],"author":[{"embeddable":true,"href":"https:\/\/www.biologix.com.br\/en\/wp-json\/wp\/v2\/users\/11"}],"replies":[{"embeddable":true,"href":"https:\/\/www.biologix.com.br\/en\/wp-json\/wp\/v2\/comments?post=6899"}],"version-history":[{"count":12,"href":"https:\/\/www.biologix.com.br\/en\/wp-json\/wp\/v2\/posts\/6899\/revisions"}],"predecessor-version":[{"id":13704,"href":"https:\/\/www.biologix.com.br\/en\/wp-json\/wp\/v2\/posts\/6899\/revisions\/13704"}],"wp:featuredmedia":[{"embeddable":true,"href":"https:\/\/www.biologix.com.br\/en\/wp-json\/wp\/v2\/media\/11553"}],"wp:attachment":[{"href":"https:\/\/www.biologix.com.br\/en\/wp-json\/wp\/v2\/media?parent=6899"}],"wp:term":[{"taxonomy":"category","embeddable":true,"href":"https:\/\/www.biologix.com.br\/en\/wp-json\/wp\/v2\/categories?post=6899"},{"taxonomy":"post_tag","embeddable":true,"href":"https:\/\/www.biologix.com.br\/en\/wp-json\/wp\/v2\/tags?post=6899"}],"curies":[{"name":"wp","href":"https:\/\/api.w.org\/{rel}","templated":true}]}}