{"id":12651,"date":"2024-11-19T16:39:27","date_gmt":"2024-11-19T19:39:27","guid":{"rendered":"https:\/\/www.biologix.com.br\/?p=12651"},"modified":"2025-08-12T15:31:33","modified_gmt":"2025-08-12T18:31:33","slug":"consequencias-cardiovasculares-da-apneia-do-sono-em-homens-de-meia-idade","status":"publish","type":"post","link":"https:\/\/www.biologix.com.br\/es\/2024\/11\/19\/consequencias-cardiovasculares-da-apneia-do-sono-em-homens-de-meia-idade\/","title":{"rendered":"Consecuencias cardiovasculares de la apnea del sue\u00f1o en hombres de mediana edad<br><span class='secondary-title'>Entienda c\u00f3mo la apnea del sue\u00f1o no tratada representa un riesgo significativo para hombres de\n40 a 60 a\u00f1os<\/span>"},"content":{"rendered":"<div data-elementor-type=\"wp-post\" data-elementor-id=\"12651\" class=\"elementor elementor-12651\" data-elementor-post-type=\"post\">\n\t\t\t\t<div class=\"elementor-element elementor-element-4e5274b e-flex e-con-boxed e-con e-parent\" data-id=\"4e5274b\" data-element_type=\"container\" data-e-type=\"container\">\n\t\t\t\t\t<div class=\"e-con-inner\">\n\t\t\t\t<div class=\"elementor-element elementor-element-6d472557 elementor-widget elementor-widget-text-editor\" data-id=\"6d472557\" data-element_type=\"widget\" data-e-type=\"widget\" data-widget_type=\"text-editor.default\">\n\t\t\t\t<div class=\"elementor-widget-container\">\n\t\t\t\t\t\t\t\t\t<p><\/p>\n<p>La apnea del sue\u00f1o es una condici\u00f3n que afecta a millones de personas alrededor del mundo y, cuando no se trata, puede generar graves consecuencias para la salud cardiovascular.<\/p>\n<p><\/p>\n<p>Este trastorno se caracteriza por pausas recurrentes en la respiraci\u00f3n durante el sue\u00f1o y es un factor de riesgo importante para el desarrollo de <a title=\"\" href=\"https:\/\/www.biologix.com.br\/es\/2021\/12\/03\/a-apneia-do-sono-piora-as-doencas-cardiacas-na-maioria-das-vezes-nao-tratada\/\">enfermedades card\u00edacas<\/a>. Dicho riesgo es a\u00fan mayor en hombres de mediana edad, especialmente entre los 40 y 60 a\u00f1os, y se ve agravado por factores como obesidad, tabaquismo, consumo excesivo de alcohol y sedentarismo.<\/p>\n<p><\/p>\n<h2 class=\"wp-block-heading\"><strong>La relaci\u00f3n entre la apnea del sue\u00f1o y las enfermedades cardiovasculares<\/strong><\/h2>\n<p><\/p>\n<p>Estudios cient\u00edficos demostraron que la apnea del sue\u00f1o est\u00e1 fuertemente asociada con diversas\ncomplicaciones cardiovasculares.<\/p>\n<p><\/p>\n<p>Cuando la respiraci\u00f3n se interrumpe durante el sue\u00f1o, los niveles de ox\u00edgeno en la sangre disminuyen de forma dr\u00e1stica. Como respuesta, el organismo entra en un estado de alerta, activando el sistema nervioso simp\u00e1tico y liberando hormonas del estr\u00e9s, como la adrenalina. Este proceso repetitivo tiene efectos acumulativos que pueden provocar:<\/p>\n<p><\/p>\n<ul class=\"wp-block-list\"><p><\/p>\n<li><strong>Hipertensi\u00f3n arterial<\/strong>: la activaci\u00f3n constante del sistema nervioso simp\u00e1tico eleva la presi\u00f3n arterial, aumentando el riesgo de hipertensi\u00f3n.<\/li>\n<p><\/p>\n<li><strong>Inflamaci\u00f3n cr\u00f3nica<\/strong>: el estr\u00e9s prolongado promueve la inflamaci\u00f3n sist\u00e9mica, un factor clave en el desarrollo de enfermedades cardiovasculares.<\/li>\n<p><\/p>\n<li><strong>Aumento de estr\u00e9s oxidativo<\/strong>: el desequilibrio entre radicales libres y antioxidantes puede da\u00f1ar las c\u00e9lulas vasculares y elevar el riesgo de eventos card\u00edacos.<\/li>\n<p><\/p>\n<li><strong>Insuficiencia card\u00edaca y arritmias<\/strong>: la apnea del sue\u00f1o est\u00e1 directamente relacionada con una mayor incidencia de fibrilaci\u00f3n auricular y otras arritmias, adem\u00e1s de contribuir al desarrollo de insuficiencia card\u00edaca.<\/li>\n<p><\/p><\/ul>\n<p><\/p>\n<h2 class=\"wp-block-heading\"><strong>Alta prevalencia de la apnea del sue\u00f1o en hombres de mediana edad<\/strong><\/h2>\n<p><\/p>\n<figure class=\"wp-block-image size-large\"><img fetchpriority=\"high\" decoding=\"async\" width=\"1024\" height=\"400\" class=\"wp-image-12666\" src=\"https:\/\/www.biologix.com.br\/wp-content\/uploads\/2024\/11\/homem-meia-idade-com-olhos-cansados-consequencias-cardiovasculares-da-apneia-do-sono-1280x500px-1024x400.png\" alt=\"Homem de meia idade com cabelo grisalho, sentado na cama, cobrindo o rosto com as m\u00e3os, demonstrando cansa\u00e7o e estresse\" srcset=\"https:\/\/www.biologix.com.br\/wp-content\/uploads\/2024\/11\/homem-meia-idade-com-olhos-cansados-consequencias-cardiovasculares-da-apneia-do-sono-1280x500px-1024x400.png 1024w, https:\/\/www.biologix.com.br\/wp-content\/uploads\/2024\/11\/homem-meia-idade-com-olhos-cansados-consequencias-cardiovasculares-da-apneia-do-sono-1280x500px-300x117.png 300w, https:\/\/www.biologix.com.br\/wp-content\/uploads\/2024\/11\/homem-meia-idade-com-olhos-cansados-consequencias-cardiovasculares-da-apneia-do-sono-1280x500px-768x300.png 768w, https:\/\/www.biologix.com.br\/wp-content\/uploads\/2024\/11\/homem-meia-idade-com-olhos-cansados-consequencias-cardiovasculares-da-apneia-do-sono-1280x500px-18x7.png 18w, https:\/\/www.biologix.com.br\/wp-content\/uploads\/2024\/11\/homem-meia-idade-com-olhos-cansados-consequencias-cardiovasculares-da-apneia-do-sono-1280x500px.png 1280w\" sizes=\"(max-width: 1024px) 100vw, 1024px\" \/><\/figure>\n<p><\/p>\n<p>La prevalencia de apnea del sue\u00f1o es alarmante, en especial en hombres de mediana edad. Un estudio publicado en el <em>Journal of the American Medical Association<\/em> [Revista de la Asociaci\u00f3n M\u00e9dica Estadounidense] en 2020 revel\u00f3 que hasta 45% de los hombres entre los 40 y 60 a\u00f1os  pueden padecer este trastorno, casi el doble de la tasa observada en mujeres del mismo grupo etario.<\/p>\n<p><\/p>\n<p>Esta alta prevalencia es preocupante, ya que muchos pacientes no presentan s\u00edntomas evidentes o no buscan tratamiento, lo que aumenta de forma significativa el riesgo de complicaciones cardiovasculares.<\/p>\n<p><\/p>\n<h2 class=\"wp-block-heading\"><strong>La importancia del diagn\u00f3stico temprano<\/strong><\/h2>\n<p><\/p>\n<p>La buena noticia es que la apnea del sue\u00f1o tiene tratamiento y, cuando se diagnostica a tiempo,\nes posible reducir los riesgos cardiovasculares asociados.<\/p>\n<p><\/p>\n<p>El diagn\u00f3stico temprano no solo mejora la calidad de vida de los pacientes, sino que tambi\u00e9n ayuda a prevenir complicaciones graves como hipertensi\u00f3n resistente al tratamiento, insuficiencia card\u00edaca y eventos card\u00edacos agudos.<\/p>\n<p><\/p>\n<h2 class=\"wp-block-heading\"><strong>Soluciones para el diagn\u00f3stico y tratamiento de la apnea del sue\u00f1o<\/strong><\/h2>\n<p><\/p>\n<p>Para facilitar la detecci\u00f3n y el manejo de la apnea del sue\u00f1o, Biologix desarroll\u00f3 un examen cl\u00ednicamente validado y de f\u00e1cil acceso.<\/p>\n<p><\/p>\n<p>O Exame do Sono Biologix\u00ae \u00e9 uma polissonografia multimodal, que, al\u00e9m de diagnosticar <a title=\"\" href=\"https:\/\/www.biologix.com.br\/es\/2024\/10\/29\/tudo-sobre-o-teste-do-ronco-biologix\/\">ronquido<\/a> y apnea del sue\u00f1o, detecta el riesgo de <a title=\"\" href=\"https:\/\/www.biologix.com.br\/es\/2024\/09\/16\/fibrilacao-atrial-e-a-relacao-com-apneia-obstrutiva-do-sono\/\">fibrilaci\u00f3n auricular<\/a>, una de las arritmias m\u00e1s comunes asociadas a la apnea obstructiva del sue\u00f1o.<\/p>\n<p><\/p>\n<p>Con este examen, los profesionales de la salud pueden obtener un diagn\u00f3stico de manera r\u00e1pida,\nc\u00f3moda y precisa, permitiendo un abordaje m\u00e1s eficiente y personalizado para cada paciente.<\/p>\n<p><\/p>\n<h2 class=\"wp-block-heading\"><strong>\u00bfPor qu\u00e9 elegir el Examen del Sue\u00f1o Biologix\u00ae?<\/strong><\/h2>\n<p><\/p>\n<ul class=\"wp-block-list\"><p><\/p>\n<li><strong>Simplicidad<\/strong> : f\u00e1cil de realizar tanto para el paciente como para el m\u00e9dico.<\/li>\n<p><\/p>\n<li><strong>Precisi\u00f3n:<\/strong> : resultados confiables para un diagn\u00f3stico certero.<\/li>\n<p><\/p>\n<li><strong>Integralidad<\/strong> detecci\u00f3n de <a title=\"\" href=\"https:\/\/www.biologix.com.br\/es\/2022\/11\/11\/diagnostico-de-apneia-do-sono-e-efeitos-da-dessaturacao-de-oxigenio\/\">diagn\u00f3stico de apnea del sue\u00f1o<\/a> , ronquido, y el riesgo de fibrilaci\u00f3n auricular.<\/li>\n<p><\/p><\/ul>\n<p><\/p>\n<p>\u00a1No permita que la apnea del sue\u00f1o silencie el coraz\u00f3n de sus pacientes! Cont\u00e1ctenos y descubra c\u00f3mo el Examen del Sue\u00f1o Biologix\u00ae puede transformar sus consultas.<\/p>\n<p><\/p>\n<p>Recuerde: el diagn\u00f3stico temprano y el tratamiento adecuado de la apnea del sue\u00f1o pueden marcar la diferencia en la vida de sus pacientes y promover una mejor salud cardiovascular.<\/p>\n<p><\/p>\t\t\t\t\t\t\t\t<\/div>\n\t\t\t\t<\/div>\n\t\t\t\t\t<\/div>\n\t\t\t\t<\/div>\n\t\t\t\t<\/div>","protected":false},"excerpt":{"rendered":"<p>A apneia do sono \u00e9 uma condi\u00e7\u00e3o que afeta milh\u00f5es de pessoas ao redor do mundo e, quando n\u00e3o tratada, pode acarretar consequ\u00eancias graves para&hellip;<\/p>","protected":false},"author":11,"featured_media":12652,"comment_status":"closed","ping_status":"open","sticky":false,"template":"","format":"standard","meta":{"footnotes":""},"categories":[138,12],"tags":[5,253,214,251,252],"class_list":["post-12651","post","type-post","status-publish","format-standard","has-post-thumbnail","hentry","category-cardiologia","category-profissional-de-saude","tag-apneia-do-sono","tag-consequencias-cardiovasculares","tag-doencas-cardiovasculares","tag-saude-cardiovascular","tag-saude-do-homem"],"aioseo_notices":[],"_links":{"self":[{"href":"https:\/\/www.biologix.com.br\/es\/wp-json\/wp\/v2\/posts\/12651","targetHints":{"allow":["GET"]}}],"collection":[{"href":"https:\/\/www.biologix.com.br\/es\/wp-json\/wp\/v2\/posts"}],"about":[{"href":"https:\/\/www.biologix.com.br\/es\/wp-json\/wp\/v2\/types\/post"}],"author":[{"embeddable":true,"href":"https:\/\/www.biologix.com.br\/es\/wp-json\/wp\/v2\/users\/11"}],"replies":[{"embeddable":true,"href":"https:\/\/www.biologix.com.br\/es\/wp-json\/wp\/v2\/comments?post=12651"}],"version-history":[{"count":5,"href":"https:\/\/www.biologix.com.br\/es\/wp-json\/wp\/v2\/posts\/12651\/revisions"}],"predecessor-version":[{"id":13681,"href":"https:\/\/www.biologix.com.br\/es\/wp-json\/wp\/v2\/posts\/12651\/revisions\/13681"}],"wp:featuredmedia":[{"embeddable":true,"href":"https:\/\/www.biologix.com.br\/es\/wp-json\/wp\/v2\/media\/12652"}],"wp:attachment":[{"href":"https:\/\/www.biologix.com.br\/es\/wp-json\/wp\/v2\/media?parent=12651"}],"wp:term":[{"taxonomy":"category","embeddable":true,"href":"https:\/\/www.biologix.com.br\/es\/wp-json\/wp\/v2\/categories?post=12651"},{"taxonomy":"post_tag","embeddable":true,"href":"https:\/\/www.biologix.com.br\/es\/wp-json\/wp\/v2\/tags?post=12651"}],"curies":[{"name":"wp","href":"https:\/\/api.w.org\/{rel}","templated":true}]}}