{"id":12908,"date":"2024-12-19T17:05:26","date_gmt":"2024-12-19T20:05:26","guid":{"rendered":"https:\/\/www.biologix.com.br\/?p=12908"},"modified":"2024-12-19T17:05:27","modified_gmt":"2024-12-19T20:05:27","slug":"apneia-do-sono-e-resistencia-a-insulina-em-mulheres-na-pos-menopausa","status":"publish","type":"post","link":"https:\/\/www.biologix.com.br\/es\/2024\/12\/19\/apneia-do-sono-e-resistencia-a-insulina-em-mulheres-na-pos-menopausa\/","title":{"rendered":"Apnea del sue\u00f1o y resistencia a la insulina en mujeres posmenop\u00e1usicas<br><span class='secondary-title'>Descubra c\u00f3mo la apnea del sue\u00f1o no tratada puede acelerar la progresi\u00f3n de la resistencia a la insulina en mujeres posmenop\u00e1usicas<\/span>"},"content":{"rendered":"<p>\u00bfSab\u00eda que la <a href=\"https:\/\/www.linkedin.com\/pulse\/sono-em-pauta-apneia-do-n%C3%A3o-tratada-e-progress%C3%A3o-da-resist%C3%AAncia-a5lff\/?trackingId=gpEPdlsgRcurlCKi1YuAow%3D%3D\">apnea del sue\u00f1o no tratada<\/a> puede acelerar la progresi\u00f3n de la resistencia a la\ninsulina en mujeres posmenop\u00e1usicas? Esta asociaci\u00f3n despert\u00f3 gran inter\u00e9s en la comunidad\nm\u00e9dica, ya que ambas condiciones est\u00e1n vinculadas a un mayor riesgo de desarrollar\nenfermedades cr\u00f3nicas.<\/p>\n\n\n\n<p>Con la llegada de la menopausia, el cuerpo femenino atraviesa diversas transformaciones, entre ellas un aumento en el riesgo de apnea del sue\u00f1o. Este trastorno, caracterizado por pausas\nrecurrentes en la respiraci\u00f3n durante el sue\u00f1o, suele subestimarse, aunque su impacto en la salud general de la mujer, especialmente en la posmenopausia, es significativo.<\/p>\n\n\n\n<h2 class=\"wp-block-heading\"><strong>El impacto de la apnea del sue\u00f1o en la salud de la mujer posmenop\u00e1usica<\/strong><\/h2>\n\n\n\n<p>La disminuci\u00f3n de los niveles de estr\u00f3geno en la posmenopausia provoca la relajaci\u00f3n de los m\u00fasculos de la faringe, lo que facilita el colapso de las v\u00edas respiratorias durante el sue\u00f1o. A esto se suma el aumento de peso caracter\u00edstico de esta etapa, con una mayor concentraci\u00f3n de grasa en la regi\u00f3n abdominal y p\u00e9rdida de masa muscular, factores que agravan a\u00fan m\u00e1s el problema.<\/p>\n\n\n\n<p>Las consecuencias de la apnea del sue\u00f1o van m\u00e1s all\u00e1 de la dificultad para dormir bien. La interrupci\u00f3n repetida de la respiraci\u00f3n durante el sue\u00f1o, tambi\u00e9n conocida como hipoxemia,\ndesencadena una serie de reacciones en el organismo, como:<\/p>\n\n\n\n<ul class=\"wp-block-list\">\n<li><strong>Aumento de la inflamaci\u00f3n:<\/strong> la hipoxemia cr\u00f3nica genera un proceso inflamatorio generalizado que afecta a diversos \u00f3rganos y sistemas.<\/li>\n\n\n\n<li><strong>Alteraciones hormonales:<\/strong> la apnea del sue\u00f1o interfiere en la producci\u00f3n de hormonas clave para el metabolismo, como la leptina y la adiponectina.<\/li>\n\n\n\n<li><strong>Disfunci\u00f3n endotelial:<\/strong> la hipoxemia da\u00f1a el endotelio, la capa interna de los vasos sangu\u00edneos, aumentando el riesgo de enfermedades cardiovasculares.<\/li>\n<\/ul>\n\n\n\n<p>Estas alteraciones fisiol\u00f3gicas contribuyen al desarrollo de la resistencia a la insulina, un factor\nde riesgo clave para la diabetes tipo 2. Adem\u00e1s, la apnea del sue\u00f1o est\u00e1 asociada a otras afecciones, como hipertensi\u00f3n arterial, enfermedades cardiovasculares, accidentes cerebrovasculares (ACV), depresi\u00f3n y deterioro cognitivo.<\/p>\n\n\n\n<h2 class=\"wp-block-heading\"><strong>Triaje adecuado, diagn\u00f3stico temprano y abordaje multidisciplinario<\/strong><\/h2>\n\n\n\n<p>Los m\u00e9dicos y profesionales de la salud deben estar conscientes de la estrecha relaci\u00f3n entre la apnea del sue\u00f1o y la resistencia a la insulina, especialmente en mujeres posmenop\u00e1usicas. Un triaje adecuado, diagn\u00f3stico temprano y un abordaje multidisciplinario son fundamentales para la prevenci\u00f3n y el tratamiento eficaz de esas condiciones interconectadas.<\/p>\n\n\n\n<ul class=\"wp-block-list\">\n<li><strong>Triaje y diagn\u00f3stico:<\/strong> identifique a los pacientes con factores de riesgo (obesidad, ronquido, somnolencia diurna) y ofr\u00e9zcales el Biologix\u00ae Sleep Test, una\nsoluci\u00f3n simple y eficaz para el diagn\u00f3stico de la apnea del sue\u00f1o.<\/li>\n\n\n\n<li><strong>Tratamiento:<\/strong> fomente la adopci\u00f3n de h\u00e1bitos de vida saludables, como la reducci\u00f3n de peso, una alimentaci\u00f3n equilibrada y la pr\u00e1ctica regular de actividad f\u00edsica, esenciales para controlar tanto la apnea del sue\u00f1o como la resistencia a la insulina.<\/li>\n<\/ul>\n\n\n\n<p>El <a href=\"https:\/\/www.biologix.com.br\/es\/exame-do-sono\/\">Biologix\u00ae Sleep Test<\/a> surge como una soluci\u00f3n innovadora para facilitar el diagn\u00f3stico de la apnea del sue\u00f1o mediante resultados precisos y de f\u00e1cil acceso. Gracias a este examen, los profesionales de la salud pueden evaluar de manera r\u00e1pida y eficiente, optimizando\nel seguimiento y el manejo cl\u00ednico de pacientes en la posmenopausia.<\/p>\n\n\n\n<p>El tratamiento de la apnea del sue\u00f1o y la resistencia a la insulina en mujeres posmenop\u00e1usicas requiere un enfoque integral que abarque distintos aspectos de la salud. La nutrici\u00f3n y la actividad f\u00edsica desempe\u00f1an un papel clave en este proceso, ya que favorecen la reducci\u00f3n de peso, mejoran el metabolismo y ayudan a disminuir los s\u00edntomas de la apnea. <\/p>\n\n\n\n<p>La colaboraci\u00f3n entre endocrin\u00f3logos, nutri\u00f3logos y educadores f\u00edsicos es fundamental para dise\u00f1ar un plan de tratamiento personalizado y eficaz. Un equipo multidisciplinario permite un seguimiento completo y garantiza mejores resultados para las pacientes en la posmenopausia.<\/p>","protected":false},"excerpt":{"rendered":"<p>\u00bfSab\u00eda que la apnea del sue\u00f1o no tratada puede acelerar la progresi\u00f3n de la resistencia a la insulina en mujeres posmenop\u00e1usicas? Esta asociaci\u00f3n (...)<\/p>","protected":false},"author":11,"featured_media":12909,"comment_status":"closed","ping_status":"open","sticky":false,"template":"","format":"standard","meta":{"footnotes":""},"categories":[162],"tags":[],"class_list":["post-12908","post","type-post","status-publish","format-standard","has-post-thumbnail","hentry","category-endocrinologia-profissional-de-saude"],"aioseo_notices":[],"_links":{"self":[{"href":"https:\/\/www.biologix.com.br\/es\/wp-json\/wp\/v2\/posts\/12908","targetHints":{"allow":["GET"]}}],"collection":[{"href":"https:\/\/www.biologix.com.br\/es\/wp-json\/wp\/v2\/posts"}],"about":[{"href":"https:\/\/www.biologix.com.br\/es\/wp-json\/wp\/v2\/types\/post"}],"author":[{"embeddable":true,"href":"https:\/\/www.biologix.com.br\/es\/wp-json\/wp\/v2\/users\/11"}],"replies":[{"embeddable":true,"href":"https:\/\/www.biologix.com.br\/es\/wp-json\/wp\/v2\/comments?post=12908"}],"version-history":[{"count":4,"href":"https:\/\/www.biologix.com.br\/es\/wp-json\/wp\/v2\/posts\/12908\/revisions"}],"predecessor-version":[{"id":13127,"href":"https:\/\/www.biologix.com.br\/es\/wp-json\/wp\/v2\/posts\/12908\/revisions\/13127"}],"wp:featuredmedia":[{"embeddable":true,"href":"https:\/\/www.biologix.com.br\/es\/wp-json\/wp\/v2\/media\/12909"}],"wp:attachment":[{"href":"https:\/\/www.biologix.com.br\/es\/wp-json\/wp\/v2\/media?parent=12908"}],"wp:term":[{"taxonomy":"category","embeddable":true,"href":"https:\/\/www.biologix.com.br\/es\/wp-json\/wp\/v2\/categories?post=12908"},{"taxonomy":"post_tag","embeddable":true,"href":"https:\/\/www.biologix.com.br\/es\/wp-json\/wp\/v2\/tags?post=12908"}],"curies":[{"name":"wp","href":"https:\/\/api.w.org\/{rel}","templated":true}]}}