{"id":13165,"date":"2025-01-16T10:15:05","date_gmt":"2025-01-16T13:15:05","guid":{"rendered":"https:\/\/www.biologix.com.br\/?p=13165"},"modified":"2025-01-16T10:15:06","modified_gmt":"2025-01-16T13:15:06","slug":"adesao-ao-tratamento-da-apneia-obstrutiva-do-sono-aos-com-aparelho-intraoral-aio-a-relevancia-dos-primeiros-dias","status":"publish","type":"post","link":"https:\/\/www.biologix.com.br\/es\/2025\/01\/16\/adesao-ao-tratamento-da-apneia-obstrutiva-do-sono-aos-com-aparelho-intraoral-aio-a-relevancia-dos-primeiros-dias\/","title":{"rendered":"Adhesi\u00f3n al tratamiento de apnea obstructiva del sue\u00f1o (AOS) con el aparato intraoral (AIO): la importancia de los primeros d\u00edas<br><span class='secondary-title'>Comprenda la relevancia del inicio de tratamiento de AOS con AIO<\/span>"},"content":{"rendered":"<p>Las principales terapias para apnea obstructiva del sue\u00f1o, como el CPAP y el aparato intraoral, (AIO) requieren un uso constante durante el sue\u00f1o. Entre ambas opciones, diversos estudios destacan el AIO como el tratamiento preferido. Su evoluci\u00f3n demostr\u00f3 m\u00faltiples beneficios, como la reducci\u00f3n de la presi\u00f3n arterial y la mejora en la disposici\u00f3n, la atenci\u00f3n y la memoria,\nentre otros.<\/p>\n\n\n\n<p>El art\u00edculo de hoy analiza la adhesi\u00f3n de 58 participantes con apnea obstructiva del sue\u00f1o\nmoderada o grave. A trav\u00e9s de un sensor t\u00e9rmico acoplado al AIO, los investigadores midieron eltiempo de uso durante 60 d\u00edas.<\/p>\n\n\n\n<p>M\u00e1s del 80 % de los pacientes mostraron buena adherencia, mientras que quienes abandonaron el tratamiento lo hicieron por falta de mejor\u00eda. Adem\u00e1s, los participantes con una adhesi\u00f3n positivaen los primeros 20 d\u00edas mantuvieron un uso regular hasta el d\u00eda 60.<\/p>\n\n\n\n<p>Entonces, \u00bfc\u00f3mo optimizar la adhesi\u00f3n al tratamiento? \u00bfCu\u00e1les son las estrategias a utilizar?<\/p>\n\n\n\n<h2 class=\"wp-block-heading\">Estrategias para optimizar la adhesi\u00f3n al tratamiento de AOS con el aparato intraoral<\/h2>\n\n\n\n<p>El \u00e9xito del tratamiento comienza con un an\u00e1lisis individualizado de cada caso. Factores como el perfil del paciente, sus molestias y la gravedad de la enfermedad determinan si el AIO es la mejor opci\u00f3n.<\/p>\n\n\n\n<p>Por lo tanto, \u00bfcu\u00e1l modelo debo escoger? El odont\u00f3logo especializado en odontolog\u00eda del sue\u00f1o dispone de distintos tipos de dispositivos, con caracter\u00edsticas diferentes, para adaptarse a los grupos de apn\u00e9icos.<\/p>\n\n\n\n<p>En esta secuencia, es fundamental monitorear diariamente molestias de los pacientes a trav\u00e9s de WhatsApp y solucionar cualquier inconveniente, como incomodidad, falta de retenci\u00f3n, molestias musculares o dificultad en conciliar el sue\u00f1o. Esto hace toda la diferencia. El seguimiento debe incluir mediciones objetivas, como saturaci\u00f3n de ox\u00edgeno, carga hip\u00f3xica, y ronquido, mediante una polisomnograf\u00eda tipo IV validada con oximetr\u00eda de alta resoluci\u00f3n. En algunos casos, modificar el modelo del aparato y\/o combinar otra terapia puede mejorar la efectividad del tratamiento. Adem\u00e1s, implementar las medidas de higiene del sue\u00f1o es esencial para obtener buenos resultados.<\/p>\n\n\n\n<p>Por lo tanto, el monitoreo, tanto subjetivo como objetivo, permite realizar ajustes oportunos y garantizar la efectividad del tratamiento.<\/p>\n\n\n\n<p>La apnea del sue\u00f1o es un trastorno cr\u00f3nico y progresivo que debe tratarse de manera continua. En algunos casos, puede ser necesario combinar terapias o ajustar el tipo de tratamiento para lograr mejores resultados.<\/p>\n\n\n\n<p><br><strong>Por Dr. Walter Silva J\u00fanior<\/strong><br>Odont\u00f3logo del sue\u00f1o certificado por la American Board of Dental Sleep Medicine [Junta\nEstadounidense de Medicina Dental del Sue\u00f1o] (ABDSM, por sus siglas en ingl\u00e9s).<br>Doctorado en sue\u00f1o en Hospital de Rehabilitaci\u00f3n de Anomal\u00edas Craneofaciales\/Universidad de S\u00e3o Paulo \u2013 Bauru, S\u00e3o Paulo.<br><strong>P\u00e1gina web:<\/strong> http:\/\/www.institutowaltersilva.com.br\/<br><strong>Instagram:<\/strong> @walter_silva_odontologiadosono<\/p>\n\n\n\n<p><em>FUENTE:<\/em> <em>Treatment usage patterns of oral appliances for obstructive sleep apnea over the first 60 days: a cluster analysis.<\/em><br><em>Sutherland K, Almeida FR, Kim T, et al.<\/em><br><em>J Clin Sleep Med. 2021;17(9):1785\u20131792<\/em><\/p>\n\n\n\n<p><\/p>\n\n\n\n<p><strong>El Biologix\u00ae Sleep Test<\/strong><\/p>\n\n\n\n<p>El diagn\u00f3stico de la apnea obstructiva del sue\u00f1o es sencillo y esencial para iniciar un tratamiento\nadecuado. El Examen del Sue\u00f1o Biologix\u00ae es una polisomnograf\u00eda remota que mide saturaci\u00f3n\nde ox\u00edgeno, frecuencia card\u00edaca, actimetr\u00eda y ronquidos a trav\u00e9s del micr\u00f3fono del celular.<\/p>\n\n\n\n<p>Dise\u00f1ado para realizarse en casa, este examen facilita el diagn\u00f3stico y el seguimiento del\ntratamiento de la apnea del sue\u00f1o.\u00a0 <\/p>\n\n\n\n<p>A la hora de dormir, el paciente solo debe colocarse el sensor en el dedo e iniciar el examen en la aplicaci\u00f3n de Biologix. Al despertar la ma\u00f1ana siguiente, con pulsar en \u201cConcluir examen\u201d, el resultado estar\u00e1 disponible en el portal de ex\u00e1menes en cuesti\u00f3n de segundos.<\/p>","protected":false},"excerpt":{"rendered":"<p>Las principales terapias para apnea obstructiva del sue\u00f1o, como el CPAP y el aparato intraoral, (AIO) requieren un uso constante durante el sue\u00f1o. Entre ambas opciones, diversos estudios destacan (...)<\/p>","protected":false},"author":11,"featured_media":13166,"comment_status":"closed","ping_status":"open","sticky":false,"template":"","format":"standard","meta":{"footnotes":""},"categories":[13],"tags":[],"class_list":["post-13165","post","type-post","status-publish","format-standard","has-post-thumbnail","hentry","category-odontologia"],"aioseo_notices":[],"_links":{"self":[{"href":"https:\/\/www.biologix.com.br\/es\/wp-json\/wp\/v2\/posts\/13165","targetHints":{"allow":["GET"]}}],"collection":[{"href":"https:\/\/www.biologix.com.br\/es\/wp-json\/wp\/v2\/posts"}],"about":[{"href":"https:\/\/www.biologix.com.br\/es\/wp-json\/wp\/v2\/types\/post"}],"author":[{"embeddable":true,"href":"https:\/\/www.biologix.com.br\/es\/wp-json\/wp\/v2\/users\/11"}],"replies":[{"embeddable":true,"href":"https:\/\/www.biologix.com.br\/es\/wp-json\/wp\/v2\/comments?post=13165"}],"version-history":[{"count":2,"href":"https:\/\/www.biologix.com.br\/es\/wp-json\/wp\/v2\/posts\/13165\/revisions"}],"predecessor-version":[{"id":13168,"href":"https:\/\/www.biologix.com.br\/es\/wp-json\/wp\/v2\/posts\/13165\/revisions\/13168"}],"wp:featuredmedia":[{"embeddable":true,"href":"https:\/\/www.biologix.com.br\/es\/wp-json\/wp\/v2\/media\/13166"}],"wp:attachment":[{"href":"https:\/\/www.biologix.com.br\/es\/wp-json\/wp\/v2\/media?parent=13165"}],"wp:term":[{"taxonomy":"category","embeddable":true,"href":"https:\/\/www.biologix.com.br\/es\/wp-json\/wp\/v2\/categories?post=13165"},{"taxonomy":"post_tag","embeddable":true,"href":"https:\/\/www.biologix.com.br\/es\/wp-json\/wp\/v2\/tags?post=13165"}],"curies":[{"name":"wp","href":"https:\/\/api.w.org\/{rel}","templated":true}]}}