{"id":13304,"date":"2025-02-14T08:40:39","date_gmt":"2025-02-14T11:40:39","guid":{"rendered":"https:\/\/www.biologix.com.br\/?p=13304"},"modified":"2025-02-14T08:40:40","modified_gmt":"2025-02-14T11:40:40","slug":"o-que-os-movimentos-mandibulares-mm-durante-o-sono-podem-indicar","status":"publish","type":"post","link":"https:\/\/www.biologix.com.br\/es\/2025\/02\/14\/o-que-os-movimentos-mandibulares-mm-durante-o-sono-podem-indicar\/","title":{"rendered":"\u00bfQu\u00e9 indican los movimientos mandibulares (MM) durante el sue\u00f1o?<br><span class='secondary-title'>Estudio sobre las caracter\u00edsticas de los movimientos mandibulares y su relaci\u00f3n con el\ndiagn\u00f3stico de apnea del sue\u00f1o<\/span>"},"content":{"rendered":"<p>Numerosas investigaciones buscan mejorar el diagn\u00f3stico de <a href=\"https:\/\/www.biologix.com.br\/es\/2024\/06\/20\/apneia-obstrutiva-do-sono-aos-alem-dos-fatores-anatomicos-fenotipos-envolvidos\/\">apnea obstructiva del sue\u00f1o<\/a> (AOS). Grupos de investigadores capacitados en todo del mundo trabajan incansablemente para\ndesarrollar opciones confiables que permitan el acceso m\u00e1s amplio a los pacientes, dada la alta\nprevalencia de este trastorno.<\/p>\n\n\n\n<p>Uno de los estudios m\u00e1s relevantes en esta \u00e1rea se realiz\u00f3 en S\u00e3o Paulo, en 2010, bajo la\ncoordinaci\u00f3n del Dr. Sergio Tufik, uno de los investigadores m\u00e1s reconocidos en el campo del sue\u00f1o. Con una muestra de m\u00e1s de 1.000 participantes sometidos a una polisomnograf\u00eda, se detemin\u00f3 que aproximadamente el 33%, uno de cada tres, padec\u00eda apnea obstructiva del sue\u00f1o. A\u00f1os m\u00e1s tarde, un estudio similar en Suiza revel\u00f3 una prevalencia mayor.<\/p>\n\n\n\n<p>Sin embargo, como ya se se\u00f1al\u00f3 en otras publicaciones, la <a href=\"https:\/\/www.biologix.com.br\/es\/2020\/10\/13\/polissonografia-o-que-e\/\">polisomnograf\u00eda<\/a> es un examen poco accesible y altamente complejo. Incluso en las grandes ciudades, el n\u00famero de equipos de diagn\u00f3stico es insuficiente para atender a todos los pacientes con sospecha de apnea. En localidades m\u00e1s peque\u00f1as, este servicio suele estar ausente, lo que obliga a los pacientes a desplazarse largas distancias. Adem\u00e1s, el costo del examen es elevado, ya que su an\u00e1lisis requiere un minucioso estudio t\u00e9cnico y m\u00e9dico, generando reportes de hasta 700 p\u00e1ginas por paciente.\u00a0<\/p>\n\n\n\n<p>Otro factor a considerar es que el examen se realiza en una \u00fanica noche, lo que introduce un\nsesgo en los resultados. Estudios demostraron que la variabilidad entre noches puede modificar la gravedad de la AOS en un 30 %, ya sea aumentando o disminuyendo su severidad. Por ello, el uso de m\u00e9todos validados que permitan analizar varias noches consecutivas reduce este riesgo.&nbsp;<\/p>\n\n\n\n<p>El art\u00edculo de hoy presenta un estudio interesante acerca de las caracter\u00edsticas de los MM durante\nel sue\u00f1o.&nbsp;<\/p>\n\n\n\n<p>La mand\u00edbula cumple un papel fundamental en la prevenci\u00f3n de la obstrucci\u00f3n far\u00edngea. Durante\nel sue\u00f1o normal (sin la presencia de bruxismo), realiza movimientos fisiol\u00f3gicos de baja amplitud. En condiciones ideales, la respiraci\u00f3n es nasal y la boca permanece cerrada la mayor parte del tiempo.<\/p>\n\n\n\n<p>La estabilidad de las v\u00edas a\u00e9reas depende de un equilibrio delicado en el que la mand\u00edbula act\u00faa\ncomo una palanca, reforzando la tonicidad de la faringe. Este proceso, por su lado, recluta\nmotoneuronas trigeminales que contribuyen a reducir la presi\u00f3n negativa inspiratoria. Adem\u00e1s,\ncuando la mand\u00edbula se adelanta, arrastra la lengua consigo, disminuyendo as\u00ed el riesgo de colapso de las v\u00edas respiratorias.<\/p>\n\n\n\n<p>Por medio de un sensor colocado en la regi\u00f3n del ment\u00f3n durante la polisomnograf\u00eda, los\ninvestigadores analizaron la se\u00f1al emitida por los MM en diversas situaciones: sue\u00f1o normal, ronquido, reducci\u00f3n del flujo respiratorio y obstrucciones parciales o totales.<\/p>\n\n\n\n<p>Seg\u00fan los hallazgos preliminares, esta se\u00f1al permite detectar la presencia de AOS, diferenciar\ncon mayor precisi\u00f3n las apneas obstructivas de las centrales (incluyendo las hipopneas) y determinar las fases del sue\u00f1o.<\/p>\n\n\n\n<p>Este m\u00e9todo ofrece varias ventajas: permite la evaluaci\u00f3n durante m\u00faltiples noches, tiene un\ncosto reducido y puede implementarse en cualquier localidad.<\/p>\n\n\n\n<p>A pesar de estos avances, los autores enfatizan que los resultados a\u00fan son preliminares y que es\nnecesario realizar estudios m\u00e1s amplios para validar estos hallazgos.<\/p>\n\n\n\n<p>Las investigaciones contin\u00faan avanzando y seguimos de cerca su evoluci\u00f3n.<\/p>\n\n\n\n<p>La combinaci\u00f3n del conocimiento cient\u00edfico con nuevas tecnolog\u00edas nos acerca a mejores soluciones.<\/p>\n\n\n\n<p>Parafraseando a Belchior: \"lo bueno siempre llega\".<\/p>\n\n\n\n<p><br><strong>Por Dr. Walter Silva J\u00fanior<\/strong><br>Odont\u00f3logo del sue\u00f1o certificado por la American Board of Dental Sleep Medicine [Junta\nEstadounidense de Medicina Dental del Sue\u00f1o] (ABDSM, por sus siglas en ingl\u00e9s).<br>Doctorado en sue\u00f1o en Hospital de Rehabilitaci\u00f3n de Anomal\u00edas Craneofaciales\/Universidad de S\u00e3o Paulo \u2013 Bauru, S\u00e3o Paulo.<br><strong>P\u00e1gina web:<\/strong> http:\/\/www.institutowaltersilva.com.br\/<br><strong>Instagram:<\/strong> @walter_silva_odontologiadosono<\/p>\n\n\n\n<p><em>FUENTE:<\/em> <em>Insights on mandibular jaw movements during polysomnography in obstructive sleep apnea.<\/em><br><em>Malhotra A, Martinot JB, Pepin JL.<\/em><br><em>J Clin Sleep Med. 2024;20(1):151\u2013163.<\/em><\/p>\n\n\n\n<p><strong>El Biologix\u00ae Sleep Test<\/strong><\/p>\n\n\n\n<p>El diagn\u00f3stico de la apnea obstructiva del sue\u00f1o es sencillo y esencial para iniciar un tratamiento\nadecuado.<\/p>\n\n\n\n<p>El Biologix\u00ae Sleep Test es una polisomnograf\u00eda multimodal que mide saturaci\u00f3n\nde ox\u00edgeno, frecuencia card\u00edaca, actimetr\u00eda y ronquidos a trav\u00e9s del micr\u00f3fono del celular.<\/p>\n\n\n\n<p>Dise\u00f1ado para realizarse en casa, este examen facilita el diagn\u00f3stico y el seguimiento del\ntratamiento de la apnea del sue\u00f1o. A la hora de dormir, el paciente solo debe colocarse el sensor\nen el dedo e iniciar el examen en la aplicaci\u00f3n de Biologix. Al despertar la ma\u00f1ana siguiente, con\npulsar en \u201cConcluir examen\u201d, el resultado estar\u00e1 disponible en el portal de ex\u00e1menes en cuesti\u00f3n\nde segundos.<\/p>","protected":false},"excerpt":{"rendered":"<p>Numerosas investigaciones buscan mejorar el diagn\u00f3stico de apnea obstructiva del sue\u00f1o (AOS). Grupos de investigadores capacitados (...)<\/p>","protected":false},"author":11,"featured_media":13303,"comment_status":"closed","ping_status":"open","sticky":false,"template":"","format":"standard","meta":{"footnotes":""},"categories":[13,12],"tags":[],"class_list":["post-13304","post","type-post","status-publish","format-standard","has-post-thumbnail","hentry","category-odontologia","category-profissional-de-saude"],"aioseo_notices":[],"_links":{"self":[{"href":"https:\/\/www.biologix.com.br\/es\/wp-json\/wp\/v2\/posts\/13304","targetHints":{"allow":["GET"]}}],"collection":[{"href":"https:\/\/www.biologix.com.br\/es\/wp-json\/wp\/v2\/posts"}],"about":[{"href":"https:\/\/www.biologix.com.br\/es\/wp-json\/wp\/v2\/types\/post"}],"author":[{"embeddable":true,"href":"https:\/\/www.biologix.com.br\/es\/wp-json\/wp\/v2\/users\/11"}],"replies":[{"embeddable":true,"href":"https:\/\/www.biologix.com.br\/es\/wp-json\/wp\/v2\/comments?post=13304"}],"version-history":[{"count":1,"href":"https:\/\/www.biologix.com.br\/es\/wp-json\/wp\/v2\/posts\/13304\/revisions"}],"predecessor-version":[{"id":13305,"href":"https:\/\/www.biologix.com.br\/es\/wp-json\/wp\/v2\/posts\/13304\/revisions\/13305"}],"wp:featuredmedia":[{"embeddable":true,"href":"https:\/\/www.biologix.com.br\/es\/wp-json\/wp\/v2\/media\/13303"}],"wp:attachment":[{"href":"https:\/\/www.biologix.com.br\/es\/wp-json\/wp\/v2\/media?parent=13304"}],"wp:term":[{"taxonomy":"category","embeddable":true,"href":"https:\/\/www.biologix.com.br\/es\/wp-json\/wp\/v2\/categories?post=13304"},{"taxonomy":"post_tag","embeddable":true,"href":"https:\/\/www.biologix.com.br\/es\/wp-json\/wp\/v2\/tags?post=13304"}],"curies":[{"name":"wp","href":"https:\/\/api.w.org\/{rel}","templated":true}]}}