{"id":13336,"date":"2025-02-28T16:59:23","date_gmt":"2025-02-28T19:59:23","guid":{"rendered":"https:\/\/www.biologix.com.br\/?p=13336"},"modified":"2025-02-28T16:59:24","modified_gmt":"2025-02-28T19:59:24","slug":"apneia-obstrutiva-do-sono-aos-e-sua-correlacao-com-a-disfuncao-temporomandibular-dtm","status":"publish","type":"post","link":"https:\/\/www.biologix.com.br\/es\/2025\/02\/28\/apneia-obstrutiva-do-sono-aos-e-sua-correlacao-com-a-disfuncao-temporomandibular-dtm\/","title":{"rendered":"Apnea obstructiva del sue\u00f1o (AOS) y su correlaci\u00f3n con la disfunci\u00f3n temporomandibular (DTM)<br><span class='secondary-title'>Estudio eval\u00faa a pacientes con bruxismo, DTM y apnea obstructiva del sue\u00f1o<\/span>"},"content":{"rendered":"<p>El sue\u00f1o reparador desempe\u00f1a un papel fundamental en el control del dolor. La producci\u00f3n de endorfinas, la recuperaci\u00f3n muscular y la reducci\u00f3n de la s\u00edntesis de agentes inflamatorios explican en parte esta relaci\u00f3n. Sin embargo, la apnea obstructiva del sue\u00f1o puede agravar los cuadros dolorosos a trav\u00e9s de diversos mecanismos, como la mayor sensibilizaci\u00f3n neuronal, la activaci\u00f3n del sistema simp\u00e1tico, la producci\u00f3n de agentes inflamatorios, y la fragmentaci\u00f3n del sue\u00f1o, entre otros.<\/p>\n\n\n\n<p>El <a href=\"https:\/\/www.biologix.com.br\/es\/2021\/01\/27\/qual-o-impacto-do-bruxismo-no-sono\/\">Bruxismo<\/a> Adem\u00e1s, el bruxismo es frecuente en pacientes con apnea del sue\u00f1o. De hecho, los estudios\nindican que la mitad de las personas con AOS tambi\u00e9n padecen bruxismo.\u00a0<\/p>\n\n\n\n<p>El art\u00edculo de hoy evalu\u00f3 a 71 pacientes con bruxismo, DTM y apnea del sue\u00f1o, dividi\u00e9ndose en\ntres grupos seg\u00fan la gravedad de la apnea: leve, moderada y severa.<\/p>\n\n\n\n<p>Para evaluar el volumen condilar, se realizaron ex\u00e1menes de tomograf\u00eda.<\/p>\n\n\n\n<p>Los resultados mostraron que la apnea del sue\u00f1o moderada y severa representan un factor de riesgo para el dolor orofacial, bruxismo del sue\u00f1o y alteraci\u00f3n condilar, lo que puede afectar el volumen condilar y el \u00e1rea superficial. Para mitigar estos efectos, es fundamental tratar la AOS con terapias adecuadas, ya que esto contribuye a reducir el dolor orofacial, disminuir el rechinamiento dental nocturno y prevenir el desgaste condilar a largo plazo.<\/p>\n\n\n\n<p>El <a href=\"https:\/\/www.biologix.com.br\/es\/2024\/08\/23\/aparelho-intraoral-aio-fatores-associados-a-adesao\/\">aparato intraoral<\/a> (AIO) es una opci\u00f3n eficaz para tratar la apnea del sue\u00f1o y controlar el bruxismo. En estos casos, el cirujano dentista especializado en odontolog\u00eda del sue\u00f1o es el profesional m\u00e1s indicado para el tratamiento.<\/p>\n\n\n\n<p><br><strong>Por Dr. Walter Silva J\u00fanior<\/strong><br>Odont\u00f3logo del sue\u00f1o certificado por la American Board of Dental Sleep Medicine [Junta\nEstadounidense de Medicina Dental del Sue\u00f1o] (ABDSM, por sus siglas en ingl\u00e9s).<br>Doctorado en sue\u00f1o en Hospital de Rehabilitaci\u00f3n de Anomal\u00edas Craneofaciales\/Universidad de S\u00e3o Paulo \u2013 Bauru, S\u00e3o Paulo.<br><strong>P\u00e1gina web:<\/strong> http:\/\/www.institutowaltersilva.com.br\/<br><strong>Instagram:<\/strong> @walter_silva_odontologiadosono<\/p>\n\n\n\n<p><em>FUENTE:<\/em> <em>Obstructive sleep apnea: a follow-up<br>program in its relation to temporomandibular joint disorder, sleep bruxism and orofacial pain.<\/em><br><em>Ruoyu Ning et al.<\/em><br><em>BMC Oral Health (2023) 23:578<\/em><\/p>\n\n\n\n<p><strong>El Biologix\u00ae Sleep Test<\/strong><\/p>\n\n\n\n<p>El diagn\u00f3stico de la apnea obstructiva del sue\u00f1o es sencillo y esencial para iniciar un tratamiento\nadecuado.<\/p>\n\n\n\n<p>El Biologix\u00ae Sleep Test es una polisomnograf\u00eda multimodal que mide saturaci\u00f3n\nde ox\u00edgeno, frecuencia card\u00edaca, actimetr\u00eda y ronquidos a trav\u00e9s del micr\u00f3fono del celular.<\/p>\n\n\n\n<p>Dise\u00f1ado para realizarse en casa, este examen facilita el diagn\u00f3stico y el seguimiento del\ntratamiento de la apnea del sue\u00f1o. A la hora de dormir, el paciente solo debe colocarse el sensor\nen el dedo e iniciar el examen en la aplicaci\u00f3n de Biologix. Al despertar la ma\u00f1ana siguiente, con\npulsar en \u201cConcluir examen\u201d, el resultado estar\u00e1 disponible en el portal de ex\u00e1menes en cuesti\u00f3n\nde segundos.<\/p>","protected":false},"excerpt":{"rendered":"<p>El sue\u00f1o reparador desempe\u00f1a un papel fundamental en el control del dolor. La producci\u00f3n de endorfinas, la recuperaci\u00f3n muscular y la reducci\u00f3n de la s\u00edntesis de agentes inflamatorios (...)<\/p>","protected":false},"author":11,"featured_media":13337,"comment_status":"closed","ping_status":"open","sticky":false,"template":"","format":"standard","meta":{"footnotes":""},"categories":[1],"tags":[],"class_list":["post-13336","post","type-post","status-publish","format-standard","has-post-thumbnail","hentry","category-paciente"],"aioseo_notices":[],"_links":{"self":[{"href":"https:\/\/www.biologix.com.br\/es\/wp-json\/wp\/v2\/posts\/13336","targetHints":{"allow":["GET"]}}],"collection":[{"href":"https:\/\/www.biologix.com.br\/es\/wp-json\/wp\/v2\/posts"}],"about":[{"href":"https:\/\/www.biologix.com.br\/es\/wp-json\/wp\/v2\/types\/post"}],"author":[{"embeddable":true,"href":"https:\/\/www.biologix.com.br\/es\/wp-json\/wp\/v2\/users\/11"}],"replies":[{"embeddable":true,"href":"https:\/\/www.biologix.com.br\/es\/wp-json\/wp\/v2\/comments?post=13336"}],"version-history":[{"count":1,"href":"https:\/\/www.biologix.com.br\/es\/wp-json\/wp\/v2\/posts\/13336\/revisions"}],"predecessor-version":[{"id":13338,"href":"https:\/\/www.biologix.com.br\/es\/wp-json\/wp\/v2\/posts\/13336\/revisions\/13338"}],"wp:featuredmedia":[{"embeddable":true,"href":"https:\/\/www.biologix.com.br\/es\/wp-json\/wp\/v2\/media\/13337"}],"wp:attachment":[{"href":"https:\/\/www.biologix.com.br\/es\/wp-json\/wp\/v2\/media?parent=13336"}],"wp:term":[{"taxonomy":"category","embeddable":true,"href":"https:\/\/www.biologix.com.br\/es\/wp-json\/wp\/v2\/categories?post=13336"},{"taxonomy":"post_tag","embeddable":true,"href":"https:\/\/www.biologix.com.br\/es\/wp-json\/wp\/v2\/tags?post=13336"}],"curies":[{"name":"wp","href":"https:\/\/api.w.org\/{rel}","templated":true}]}}