{"id":13349,"date":"2025-03-28T14:57:33","date_gmt":"2025-03-28T17:57:33","guid":{"rendered":"https:\/\/www.biologix.com.br\/?p=13349"},"modified":"2025-03-28T14:57:34","modified_gmt":"2025-03-28T17:57:34","slug":"dormir-com-dentadura-altera-a-qualidade-do-sono","status":"publish","type":"post","link":"https:\/\/www.biologix.com.br\/es\/2025\/03\/28\/dormir-com-dentadura-altera-a-qualidade-do-sono\/","title":{"rendered":"\u00bfDormir con dentadura altera la calidad del sue\u00f1o?<br><span class='secondary-title'>Un estudio analiza el impacto del uso de pr\u00f3tesis total en la calidad del sue\u00f1o<\/span>"},"content":{"rendered":"<p>Con los avances de la medicina, la esperanza de vida aument\u00f3, lo que trae nuevos desaf\u00edos\nsurgen para mejorar la calidad de vida.<\/p>\n\n\n\n<p>Con el paso del tiempo, la edad trae provoca cambios fisiol\u00f3gicos, psicol\u00f3gicos y f\u00edsicos, como\nla p\u00e9rdida de dientes. Aunque esta situaci\u00f3n es menos frecuente que en el pasado, a\u00fan mantiene\nsu relevancia.<\/p>\n\n\n\n<p>El sue\u00f1o en personas mayores presenta caracter\u00edsticas espec\u00edficas. Muchas adoptan el h\u00e1bito de dormir siestas durante el d\u00eda, lo que puede llevar a un sue\u00f1o m\u00e1s superficial por la noche. Tambi\u00e9n se acent\u00faa el cronotipo matutino: se acuestan temprano y, por lo tanto, suelen despertarse de madrugada. Para corregir estos h\u00e1bitos, es importante implementar medidas de higiene del sue\u00f1o y, en algunos casos, indicar medicaci\u00f3n temporal que ayude a alcanzar un descanso reparador.<\/p>\n\n\n\n<p><a href=\"https:\/\/www.biologix.com.br\/es\/2020\/07\/22\/apneia-do-sono-em-idosos\/\">La apnea obstructiva del sue\u00f1o (AOS) empeora con la edad<\/a>. Los m\u00fasculos far\u00edngeos pierden tonicidad y responden con menor eficacia a la acci\u00f3n de los grupos dilatadores durante el sue\u00f1o. Adem\u00e1s, el efecto adverso de ciertos medicamentos, comunes en esta etapa de la vida, puede afectar la calidad del descanso.<\/p>\n\n\n\n<p>El edentulismo modifica la anatom\u00eda facial, reduce la altura vertical, incrementa el movimiento\nrotacional de la mand\u00edbula, favorece la hipertrofia lingual y disminuye el espacio retrofar\u00edngeo. Combinado con la edad, este conjunto de factores aumenta el riesgo de desarrollar apnea del\nsue\u00f1o.<\/p>\n\n\n\n<p>El estudio de hoy evalu\u00f3 el impacto del uso de pr\u00f3tesis total en la calidad del sue\u00f1o. Los 77\nrealizaron una polisomnograf\u00eda y respondieron cuestionarios, tanto con la pr\u00f3tesis como sin ella. Los resultados indicaron una mejora en la saturaci\u00f3n de ox\u00edgeno cuando dorm\u00edan sin las pr\u00f3tesis. Tambi\u00e9n se observ\u00f3 una leve reducci\u00f3n en el \u00edndice de apnea-hipopnea. Los mejores resultados se vieron especialmente en pacientes con apnea moderada a grave. Es importante resaltar que la apnea del sue\u00f1o debe tratarse con m\u00e9todos validados. Aunque retirar la pr\u00f3tesis durante el sue\u00f1o mejora ciertos par\u00e1metros polisomnogr\u00e1ficos, esta medida por s\u00ed sola suele ser insuficiente para\ncontrolar el trastorno de forma eficaz.<\/p>\n\n\n\n<p>Otras investigaciones tambi\u00e9n reportaron resultados positivos. Sin embargo, algunos estudios no llegaron a la misma conclusi\u00f3n.<\/p>\n\n\n\n<p>Quitar la pr\u00f3tesis total antes de dormir tambi\u00e9n favorece la higiene bucal. La saliva cumple una\nfunci\u00f3n importante en la limpieza de residuos y en el control bacteriano. Por lo tanto, este h\u00e1bito\nreduce el riesgo de inflamaci\u00f3n, lesiones en los tejidos, cambios en la textura de las enc\u00edas y\nreabsorci\u00f3n \u00f3sea.<\/p>\n\n\n\n<p>El <a href=\"https:\/\/www.biologix.com.br\/es\/2025\/01\/16\/adesao-ao-tratamento-da-apneia-obstrutiva-do-sono-aos-com-aparelho-intraoral-aio-a-relevancia-dos-primeiros-dias\/\">tratamiento de la apnea del sue\u00f1o<\/a> en pacientes parcialmente ed\u00e9ntulos (por ejemplo, sin dientes superiores, pero con piezas\ndentales o pr\u00f3tesis inferiores) a puede incluir el uso de un aparato intraoral (AIO). El modelo bipartido, compuesto por dos placas independientes, ofrece excelentes resultados.<\/p>\n\n\n\n<p>En pacientes totalmente desdentados, una opci\u00f3n adecuada es el uso del CPAP. En casos leves,\npuede considerarse un retenedor lingual.<\/p>\n\n\n\n<p><br><strong>Por Dr. Walter Silva J\u00fanior<\/strong><br>Odont\u00f3logo del sue\u00f1o certificado por la American Board of Dental Sleep Medicine [Junta\nEstadounidense de Medicina Dental del Sue\u00f1o] (ABDSM, por sus siglas en ingl\u00e9s).<br>Doctorado en sue\u00f1o en Hospital de Rehabilitaci\u00f3n de Anomal\u00edas Craneofaciales\/Universidad de S\u00e3o Paulo \u2013 Bauru, S\u00e3o Paulo.<br><strong>P\u00e1gina web:<\/strong> http:\/\/www.institutowaltersilva.com.br\/<br><strong>Instagram:<\/strong> @walter_silva_odontologiadosono<\/p>\n\n\n\n<p><em>FUENTE:<\/em> <em>Effects of nocturnal wearing of dentures on the quality of sleep and oral-health-related quality in edentate elders with untreated sleep apnea: a randomized cross-over trial<\/em><br><em>Elham Emami, Gilles Lavigne, Fernanda R. Almeida et al.<\/em><br><em>SLEEPJ, 2021, Vol. 44, No. 10<\/em><\/p>\n\n\n\n<p><strong>El Biologix\u00ae Sleep Test<\/strong><\/p>\n\n\n\n<p>El diagn\u00f3stico de la apnea obstructiva del sue\u00f1o es sencillo y esencial para iniciar un tratamiento\nadecuado.<\/p>\n\n\n\n<p>El Biologix\u00ae Sleep Test es una polisomnograf\u00eda multimodal que mide saturaci\u00f3n\nde ox\u00edgeno, frecuencia card\u00edaca, actimetr\u00eda y ronquidos a trav\u00e9s del micr\u00f3fono del celular.<\/p>\n\n\n\n<p>Dise\u00f1ado para realizarse en casa, este examen facilita el diagn\u00f3stico y el seguimiento del\ntratamiento de la apnea del sue\u00f1o.&nbsp;<\/p>\n\n\n\n<p>A la hora de dormir, el paciente solo debe colocarse el sensor en el dedo e iniciar el examen en la aplicaci\u00f3n de Biologix. Al despertar la ma\u00f1ana siguiente, con pulsar en \u201cConcluir examen\u201d, el resultado estar\u00e1 disponible en el portal de ex\u00e1menes en cuesti\u00f3n de segundos.<\/p>","protected":false},"excerpt":{"rendered":"<p>Con los avances de la medicina, la esperanza de vida aument\u00f3, lo que trae nuevos desaf\u00edos surgen para mejorar la calidad de vida. Con el paso del tiempo (...)<\/p>","protected":false},"author":11,"featured_media":13350,"comment_status":"closed","ping_status":"open","sticky":false,"template":"","format":"standard","meta":{"footnotes":""},"categories":[13],"tags":[],"class_list":["post-13349","post","type-post","status-publish","format-standard","has-post-thumbnail","hentry","category-odontologia"],"aioseo_notices":[],"_links":{"self":[{"href":"https:\/\/www.biologix.com.br\/es\/wp-json\/wp\/v2\/posts\/13349","targetHints":{"allow":["GET"]}}],"collection":[{"href":"https:\/\/www.biologix.com.br\/es\/wp-json\/wp\/v2\/posts"}],"about":[{"href":"https:\/\/www.biologix.com.br\/es\/wp-json\/wp\/v2\/types\/post"}],"author":[{"embeddable":true,"href":"https:\/\/www.biologix.com.br\/es\/wp-json\/wp\/v2\/users\/11"}],"replies":[{"embeddable":true,"href":"https:\/\/www.biologix.com.br\/es\/wp-json\/wp\/v2\/comments?post=13349"}],"version-history":[{"count":1,"href":"https:\/\/www.biologix.com.br\/es\/wp-json\/wp\/v2\/posts\/13349\/revisions"}],"predecessor-version":[{"id":13351,"href":"https:\/\/www.biologix.com.br\/es\/wp-json\/wp\/v2\/posts\/13349\/revisions\/13351"}],"wp:featuredmedia":[{"embeddable":true,"href":"https:\/\/www.biologix.com.br\/es\/wp-json\/wp\/v2\/media\/13350"}],"wp:attachment":[{"href":"https:\/\/www.biologix.com.br\/es\/wp-json\/wp\/v2\/media?parent=13349"}],"wp:term":[{"taxonomy":"category","embeddable":true,"href":"https:\/\/www.biologix.com.br\/es\/wp-json\/wp\/v2\/categories?post=13349"},{"taxonomy":"post_tag","embeddable":true,"href":"https:\/\/www.biologix.com.br\/es\/wp-json\/wp\/v2\/tags?post=13349"}],"curies":[{"name":"wp","href":"https:\/\/api.w.org\/{rel}","templated":true}]}}