{"id":13930,"date":"2025-10-22T11:47:22","date_gmt":"2025-10-22T14:47:22","guid":{"rendered":"https:\/\/www.biologix.com.br\/?p=13930"},"modified":"2025-10-22T11:48:02","modified_gmt":"2025-10-22T14:48:02","slug":"sono-e-avc-como-um-sono-ruim-pode-agravar-a-chance-de-um-acidente-vascular-cerebral","status":"publish","type":"post","link":"https:\/\/www.biologix.com.br\/es\/2025\/10\/22\/sono-e-avc-como-um-sono-ruim-pode-agravar-a-chance-de-um-acidente-vascular-cerebral\/","title":{"rendered":"El sue\u00f1o y el ACV: c\u00f3mo una mala calidad del sue\u00f1o puede aumentar el riesgo de un accidente cerebrovascular<br><span class='secondary-title'>\u00bfSab\u00eda que una mala calidad del sue\u00f1o puede incrementar el riesgo de ACV?<\/span>"},"content":{"rendered":"<div data-elementor-type=\"wp-post\" data-elementor-id=\"13930\" class=\"elementor elementor-13930\" data-elementor-post-type=\"post\">\n\t\t\t\t<div class=\"elementor-element elementor-element-5f038abf e-con-full e-flex e-con e-parent\" data-id=\"5f038abf\" data-element_type=\"container\" data-e-type=\"container\">\n\t\t\t\t<div class=\"elementor-element elementor-element-21ba48b9 elementor-widget elementor-widget-text-editor\" data-id=\"21ba48b9\" data-element_type=\"widget\" data-e-type=\"widget\" data-widget_type=\"text-editor.default\">\n\t\t\t\t<div class=\"elementor-widget-container\">\n\t\t\t\t\t\t\t\t\t<p>El <strong>accidente cerebrovascular (ACV)<\/strong>, tambi\u00e9n conocido como <a href=\"https:\/\/www.biologix.com.br\/es\/2020\/03\/13\/apneia-obstrutiva-do-sono-e-avc\/\">derrame cerebral<\/a>, ocurre cuando se interrumpe o se reduce el flujo de ox\u00edgeno y nutrientes hacia el cerebro, provocando la obstrucci\u00f3n o ruptura de un vaso sangu\u00edneo cerebral.&nbsp;<\/p>\n<p><!-- \/wp:paragraph --><!-- wp:paragraph --><\/p>\n<p>Existen dos tipos de accidente cerebrovascular:<\/p><p><ol><li><strong>ACV isqu\u00e9mico: <\/strong>ocurre cuando una arteria cerebral se bloquea, generalmente por un co\u00e1gulo sangu\u00edneo, lo que impide el paso de ox\u00edgeno y nutrientes al cerebro. Es el tipo m\u00e1s frecuente y representa aproximadamente el 80 % de los casos.&nbsp;<\/li><li><strong>ACV hemorr\u00e1gico:<\/strong>considerado el m\u00e1s grave, se produce cuando un vaso sangu\u00edneo se rompe dentro del cerebro, lo que ocasiona sangrado e intenso dolor de cabeza. Presenta una alta tasa de mortalidad debido a la severidad del cuadro cl\u00ednico.&nbsp;<\/li><\/ol><\/p>\n<p><!-- \/wp:list-item --><\/p>\n<p><!-- \/wp:list --><!-- wp:paragraph --><\/p>\n<p>Ahora, entienda c\u00f3mo las noches mal dormidas, la apnea del sue\u00f1o y los h\u00e1bitos inadecuados pueden comprometer la salud cerebral y favorecer el desarrollo de enfermedades cardiovasculares.<strong>.&nbsp;<\/strong><\/p>\n<p><!-- \/wp:paragraph --><!-- wp:paragraph --><\/p>\n<h2><strong>La relaci\u00f3n entre la calidad del sue\u00f1o y el riesgo de ACV<\/strong><\/h2>\n<p><!-- \/wp:paragraph --><!-- wp:paragraph --><\/p>\n<p>Estudios recientes demuestran que la <strong>duraci\u00f3n y la calidad del sue\u00f1o<\/strong> se relacionan directamente con la incidencia de accidentes cerebrovasculares, tanto <strong>isqu\u00e9micos<\/strong> como <strong>hemorr\u00e1gicos<\/strong>.&nbsp;<\/p>\n<p><!-- \/wp:paragraph --><!-- wp:paragraph --><\/p>\n<p>De acuerdo con el estudio Neuro Stroke, publicado por la revista Neurology,  los per\u00edodos de sue\u00f1o cortos, la mala calidad del descanso y las siestas no planificadas se asocian con un mayor riesgo de ACV.&nbsp;<\/p>\n<p><!-- \/wp:paragraph --><!-- wp:paragraph --><\/p>\n<p>Adem\u00e1s, la Funci\u00f3n Nacional del Sue\u00f1o de los Estados Unidos de Am\u00e9rica se\u00f1ala que las personas que duermen menos de seis horas diarias presentan mayor propensi\u00f3n a desarrollar problemas cardiovasculares, entre ellos el ACV.&nbsp;<\/p>\n<p><!-- \/wp:paragraph --><!-- wp:paragraph --><\/p>\n<p>Un sue\u00f1o de calidad no solo contribuye a prevenir el accidente cerebrovascular, sino que tambi\u00e9n act\u00faa como un <strong>aliado clave en la recuperaci\u00f3n post-ACV<\/strong>. Durante el sue\u00f1o reparador, el cerebro consolida la memoria y las \u00e1reas afectadas logran, progresivamente, recuperar parte de su funci\u00f3n.<\/p>\n<p><!-- \/wp:paragraph --><!-- wp:paragraph --><\/p>\n<h2><strong>La apnea obstructiva del sue\u00f1o (AOS) y su conexi\u00f3n con las enfermedades cardiovasculares<\/strong><\/h2>\n<p><!-- \/wp:paragraph --><!-- wp:paragraph --><\/p>\n<p>Diversas investigaciones indican que la <strong>apnea obstructiva del sue\u00f1o (AOS)<\/strong> constituye un <strong>factor de riesgo significativo<\/strong>. Este trastorno genera alteraciones cardiometab\u00f3licas, ya que durante los episodios de apnea disminuye la oxigenaci\u00f3n cerebral.&nbsp;<\/p>\n<p><!-- \/wp:paragraph --><!-- wp:paragraph --><\/p>\n<p>La AOS activa los mecanismos neuroinflamatorios y neuromoduladores, lo que puede provocar:<\/p>\n<ul>\n<li>Arritmias (como <a href=\"https:\/\/www.biologix.com.br\/es\/2024\/09\/16\/fibrilacao-atrial-e-a-relacao-com-apneia-obstrutiva-do-sono\/\" style=\"background-color: rgb(255, 255, 255);\">fibrilaci\u00f3n auricular<\/a>)&nbsp;<\/li>\n<li>Aumento de la presi\u00f3n arterial&nbsp;<\/li>\n<li>Insuficiencia card\u00edaca&nbsp;<\/li>\n<li>Accidente cerebrovascular&nbsp;<\/li>\n<\/ul>\n<p><!-- \/wp:list-item --><\/p>\n<p><!-- \/wp:list --><!-- wp:paragraph --><\/p>\n<p>Adem\u00e1s de los efectos cardiovasculares, la AOS tambi\u00e9n afecta el metabolismo, el estado de \u00e1nimo y las funciones cognitivas. La fragmentaci\u00f3n del sue\u00f1o y la hipoxemia nocturna deterioran la atenci\u00f3n, la memoria y el rendimiento diurno, lo que incrementa el riesgo de accidentes y reduce la productividad.<\/p>\n<p><!-- \/wp:paragraph --><!-- wp:paragraph --><\/p>\n<p>Observe algunos s\u00edntomas de alerta de AOS:<\/p>\n<ul>\n<li>Despertares nocturnos frecuentes&nbsp;<\/li>\n<li>Ronquido intenso y alto&nbsp;<\/li>\n<li>Boca seca al despertar&nbsp;<\/li>\n<li>Somnolencia diurna&nbsp;<\/li>\n<\/ul>\n<p><!-- \/wp:list-item --><\/p>\n<p><!-- \/wp:list --><!-- wp:paragraph --><\/p>\n<p>Despertar con la boca seca puede indicar respiraci\u00f3n bucal durante la noche. Este h\u00e1bito provoca microdespertares, interrumpe la continuidad del sue\u00f1o, disminuye su calidad y genera <strong>somnolencia diurna excesiva.<\/strong><\/p>\n<p><!-- \/wp:paragraph --><!-- wp:paragraph --><\/p>\n<h2><strong>Biologix: apoyo al diagn\u00f3stico y monitoreo del sue\u00f1o<\/strong><\/h2>\n<p><!-- \/wp:paragraph --><!-- wp:paragraph --><\/p>\n<p>El <a href=\"https:\/\/www.biologix.com.br\/es\/exame-do-sono\/\">Biologix\u00ae Sleep Test<strong>\u00ae<\/strong><\/a> es una <strong>polisomnograf\u00eda multimodal<\/strong> que analiza la calidad del sue\u00f1o y detecta eventos de apnea y ronquidos mediante el micr\u00f3fono del smartphone.&nbsp;<\/p>\n<p><!-- \/wp:paragraph --><!-- wp:paragraph --><\/p>\n<p>En adultos, especialmente en quienes presentan <strong>factores de riesgo cardiovascular,<\/strong> la evaluaci\u00f3n del sue\u00f1o es esencial. Trastornos como la apnea obstructiva, el insomnio o el ronquido intenso pueden relacionarse directamente con el <strong>incremento del riesgo de accidente cerebrovascular.<\/strong>&nbsp;<\/p>\n<p><!-- \/wp:paragraph --><!-- wp:paragraph --><\/p>\n<p>Una de las principales ventajas del examen es que permite al paciente dormir en su entorno habitual, preservando la naturalidad del sue\u00f1o y garantizando registros precisos. Adem\u00e1s, su dise\u00f1o inal\u00e1mbrico y libre de equipos hospitalarios reduce la incomodidad y asegura una medici\u00f3n confiable.&nbsp;<\/p>\n<p><!-- \/wp:paragraph --><!-- wp:paragraph --><\/p>\n<p>A partir de los datos obtenidos, Biologix Sleep Test\u00ae ofrece informaci\u00f3n detallada sobre la arquitectura del sue\u00f1o, los niveles de oxigenaci\u00f3n y la presencia de eventos respiratorios, brindando al profesional de la salud soporte para definir conductas terap\u00e9uticas precisas. Este enfoque permite diagnosticar apnea e insomnio y tambi\u00e9n <strong>monitorear la evoluci\u00f3n del tratamiento y la respuesta cl\u00ednica a lo largo del tiempo.<\/strong><\/p>\n<p><!-- \/wp:paragraph --><!-- wp:paragraph --><\/p>\n<p>Toda esta practicidad facilita la <strong>detecci\u00f3n temprana de trastornos del sue\u00f1o<\/strong>, frecuentemente subdiagnosticados debido a limitaciones log\u00edsticas o al temor de los pacientes hacia los ex\u00e1menes presenciales.<\/p>\n<p><!-- \/wp:paragraph --><\/p>\t\t\t\t\t\t\t\t<\/div>\n\t\t\t\t<\/div>\n\t\t\t\t<\/div>\n\t\t\t\t<\/div>","protected":false},"excerpt":{"rendered":"<p>O Acidente Vascular Cerebral, popularmente conhecido como AVC ou derrame cerebral, ocorre quando o fluxo de oxig\u00eanio e nutrientes para o c\u00e9rebro \u00e9 interrompido ou&hellip;<\/p>","protected":false},"author":11,"featured_media":13931,"comment_status":"closed","ping_status":"open","sticky":false,"template":"","format":"standard","meta":{"footnotes":""},"categories":[1],"tags":[],"class_list":["post-13930","post","type-post","status-publish","format-standard","has-post-thumbnail","hentry","category-paciente"],"aioseo_notices":[],"_links":{"self":[{"href":"https:\/\/www.biologix.com.br\/es\/wp-json\/wp\/v2\/posts\/13930","targetHints":{"allow":["GET"]}}],"collection":[{"href":"https:\/\/www.biologix.com.br\/es\/wp-json\/wp\/v2\/posts"}],"about":[{"href":"https:\/\/www.biologix.com.br\/es\/wp-json\/wp\/v2\/types\/post"}],"author":[{"embeddable":true,"href":"https:\/\/www.biologix.com.br\/es\/wp-json\/wp\/v2\/users\/11"}],"replies":[{"embeddable":true,"href":"https:\/\/www.biologix.com.br\/es\/wp-json\/wp\/v2\/comments?post=13930"}],"version-history":[{"count":13,"href":"https:\/\/www.biologix.com.br\/es\/wp-json\/wp\/v2\/posts\/13930\/revisions"}],"predecessor-version":[{"id":13944,"href":"https:\/\/www.biologix.com.br\/es\/wp-json\/wp\/v2\/posts\/13930\/revisions\/13944"}],"wp:featuredmedia":[{"embeddable":true,"href":"https:\/\/www.biologix.com.br\/es\/wp-json\/wp\/v2\/media\/13931"}],"wp:attachment":[{"href":"https:\/\/www.biologix.com.br\/es\/wp-json\/wp\/v2\/media?parent=13930"}],"wp:term":[{"taxonomy":"category","embeddable":true,"href":"https:\/\/www.biologix.com.br\/es\/wp-json\/wp\/v2\/categories?post=13930"},{"taxonomy":"post_tag","embeddable":true,"href":"https:\/\/www.biologix.com.br\/es\/wp-json\/wp\/v2\/tags?post=13930"}],"curies":[{"name":"wp","href":"https:\/\/api.w.org\/{rel}","templated":true}]}}