{"id":13957,"date":"2025-10-29T17:43:14","date_gmt":"2025-10-29T20:43:14","guid":{"rendered":"https:\/\/www.biologix.com.br\/?p=13957"},"modified":"2025-10-29T17:44:03","modified_gmt":"2025-10-29T20:44:03","slug":"mounjaro-e-liberado-pela-anvisa-para-tratar-apneia-obstrutiva-do-sono-aos","status":"publish","type":"post","link":"https:\/\/www.biologix.com.br\/es\/2025\/10\/29\/mounjaro-e-liberado-pela-anvisa-para-tratar-apneia-obstrutiva-do-sono-aos\/","title":{"rendered":"Anvisa aprueba Mounjaro para el tratamiento de la apne obstructiva del sue\u00f1o (AOS)<br><span class='secondary-title'>Las evidencias muestran una mejora significativa en el IAH y una reducci\u00f3n de hasta un 20% del peso corporal.<\/span>"},"content":{"rendered":"<div data-elementor-type=\"wp-post\" data-elementor-id=\"13957\" class=\"elementor elementor-13957\" data-elementor-post-type=\"post\">\n\t\t\t\t<div class=\"elementor-element elementor-element-756a7744 e-flex e-con-boxed e-con e-parent\" data-id=\"756a7744\" data-element_type=\"container\" data-e-type=\"container\">\n\t\t\t\t\t<div class=\"e-con-inner\">\n\t\t\t\t<div class=\"elementor-element elementor-element-835afd3 elementor-widget elementor-widget-text-editor\" data-id=\"835afd3\" data-element_type=\"widget\" data-e-type=\"widget\" data-widget_type=\"text-editor.default\">\n\t\t\t\t<div class=\"elementor-widget-container\">\n\t\t\t\t\t\t\t\t\t<p>La <strong>Agencia Nacional Brasile\u00f1a de Vigilancia Sanitaria (Anvisa)<\/strong> <a href=\"https:\/\/www.in.gov.br\/web\/dou\/-\/resolucao-re-n-4.117-de-17-de-outubro-de-2025-663437733\">aprob\u00f3, el 20 de octubre de 2025, el uso de <strong>Mounjaro<\/strong><\/a>, cuyo principio activo es la <strong>tirzepatida<\/strong>, como una nueva opci\u00f3n terap\u00e9utica para la <strong>apnea obstructiva del sue\u00f1o (AOS)<\/strong> , un trastorno caracterizado por <strong>pausas respiratorias durante el sue\u00f1o<\/strong>.<\/p>\n<p><!-- \/wp:paragraph --><!-- wp:paragraph --><\/p>\n<p>La tirzepatida ya se utiliza en el tratamiento de enfermedades preexistentes como la obesidad y la diabetes tipo 2. Ahora, Anvisa la reconoce<strong> como una opci\u00f3n de tratamiento para pacientes con obesidad y cuadros de AOS moderada a grave.<\/strong><\/p>\n<p><!-- \/wp:paragraph --><!-- wp:paragraph --><\/p>\n<h2><strong>Relaci\u00f3n entre la obesidad y la apnea del sue\u00f1o<\/strong><\/h2>\n<p><!-- \/wp:paragraph --><!-- wp:paragraph --><\/p>\n<p>Los estudios demuestran que la apnea obstructiva del sue\u00f1o contribuye a la aparici\u00f3n de <strong>eventos cardiovasculares y metab\u00f3licos<\/strong>, como el <strong>accidente cerebrovascular (ACV)<\/strong> y las <strong>arritmias card\u00edacas<\/strong>. Algunos s\u00edntomas frecuentes son:<\/p>\n<ul>\n<li>somnolencia diurna<\/li>\n<li>ronquido alto<\/li>\n<li>cefaleas matinales<\/li>\n<\/ul>\n<p><!-- \/wp:list-item --><\/p>\n<p><!-- \/wp:list --><!-- wp:paragraph --><\/p>\n<p>El <strong>exceso de peso<\/strong> agrava los s\u00edntomas, ya que la acumulaci\u00f3n de grasa corporal en la regi\u00f3n cervical estrecha las v\u00edas respiratorias y aumenta el riesgo de colapso durante el sue\u00f1o, seg\u00fan explica el endocrin\u00f3logo <strong>Andr\u00e9 Camara de Oliveira<\/strong>, director de la Sociedad Brasile\u00f1a de Endocrinolog\u00eda y Metabolog\u00eda (SBEM, por sus siglas en portugu\u00e9s) de S\u00e3o Paulo: \u201cEsto engrosa las v\u00edas respiratorias, elevando el riesgo de colapso durante el sue\u00f1o\u201d.<\/p>\n<p><!-- \/wp:paragraph --><!-- wp:paragraph --><\/p>\n<p>Adem\u00e1s, la <strong>mala calidad del sue\u00f1o<\/strong> influye directamente en el control del peso. Las personas que no logran descansar adecuadamente pueden presentar un aumento de la grelina, conocida como la \u201chormona del hambre\u201d, y una disminuci\u00f3n de la leptina, responsable de regular el apetito.<\/p>\n<p><!-- \/wp:paragraph --><!-- wp:paragraph --><\/p>\n<p>Por lo tanto, <a href=\"https:\/\/www.linkedin.com\/pulse\/sono-em-pauta-obesidade-e-dist%C3%BArbios-do-uma-coisa-leva-outra-xboef\/?trackingId=KD0XGF%2FfQzSup9%2BYZXumbA%3D%3D\">la obesidad y la apnea obstructiva del sue\u00f1o mantienen una relaci\u00f3n de retroalimentaci\u00f3n negativa<\/a>.<\/p>\n<p><!-- \/wp:paragraph --><!-- wp:paragraph --><\/p>\n<h2><strong>C\u00f3mo Mounjaro puede optimizar los resultados terap\u00e9uticos<\/strong><\/h2>\n<p><!-- \/wp:paragraph --><!-- wp:paragraph --><\/p>\n<p>Un estudio realizado por la farmac\u00e9utica Eli Lilly, fabricante de Mounjaro, demostr\u00f3 que la <strong>tirzepatida<\/strong>, administrada en dosis de 10 mg o 15 mg, fue en promedio cinco veces m\u00e1s eficaz que el placebo en la reducci\u00f3n del \u00edndice de apnea-hipopnea (IAH) en pacientes con AOS que <strong>no utilizaban CPAP.&nbsp;<\/strong><\/p>\n<p><!-- \/wp:paragraph --><!-- wp:paragraph --><\/p>\n<p>En este grupo, se observ\u00f3 una reducci\u00f3n promedio de <strong>27 eventos respiratorios por hora<\/strong> con el uso de <strong>Mounjaro<\/strong>, frente a una disminuci\u00f3n de solo <strong>cinco eventos por hora<\/strong> con el placebo.<\/p>\n<p><!-- \/wp:paragraph --><!-- wp:paragraph --><\/p>\n<p>Entre los participantes que utilizaban CPAP, Mounjaro permiti\u00f3 una<strong> reducci\u00f3n de 30 eventos por hora<\/strong> , mientras que el placebo alcanz\u00f3 solo seis eventos menos por hora.&nbsp;<\/p>\n<p><!-- \/wp:paragraph --><!-- wp:paragraph --><\/p>\n<p>Cabe destacar que el 42% de los pacientes tratados con tirzepatida presentaron una evoluci\u00f3n hacia una apnea leve y asintom\u00e1tica despu\u00e9s de 52 semanas de tratamiento. En el grupo que combin\u00f3 CPAP con tirzepatida, el porcentaje alcanz\u00f3 el <strong>50%<\/strong>, en comparaci\u00f3n con un <strong>14 a 16%<\/strong> en los grupos de control.<\/p>\n<p><!-- \/wp:paragraph --><!-- wp:paragraph --><\/p>\n<h2><strong>Efectos de Mounjaro sobre el peso corporal<\/strong><\/h2>\n<p><!-- \/wp:paragraph --><!-- wp:paragraph --><\/p>\n<p>Los pacientes tratados con Mounjaro registraron una <strong>reducci\u00f3n media de 20,4 kg, equivalente al 18% del peso corporal<\/strong>. Aquellos que tambi\u00e9n utilizaron CPAP lograron una p\u00e9rdida de aproximadamente <strong>22,7 kg, es decir, 20% del peso corporal<\/strong>.  En contraste, el grupo tratado con placebo mostr\u00f3 una p\u00e9rdida mucho menor, de <strong>1,8 a 2,7 kg, lo que representa apenas 2% del peso corporal<\/strong>.<\/p>\n<p><!-- \/wp:paragraph --><!-- wp:paragraph --><\/p>\n<p>Aunque la medicaci\u00f3n no act\u00faa directamente sobre la musculatura de las v\u00edas a\u00e9reas, donde ocurren las obstrucciones <strong>durante el sue\u00f1o<\/strong>, ejerce un efecto positivo sobre la apnea al promover la p\u00e9rdida de peso inducida por la tirzepatida. Esta reducci\u00f3n <strong>disminuye la presi\u00f3n sobre las estructuras respiratorias<\/strong> y mejora el flujo de aire durante el sue\u00f1o.<\/p>\n<p><!-- \/wp:paragraph --><!-- wp:heading --><\/p>\n<h2><strong>Detalles del estudio y relevancia de la aprobaci\u00f3n<\/strong><\/h2>\n<p><!-- \/wp:heading --><!-- wp:paragraph --><\/p>\n<p>El estudio, publicado en <a href=\"https:\/\/www.nejm.org\/doi\/10.1056\/NEJMoa2404881\">The New England Journal of Medicine<\/a>, incluy\u00f3 <strong>469 participantes<\/strong> de seis pa\u00edses, <strong>Brasil, los Estados Unidos de Am\u00e9rica, Australia, China, Alemania y Jap\u00f3n<\/strong>, con un seguimiento de <strong>52 semanas<\/strong>.<\/p>\n<p><!-- \/wp:paragraph --><!-- wp:paragraph --><\/p>\n<p>La introducci\u00f3n de la tirzepatida como alternativa terap\u00e9utica para la apnea del sue\u00f1o ampl\u00eda las posibilidades de tratamiento para pacientes con <a href=\"https:\/\/www.biologix.com.br\/es\/2020\/09\/16\/apneia-do-sono-e-obesidade\/\">AOS asociada a obesidad<\/a>.&nbsp;&nbsp;<\/p>\n<p><!-- \/wp:paragraph --><!-- wp:paragraph --><\/p>\n<p>Combinada con el control metab\u00f3lico, la p\u00e9rdida ponderal y las terapias respiratorias como el CPAP, la tirzepatida optimiza los resultados cl\u00ednicos y reduce las complicaciones asociadas a la enfermedad. De esta manera, el manejo farmacol\u00f3gico del peso se consolida como una herramienta complementaria de relevancia cl\u00ednica en el control de la apnea obstructiva del sue\u00f1o.<\/p>\n<p><!-- \/wp:paragraph --><\/p>\t\t\t\t\t\t\t\t<\/div>\n\t\t\t\t<\/div>\n\t\t\t\t\t<\/div>\n\t\t\t\t<\/div>\n\t\t\t\t<\/div>","protected":false},"excerpt":{"rendered":"<p>A Ag\u00eancia Nacional de Vigil\u00e2ncia Sanit\u00e1ria (Anvisa) aprovou no dia 20 de outubro de 2025 o uso do Mounjaro, cujo princ\u00edpio ativo \u00e9 a tirzepatida,&hellip;<\/p>","protected":false},"author":11,"featured_media":13958,"comment_status":"closed","ping_status":"open","sticky":false,"template":"","format":"standard","meta":{"footnotes":""},"categories":[1,12],"tags":[],"class_list":["post-13957","post","type-post","status-publish","format-standard","has-post-thumbnail","hentry","category-paciente","category-profissional-de-saude"],"aioseo_notices":[],"_links":{"self":[{"href":"https:\/\/www.biologix.com.br\/es\/wp-json\/wp\/v2\/posts\/13957","targetHints":{"allow":["GET"]}}],"collection":[{"href":"https:\/\/www.biologix.com.br\/es\/wp-json\/wp\/v2\/posts"}],"about":[{"href":"https:\/\/www.biologix.com.br\/es\/wp-json\/wp\/v2\/types\/post"}],"author":[{"embeddable":true,"href":"https:\/\/www.biologix.com.br\/es\/wp-json\/wp\/v2\/users\/11"}],"replies":[{"embeddable":true,"href":"https:\/\/www.biologix.com.br\/es\/wp-json\/wp\/v2\/comments?post=13957"}],"version-history":[{"count":13,"href":"https:\/\/www.biologix.com.br\/es\/wp-json\/wp\/v2\/posts\/13957\/revisions"}],"predecessor-version":[{"id":13971,"href":"https:\/\/www.biologix.com.br\/es\/wp-json\/wp\/v2\/posts\/13957\/revisions\/13971"}],"wp:featuredmedia":[{"embeddable":true,"href":"https:\/\/www.biologix.com.br\/es\/wp-json\/wp\/v2\/media\/13958"}],"wp:attachment":[{"href":"https:\/\/www.biologix.com.br\/es\/wp-json\/wp\/v2\/media?parent=13957"}],"wp:term":[{"taxonomy":"category","embeddable":true,"href":"https:\/\/www.biologix.com.br\/es\/wp-json\/wp\/v2\/categories?post=13957"},{"taxonomy":"post_tag","embeddable":true,"href":"https:\/\/www.biologix.com.br\/es\/wp-json\/wp\/v2\/tags?post=13957"}],"curies":[{"name":"wp","href":"https:\/\/api.w.org\/{rel}","templated":true}]}}