{"id":1758,"date":"2020-03-16T17:57:34","date_gmt":"2020-03-16T20:57:34","guid":{"rendered":"https:\/\/blog.biologix.com.br\/?p=1758"},"modified":"2025-08-19T11:52:18","modified_gmt":"2025-08-19T14:52:18","slug":"covid-19-o-novo-coronavirus","status":"publish","type":"post","link":"https:\/\/www.biologix.com.br\/es\/2020\/03\/16\/covid-19-o-novo-coronavirus\/","title":{"rendered":"Covid-19: o novo Coronav\u00edrus<br><span class='secondary-title'>Tire suas d\u00favidas sobre o novo coronav\u00edrus<\/span>"},"content":{"rendered":"<p>O novo Coronav\u00edrus avan\u00e7a pelo\nBrasil e tem deixado consequ\u00eancias. <\/p>\n\n\n\n<p>Diante de tantas not\u00edcias falsas\nque circulam nas redes, decidimos esclarecer as principais d\u00favidas sobre o\nv\u00edrus: <\/p>\n\n\n\n<!--more-->\n\n\n\n<h2 class=\"wp-block-heading\">O que \u00e9 Coronav\u00edrus <\/h2>\n\n\n\n<p>Os coronav\u00edrus (CoV) s\u00e3o uma grande fam\u00edlia viral, conhecidos desde meados dos anos 1960,&nbsp;e o mais novo integrante \u00e9 o SARS-CoV-2, v\u00edrus que causa a COVID-19. Essa fam\u00edlia \u00e9 formada ainda por integrantes como MERS (\u201cMiddle East Respiratory Syndrome\u201d) e SARS (\u201cSevere Acute Respiratory Syndrome\u201d), que causam infec\u00e7\u00f5es respirat\u00f3rias de gravidade vari\u00e1vel, do resfriado comum \u00e0 pneumonia fatal. Essa fam\u00edlia \u00e9 formada por v\u00edrus que tiveram origem em animais. Alguns deles infectaram humanos e j\u00e1 causaram outras epidemias.<\/p>\n\n\n\n<h2 class=\"wp-block-heading\">Sintomas do Coronav\u00edrus<strong> <\/strong><\/h2>\n\n\n\n<p>Os sinais e sintomas do coronav\u00edrus s\u00e3o principalmente respirat\u00f3rios, semelhantes a um resfriado. Pessoas com a COVID-19 podem ter pouco ou at\u00e9 nenhum sintoma. Por\u00e9m os mais comuns s\u00e3o tosse seca ou com secre\u00e7\u00e3o, febre, acima de 38\u00b0, dor no corpo, coriza e dor de garganta. E os sintomas mais graves incluem dificuldade de respirar. Tamb\u00e9m pode apresentar diarreia e congestionamento nasal. A forma da doen\u00e7a costuma ser leve, \u00e9 raro se agravar, quando isso acontece, acomete principalmente idosos, acima de 60 anos e que possuem alguma doen\u00e7a de base como diabetes, hipertens\u00e3o, cardiopatas ou que possuem bronquite cr\u00f4nica por exemplo. Pois a sobrecarga causada por essa infec\u00e7\u00e3o pode descompensar a doen\u00e7a de base, agravando a doen\u00e7a. <\/p>\n\n\n\t\t<div data-elementor-type=\"section\" data-elementor-id=\"587\" class=\"elementor elementor-587\" data-elementor-post-type=\"elementor_library\">\n\t\t\t\t\t<section class=\"elementor-section elementor-top-section elementor-element elementor-element-4d0649a elementor-section-boxed elementor-section-height-default elementor-section-height-default\" data-id=\"4d0649a\" data-element_type=\"section\" data-e-type=\"section\">\n\t\t\t\t\t\t<div class=\"elementor-container elementor-column-gap-default\">\n\t\t\t\t\t<div class=\"elementor-column elementor-col-100 elementor-top-column elementor-element elementor-element-9d36ab1\" data-id=\"9d36ab1\" data-element_type=\"column\" data-e-type=\"column\">\n\t\t\t<div class=\"elementor-widget-wrap elementor-element-populated\">\n\t\t\t\t\t\t<div class=\"elementor-element elementor-element-c0177f3 elementor-widget elementor-widget-html\" data-id=\"c0177f3\" data-element_type=\"widget\" data-e-type=\"widget\" data-widget_type=\"html.default\">\n\t\t\t\t<div class=\"elementor-widget-container\">\n\t\t\t\t\t<div role=\"main\" id=\"site-inscricao-receber-conteudo-66a2c8b9048f99353f18\"><\/div><script type=\"text\/javascript\" src=\"https:\/\/d335luupugsy2.cloudfront.net\/js\/rdstation-forms\/stable\/rdstation-forms.min.js\"><\/script><script type=\"text\/javascript\"> new RDStationForms('site-inscricao-receber-conteudo-66a2c8b9048f99353f18', 'UA-128422573-1').createForm();<\/script>\t\t\t\t<\/div>\n\t\t\t\t<\/div>\n\t\t\t\t\t<\/div>\n\t\t<\/div>\n\t\t\t\t\t<\/div>\n\t\t<\/section>\n\t\t\t\t<\/div>\n\t\t\n\n\n\n<h2 class=\"wp-block-heading\">Transmiss\u00e3o do Coronav\u00edrus <\/h2>\n\n\n\n<p>De uma forma geral, a principal forma de transmiss\u00e3o do v\u00edrus se d\u00e1 por \u201ccontato pr\u00f3ximo\u201d de pessoa a pessoa, pelo ar (espirro, tosse e fala), por contato (beijo, aperto de m\u00e3o e abra\u00e7o) e superf\u00edcies n\u00e3o higienizadas (celulares, ma\u00e7anetas, corrim\u00e3o, apoios de transporte p\u00fablico)&nbsp; seguido de contato com a boca, nariz ou olhos.<\/p>\n\n\n\n<h2 class=\"wp-block-heading\">Preven\u00e7\u00e3o do Coronav\u00edrus <\/h2>\n\n\n\n<p>Manter a higiene, fazendo a limpeza das superf\u00edcies e objetos tocados com \u00e1lcool, evitando contato pr\u00f3ximo (manter 1 metro de dist\u00e2ncia pelo menos das pessoas), evitar tocar nos olhos, nariz e boca com as m\u00e3os n\u00e3o lavadas, lavar as m\u00e3os frequentemente com \u00e1gua e sabonete por pelo menos 20 segundos, incluindo entre os dedos e unhas, cobrir boca e nariz ao tossir ou espirrar com um len\u00e7o de papel e jogar no lixo ou usar a parte interna do cotovelo quando n\u00e3o puder usar o len\u00e7o, evitar sair de casa se apresentar algum sintoma e usar m\u00e1scara caso apresente sintomas. Mantenha os ambientes bem ventilados e evite aglomera\u00e7\u00f5es, principalmente se estiver doente. <\/p>\n\n\n\n<p>\u00c9 bom lembrar que as infec\u00e7\u00f5es\nrespirat\u00f3rias tendem a se espalhar com facilidade e s\u00e3o mais perigosas para\nidosos, pacientes com doen\u00e7as cr\u00f4nicas e indiv\u00edduos com o sistema imunol\u00f3gico\nabalado.<\/p>\n\n\n\n<h2 class=\"wp-block-heading\">Tratamento do Coronav\u00edrus<\/h2>\n\n\n\n<p>N\u00e3o existe tratamento espec\u00edfico para o coronav\u00edrus. O mais indicado \u00e9 repouso, consumir bastante l\u00edquido, uso de medicamentos para dor e febre. Nenhuma vacina, antiviral ou outro tratamento espec\u00edfico est\u00e1 dispon\u00edvel. <\/p>\n\n\n\n<p>Assim que os primeiros sintomas\nsurgirem, \u00e9 fundamental procurar ajuda m\u00e9dica imediata para confirmar\ndiagn\u00f3stico e iniciar o tratamento, caso haja a suspeita de contamina\u00e7\u00e3o por\nhist\u00f3rico de viagem para pa\u00eds com transmiss\u00e3o sustentada ou \u00e1rea de transmiss\u00e3o\nlocal, ou se teve contato pr\u00f3ximo com pessoas que apresentem algum dos\nsintomas. <\/p>\n\n\n\n<p>Aqui na Biologix decidimos adotar o expediente 100% em home office. A medida preventiva foi tomada pela responsabilidade que a empresa tem com seus colaboradores e precau\u00e7\u00e3o, levando em considera\u00e7\u00e3o o avan\u00e7o da Covid-19 e vale por tempo indeterminado. Caso haja qualquer necessidade profissional que exija deslocamento nos dias que seguir\u00e3o, ser\u00e1 feita por meio de transporte privado\/individual. A Biologix entende sua responsabilidade social em situa\u00e7\u00f5es at\u00edpicas como essa. Nada \u00e9 mais importante para n\u00f3s do que a Seguran\u00e7a e a Integridade dos nossos clientes e colaboradores!<\/p>\n\n\n\n<p>Importante \u00e9 n\u00e3o esquecer das dicas da OMS e do Minist\u00e9rio da Sa\u00fade para se proteger e proteger nossa fam\u00edlia do coronav\u00edrus. <\/p>\n\n\n\t\t<div data-elementor-type=\"section\" data-elementor-id=\"3414\" class=\"elementor elementor-3414\" data-elementor-post-type=\"elementor_library\">\n\t\t\t\t\t<section class=\"elementor-section elementor-top-section elementor-element elementor-element-bba2a7b elementor-section-boxed elementor-section-height-default elementor-section-height-default\" data-id=\"bba2a7b\" data-element_type=\"section\" data-e-type=\"section\">\n\t\t\t\t\t\t<div class=\"elementor-container elementor-column-gap-default\">\n\t\t\t\t\t<div class=\"elementor-column elementor-col-100 elementor-top-column elementor-element elementor-element-a39b97d\" data-id=\"a39b97d\" data-element_type=\"column\" data-e-type=\"column\">\n\t\t\t<div class=\"elementor-widget-wrap elementor-element-populated\">\n\t\t\t\t\t\t<div class=\"elementor-element elementor-element-7b06e35 elementor-widget elementor-widget-button\" data-id=\"7b06e35\" data-element_type=\"widget\" data-e-type=\"widget\" data-widget_type=\"button.default\">\n\t\t\t\t<div class=\"elementor-widget-container\">\n\t\t\t\t\t\t\t\t\t<div class=\"elementor-button-wrapper\">\n\t\t\t\t\t<a class=\"elementor-button elementor-button-link elementor-size-sm\" href=\"https:\/\/www.biologix.com.br\/es\/paciente\/#busca-centros\" id=\"buscar-centro-credenciado\">\n\t\t\t\t\t\t<span class=\"elementor-button-content-wrapper\">\n\t\t\t\t\t\t\t\t\t<span class=\"elementor-button-text\">Buscar un centro acreditado<\/span>\n\t\t\t\t\t<\/span>\n\t\t\t\t\t<\/a>\n\t\t\t\t<\/div>\n\t\t\t\t\t\t\t\t<\/div>\n\t\t\t\t<\/div>\n\t\t\t\t\t<\/div>\n\t\t<\/div>\n\t\t\t\t\t<\/div>\n\t\t<\/section>\n\t\t\t\t<\/div>\n\t\t\n\n\n\n<p><\/p>\n\n\n\n<p><strong>\u00a1IMPORTANTE! Solo los m\u00e9dicos debidamente calificados pueden diagnosticar enfermedades, indicar tratamientos y recetar medicamentos. La informaci\u00f3n disponible en este blog es solo de car\u00e1cter educativo.<\/strong><\/p>","protected":false},"excerpt":{"rendered":"<p>O novo Coronav\u00edrus avan\u00e7a pelo Brasil e tem deixado consequ\u00eancias. Diante de tantas not\u00edcias falsas que circulam nas redes, decidimos esclarecer as principais d\u00favidas sobre&hellip;<\/p>","protected":false},"author":11,"featured_media":2319,"comment_status":"closed","ping_status":"open","sticky":false,"template":"","format":"standard","meta":{"footnotes":""},"categories":[1],"tags":[71,72,73,75,74],"class_list":["post-1758","post","type-post","status-publish","format-standard","has-post-thumbnail","hentry","category-paciente","tag-biologix","tag-coronavirus","tag-covid-19","tag-ministeriodasaude","tag-oms"],"aioseo_notices":[],"_links":{"self":[{"href":"https:\/\/www.biologix.com.br\/es\/wp-json\/wp\/v2\/posts\/1758","targetHints":{"allow":["GET"]}}],"collection":[{"href":"https:\/\/www.biologix.com.br\/es\/wp-json\/wp\/v2\/posts"}],"about":[{"href":"https:\/\/www.biologix.com.br\/es\/wp-json\/wp\/v2\/types\/post"}],"author":[{"embeddable":true,"href":"https:\/\/www.biologix.com.br\/es\/wp-json\/wp\/v2\/users\/11"}],"replies":[{"embeddable":true,"href":"https:\/\/www.biologix.com.br\/es\/wp-json\/wp\/v2\/comments?post=1758"}],"version-history":[{"count":16,"href":"https:\/\/www.biologix.com.br\/es\/wp-json\/wp\/v2\/posts\/1758\/revisions"}],"predecessor-version":[{"id":13872,"href":"https:\/\/www.biologix.com.br\/es\/wp-json\/wp\/v2\/posts\/1758\/revisions\/13872"}],"wp:featuredmedia":[{"embeddable":true,"href":"https:\/\/www.biologix.com.br\/es\/wp-json\/wp\/v2\/media\/2319"}],"wp:attachment":[{"href":"https:\/\/www.biologix.com.br\/es\/wp-json\/wp\/v2\/media?parent=1758"}],"wp:term":[{"taxonomy":"category","embeddable":true,"href":"https:\/\/www.biologix.com.br\/es\/wp-json\/wp\/v2\/categories?post=1758"},{"taxonomy":"post_tag","embeddable":true,"href":"https:\/\/www.biologix.com.br\/es\/wp-json\/wp\/v2\/tags?post=1758"}],"curies":[{"name":"wp","href":"https:\/\/api.w.org\/{rel}","templated":true}]}}