{"id":1977,"date":"2020-03-27T16:30:32","date_gmt":"2020-03-27T19:30:32","guid":{"rendered":"https:\/\/www.biologix.com.br\/?p=1977"},"modified":"2025-08-19T11:50:24","modified_gmt":"2025-08-19T14:50:24","slug":"apneia-do-sono-na-gestacao-pode-prejudicar-a-mae-e-o-bebe","status":"publish","type":"post","link":"https:\/\/www.biologix.com.br\/es\/2020\/03\/27\/apneia-do-sono-na-gestacao-pode-prejudicar-a-mae-e-o-bebe\/","title":{"rendered":"La apnea del sue\u00f1o durante la gestaci\u00f3n puede perjudicar a la madre y al beb\u00e9<br><span class='secondary-title'>Entienda c\u00f3mo la apnea puede perjudicar a su beb\u00e9<\/span>"},"content":{"rendered":"<p>Si usted siente que su calidad de sue\u00f1o empeora con el transcurso de su embarazo y se levanta\ncansada, puede ser que padezca<a href=\"https:\/\/www.biologix.com.br\/es\/2020\/06\/15\/tipos-de-apneia-do-sono\/\" target=\"_blank\" rel=\"noreferrer noopener\"> apnea del sue\u00f1o, <\/a>un s\u00edndrome que puede desarrollar durante el\nembarazo.<\/p>\n\n\n\n<!--more-->\n\n\n\n<p>Especialistas creen que <a href=\"https:\/\/www.biologix.com.br\/es\/2020\/03\/18\/sono-na-gestacao\/\" title=\"\">el embarazo est\u00e1 relacionado con el aumento de la apnea<\/a>,  en especial despu\u00e9s del sexto mes de gestaci\u00f3n, debido al aumento de peso de la mujer. Tras el noveno mes, las membranas de la nariz tambi\u00e9n se edematizan debido a una dilataci\u00f3n de los vasos sangu\u00edneos. Una de las principales recomendaciones para prevenir o resolver este inconveniente es controlar el peso.<\/p>\n\n\n\t\t<div data-elementor-type=\"section\" data-elementor-id=\"587\" class=\"elementor elementor-587\" data-elementor-post-type=\"elementor_library\">\n\t\t\t\t\t<section class=\"elementor-section elementor-top-section elementor-element elementor-element-4d0649a elementor-section-boxed elementor-section-height-default elementor-section-height-default\" data-id=\"4d0649a\" data-element_type=\"section\" data-e-type=\"section\">\n\t\t\t\t\t\t<div class=\"elementor-container elementor-column-gap-default\">\n\t\t\t\t\t<div class=\"elementor-column elementor-col-100 elementor-top-column elementor-element elementor-element-9d36ab1\" data-id=\"9d36ab1\" data-element_type=\"column\" data-e-type=\"column\">\n\t\t\t<div class=\"elementor-widget-wrap elementor-element-populated\">\n\t\t\t\t\t\t<div class=\"elementor-element elementor-element-c0177f3 elementor-widget elementor-widget-html\" data-id=\"c0177f3\" data-element_type=\"widget\" data-e-type=\"widget\" data-widget_type=\"html.default\">\n\t\t\t\t<div class=\"elementor-widget-container\">\n\t\t\t\t\t<div role=\"main\" id=\"site-inscricao-receber-conteudo-66a2c8b9048f99353f18\"><\/div><script type=\"text\/javascript\" src=\"https:\/\/d335luupugsy2.cloudfront.net\/js\/rdstation-forms\/stable\/rdstation-forms.min.js\"><\/script><script type=\"text\/javascript\"> new RDStationForms('site-inscricao-receber-conteudo-66a2c8b9048f99353f18', 'UA-128422573-1').createForm();<\/script>\t\t\t\t<\/div>\n\t\t\t\t<\/div>\n\t\t\t\t\t<\/div>\n\t\t<\/div>\n\t\t\t\t\t<\/div>\n\t\t<\/section>\n\t\t\t\t<\/div>\n\t\t\n\n\n\n<p>Durante el embarazo, muchas personas interpretan el ronquido como un evento transitorio que no necesita tratamiento. De esta forma, tanto m\u00e9dicos como pacientes pueden atribuir el cansancio diurno al hecho de \u201cestar embarazada\u201d en vez de considerar la posibilidad de apnea del sue\u00f1o. Como resultado, a la mujer embarazada no recibe un diagn\u00f3stico adecuado, ya que no se le\nindica ver a un especialista en sue\u00f1o.<\/p>\n\n\n\n<h2 class=\"wp-block-heading\">S\u00edntomas de apnea del sue\u00f1o durante la gestaci\u00f3n<\/h2>\n\n\n\n<p>Los s\u00edntomas de apnea del sue\u00f1o en gestantes incluyen:<\/p>\n\n\n\n<ul class=\"wp-block-list\">\n<li><a href=\"https:\/\/www.biologix.com.br\/es\/2020\/02\/05\/ronco-alto-e-frequente-entenda-como-o-ronco-pode-afetar-a-sua-qualidade-de-vida\/\" target=\"_blank\" rel=\"noreferrer noopener\">Ronquido alto y frecuente.<\/a><\/li>\n\n\n\n<li>Asfixia o jadeos por falta de aire y sue\u00f1o agitado.<\/li>\n\n\n\n<li>Pausas en la respiraci\u00f3n durante el sue\u00f1o (apnea).<\/li>\n\n\n\n<li>Cefaleas matinales.<\/li>\n\n\n\n<li><a href=\"https:\/\/www.biologix.com.br\/es\/2020\/02\/05\/sonolencia-e-cansaco-diurno-confira-algumas-doencas-que-causam-cansaco-em-excesso\/\" target=\"_blank\" rel=\"noreferrer noopener\">Somnolencia diurna.<\/a><\/li>\n\n\n\n<li><a href=\"https:\/\/www.biologix.com.br\/es\/2020\/02\/05\/dificuldade-de-concentracao-o-que-pode-ser-e-o-que-fazer\/\" target=\"_blank\" rel=\"noreferrer noopener\">Dificultades de concentraci\u00f3n e irritabilidad.<\/a><\/li>\n\n\n\n<li>A largo plazo y con falta de tratamiento, pueden presentarse s\u00edntomas como hipertensi\u00f3n arterial, diabetes gestacional, infarto e insuficiencia card\u00edaca.<\/li>\n<\/ul>\n\n\n\n<p>El ronquido es el s\u00edntoma principal de la apnea del sue\u00f1o. Sin embargo, es importante saber que no todo ronquido es consecuencia del trastorno. Durante el embarazo, principalmente durante el\ntercer trimestre, el incremento del ronquido puede tener diferentes causas, entre ellas: <\/p>\n\n\n\n<ul class=\"wp-block-list\">\n<li>Alteraciones hormonales propias del embarazo: la progesterona, que es necesaria para que el \u00fatero tenga contracciones hasta la hora del parto, relaja la musculatura de las v\u00edas a\u00e9reas. Por ende, existe una mayor probabilidad de que colapsen o se estrechen y que, de esta forma, se produzca el ronquido. <\/li>\n\n\n\n<li>Aumento de peso caracter\u00edstico del embarazo.<\/li>\n\n\n\n<li>Otros problemas del sue\u00f1o asociados, como el s\u00edndrome de piernas inquietas o aumento\nde despertares nocturnos para ir al ba\u00f1o. <\/li>\n<\/ul>\n\n\n\n<h2 class=\"wp-block-heading\">Complicaciones causadas por la apnea del sue\u00f1o durante la gestaci\u00f3n<\/h2>\n\n\n\n<p>La apnea del sue\u00f1o durante la gestaci\u00f3n pueden traer consigo un sinn\u00famero de complicaciones\ntanto para la madre como para el feto, por ejemplo:<\/p>\n\n\n\n<ul class=\"wp-block-list\">\n<li>El beb\u00e9 nace con bajo peso. <\/li>\n\n\n\n<li>Partos prematuros.<\/li>\n\n\n\n<li>Riesgo de que la madre desarrolle preeclampsia.<\/li>\n\n\n\n<li>Riesgo de desarrollar diabetes gestacional y que las tasas elevadas de az\u00facar en sangre presenten la posibilidad de fomentar enfermedades cardiovasculares.<\/li>\n<\/ul>\n\n\n\n<p>El diagn\u00f3stico de la apnea del sue\u00f1o es simple y necesario. <a href=\"https:\/\/www.biologix.com.br\/es\/2020\/09\/10\/em-ano-de-pandemia-exames-do-sono-biologix-crescem-236\/\" target=\"_blank\" rel=\"noreferrer noopener\">El Examen del Sue\u00f1o Biologix\u00ae <\/a>es una polisomnograf\u00eda multimodal que puede realizarse en casa por medio de un celular y un sensor compacto e inal\u00e1mbrico. De esta forma, el examen se realiza sin alterar la rutina del sue\u00f1o del paciente. A la hora de dormir, el paciente solo debe colocarse el sensor en el dedo e iniciar el examen en la aplicaci\u00f3n de Biologix. Al despertar la ma\u00f1ana siguiente, con pulsar en \u201cConcluir examen\u201d, el paciente recibir\u00e1 su resultado en cuesti\u00f3n de segundos.<\/p>\n\n\n\n<p>El embarazo parece ser un momento adecuado para detectar aquellos casos de apnea del sue\u00f1o\nsin diagn\u00f3stico. En el supuesto de que la mujer sufra de m\u00e1s de un s\u00edntoma aqu\u00ed mencionado,\nser\u00eda conveniente consultar a un m\u00e9dico para confirmar el diagn\u00f3stico y comenzar el tratamiento m\u00e1s adecuado. <\/p>\n\n\n\t\t<div data-elementor-type=\"section\" data-elementor-id=\"3414\" class=\"elementor elementor-3414\" data-elementor-post-type=\"elementor_library\">\n\t\t\t\t\t<section class=\"elementor-section elementor-top-section elementor-element elementor-element-bba2a7b elementor-section-boxed elementor-section-height-default elementor-section-height-default\" data-id=\"bba2a7b\" data-element_type=\"section\" data-e-type=\"section\">\n\t\t\t\t\t\t<div class=\"elementor-container elementor-column-gap-default\">\n\t\t\t\t\t<div class=\"elementor-column elementor-col-100 elementor-top-column elementor-element elementor-element-a39b97d\" data-id=\"a39b97d\" data-element_type=\"column\" data-e-type=\"column\">\n\t\t\t<div class=\"elementor-widget-wrap elementor-element-populated\">\n\t\t\t\t\t\t<div class=\"elementor-element elementor-element-7b06e35 elementor-widget elementor-widget-button\" data-id=\"7b06e35\" data-element_type=\"widget\" data-e-type=\"widget\" data-widget_type=\"button.default\">\n\t\t\t\t<div class=\"elementor-widget-container\">\n\t\t\t\t\t\t\t\t\t<div class=\"elementor-button-wrapper\">\n\t\t\t\t\t<a class=\"elementor-button elementor-button-link elementor-size-sm\" href=\"https:\/\/www.biologix.com.br\/es\/paciente\/#busca-centros\" id=\"buscar-centro-credenciado\">\n\t\t\t\t\t\t<span class=\"elementor-button-content-wrapper\">\n\t\t\t\t\t\t\t\t\t<span class=\"elementor-button-text\">Buscar un centro acreditado<\/span>\n\t\t\t\t\t<\/span>\n\t\t\t\t\t<\/a>\n\t\t\t\t<\/div>\n\t\t\t\t\t\t\t\t<\/div>\n\t\t\t\t<\/div>\n\t\t\t\t\t<\/div>\n\t\t<\/div>\n\t\t\t\t\t<\/div>\n\t\t<\/section>\n\t\t\t\t<\/div>\n\t\t\n\n\n\n<p><\/p>\n\n\n\n<p><strong>\u00a1IMPORTANTE! Solo m\u00e9dicos debidamente calificados pueden diagnosticar enfermedades,<br>indicar tratamientos y recetar medicamentos. La informaci\u00f3n disponible en este blog tiene fines exclusivamente educativos<\/strong>.<\/p>\n\n\n\n<p><em>Fuentes:<br>http:\/\/hadassahbrasil.org\/despertando-para-um-novo-diagnostico-apneia-do-sono-durante-gravidez\/<br>https:\/\/br.guiainfantil.com\/materias\/gravidezapneia-do-sono-durante-a-gravidez\/<br>https:\/\/www.rcsaudeesono.com.br\/loja\/noticia.php?loja=622331&amp;id=37<\/em><\/p>\n\n\n\n<p><\/p>","protected":false},"excerpt":{"rendered":"<p>Se voc\u00ea sente que seu sono est\u00e1 piorando \u00e0 medida que sua gravidez progride e anda acordando cansada, voc\u00ea pode ter Apneia do Sono, uma&hellip;<\/p>","protected":false},"author":11,"featured_media":2317,"comment_status":"closed","ping_status":"open","sticky":false,"template":"","format":"standard","meta":{"footnotes":""},"categories":[1],"tags":[23,5,44,82,77,80,81,41],"class_list":["post-1977","post","type-post","status-publish","format-standard","has-post-thumbnail","hentry","category-paciente","tag-apneia","tag-apneia-do-sono","tag-cansaco","tag-diabetes-gestacional","tag-gestacao","tag-irritabilidade","tag-parto-prematuro","tag-ronco"],"aioseo_notices":[],"_links":{"self":[{"href":"https:\/\/www.biologix.com.br\/es\/wp-json\/wp\/v2\/posts\/1977","targetHints":{"allow":["GET"]}}],"collection":[{"href":"https:\/\/www.biologix.com.br\/es\/wp-json\/wp\/v2\/posts"}],"about":[{"href":"https:\/\/www.biologix.com.br\/es\/wp-json\/wp\/v2\/types\/post"}],"author":[{"embeddable":true,"href":"https:\/\/www.biologix.com.br\/es\/wp-json\/wp\/v2\/users\/11"}],"replies":[{"embeddable":true,"href":"https:\/\/www.biologix.com.br\/es\/wp-json\/wp\/v2\/comments?post=1977"}],"version-history":[{"count":17,"href":"https:\/\/www.biologix.com.br\/es\/wp-json\/wp\/v2\/posts\/1977\/revisions"}],"predecessor-version":[{"id":13870,"href":"https:\/\/www.biologix.com.br\/es\/wp-json\/wp\/v2\/posts\/1977\/revisions\/13870"}],"wp:featuredmedia":[{"embeddable":true,"href":"https:\/\/www.biologix.com.br\/es\/wp-json\/wp\/v2\/media\/2317"}],"wp:attachment":[{"href":"https:\/\/www.biologix.com.br\/es\/wp-json\/wp\/v2\/media?parent=1977"}],"wp:term":[{"taxonomy":"category","embeddable":true,"href":"https:\/\/www.biologix.com.br\/es\/wp-json\/wp\/v2\/categories?post=1977"},{"taxonomy":"post_tag","embeddable":true,"href":"https:\/\/www.biologix.com.br\/es\/wp-json\/wp\/v2\/tags?post=1977"}],"curies":[{"name":"wp","href":"https:\/\/api.w.org\/{rel}","templated":true}]}}