{"id":1999,"date":"2020-06-15T11:45:14","date_gmt":"2020-06-15T14:45:14","guid":{"rendered":"https:\/\/www.biologix.com.br\/?p=1999"},"modified":"2025-08-19T11:49:30","modified_gmt":"2025-08-19T14:49:30","slug":"tipos-de-apneia-do-sono","status":"publish","type":"post","link":"https:\/\/www.biologix.com.br\/es\/2020\/06\/15\/tipos-de-apneia-do-sono\/","title":{"rendered":"Tipos de apnea del sue\u00f1o<br><span class='secondary-title'>Descubra cu\u00e1les son los tipos de apnea del sue\u00f1o<\/span>"},"content":{"rendered":"<p>Ya est\u00e1 al tanto de que la apnea del sue\u00f1o es un trastorno potencialmente grave en el que la\npersona deja de respirar por algunos segundos varias veces durante la noche. Pero, \u00bfsab\u00eda que\nexisten tres tipos principales de apnea del sue\u00f1o?<\/p>\n\n\n\n<!--more-->\n\n\n\n<p>&nbsp;\u00a1Contin\u00fae la lectura porque le detallaremos cada uno de ellos! <\/p>\n\n\n\t\t<div data-elementor-type=\"section\" data-elementor-id=\"587\" class=\"elementor elementor-587\" data-elementor-post-type=\"elementor_library\">\n\t\t\t\t\t<section class=\"elementor-section elementor-top-section elementor-element elementor-element-4d0649a elementor-section-boxed elementor-section-height-default elementor-section-height-default\" data-id=\"4d0649a\" data-element_type=\"section\" data-e-type=\"section\">\n\t\t\t\t\t\t<div class=\"elementor-container elementor-column-gap-default\">\n\t\t\t\t\t<div class=\"elementor-column elementor-col-100 elementor-top-column elementor-element elementor-element-9d36ab1\" data-id=\"9d36ab1\" data-element_type=\"column\" data-e-type=\"column\">\n\t\t\t<div class=\"elementor-widget-wrap elementor-element-populated\">\n\t\t\t\t\t\t<div class=\"elementor-element elementor-element-c0177f3 elementor-widget elementor-widget-html\" data-id=\"c0177f3\" data-element_type=\"widget\" data-e-type=\"widget\" data-widget_type=\"html.default\">\n\t\t\t\t<div class=\"elementor-widget-container\">\n\t\t\t\t\t<div role=\"main\" id=\"site-inscricao-receber-conteudo-66a2c8b9048f99353f18\"><\/div><script type=\"text\/javascript\" src=\"https:\/\/d335luupugsy2.cloudfront.net\/js\/rdstation-forms\/stable\/rdstation-forms.min.js\"><\/script><script type=\"text\/javascript\"> new RDStationForms('site-inscricao-receber-conteudo-66a2c8b9048f99353f18', 'UA-128422573-1').createForm();<\/script>\t\t\t\t<\/div>\n\t\t\t\t<\/div>\n\t\t\t\t\t<\/div>\n\t\t<\/div>\n\t\t\t\t\t<\/div>\n\t\t<\/section>\n\t\t\t\t<\/div>\n\t\t\n\n\n\n<h2 class=\"wp-block-heading\">Los tres tipos de apnea del sue\u00f1o<\/h2>\n\n\n\n<ol class=\"wp-block-list\">\n<li><strong>Apnea obstructiva del sue\u00f1o (AOS)<\/strong> : es el tipo de apnea m\u00e1s com\u00fan y se caracteriza por la obstrucci\u00f3n de las v\u00edas a\u00e9reas superiores durante el sue\u00f1o. Por lo general, esta obstrucci\u00f3n va acompa\u00f1ada de ronquido alto y frecuente, una baja saturaci\u00f3n de ox\u00edgeno en sangre, seguida de un breve despertar durante la noche para poder respirar. Cuando esto ocurre, el paciente puede comenzar a roncar m\u00e1s alto o hacer sonidos de obstrucci\u00f3n severa de la v\u00eda a\u00e9rea superior. Este tipo de apnea del sue\u00f1o tiene como caracter\u00edstica principal la obstrucci\u00f3n del canal respiratorio. Circunstancias como la obesidad, el aumento de las am\u00edgdalas, la circunferencia del cuello y alteraciones craneofaciales pueden llevar al desarrollo de esta enfermedad.<\/li>\n\n\n\n<li><strong>Apnea central del sue\u00f1o (ACS)<\/strong> : este tipo de apnea ocurre a causa de una falla de comunicaci\u00f3n entre el cerebro y las v\u00edas a\u00e9reas. En estos casos, los m\u00fasculos responsables de la respiraci\u00f3n no reciben la se\u00f1al de que deben respirar, por ende, se\nmantienen est\u00e1ticos. Lo que ocurre no es una interrupci\u00f3n en la respiraci\u00f3n, sino que las\nv\u00edas a\u00e9reas no intentan respirar porque no reciben la orden de hacerlo. Por lo general, esto\nse debe a una enfermedad neurol\u00f3gica, como el Alzheimer, Parkinson, esclerosis lateral amiotr\u00f3fica. Tambi\u00e9n puede surgir debido a da\u00f1os en el cerebro, como aquellos que causa\nla encefalitis, el accidente cerebrovascular, lesiones, entre otros. Este tipo de apnea\ntambi\u00e9n puede estar conectado a problemas cardiovasculares, hipotiroidismo, insuficiencia renal o el uso de ciertos medicamentos.<\/li>\n\n\n\n<li><strong>Apnea del sue\u00f1o mixta<\/strong>&nbsp; :  se trata de una combinaci\u00f3n de factores centrales y obstructivos que ocurren en el mismo episodio de apnea del sue\u00f1o. Este tipo de apnea es el menos com\u00fan.<\/li>\n<\/ol>\n\n\n\n<h2 class=\"wp-block-heading\">La importancia del diagn\u00f3stico adecuado<\/h2>\n\n\n\n<p>El diagn\u00f3stico de la apnea del sue\u00f1o es simple y necesario. El Biologix Sleep Test\u00ae es\nuna polisomnograf\u00eda multimodal que puede realizarse en casa por medio de un celular y un sensor compacto e inal\u00e1mbrico. De esta forma, el examen se realiza sin alterar la rutina del sue\u00f1o del paciente. A la hora de dormir, el paciente solo debe colocarse el sensor en el dedo e iniciar el examen en la aplicaci\u00f3n de Biologix. Al despertar la ma\u00f1ana siguiente, con pulsar en \u201cConcluir examen\u201d, el paciente recibir\u00e1 su resultado en cuesti\u00f3n de segundos.<\/p>\n\n\n\n<p>Para obtener un diagn\u00f3stico de apnea del sue\u00f1o, el paciente debe buscar a un especialista en\nsue\u00f1o, quien le indicar\u00e1 realizar un examen del sue\u00f1o. De esta forma, el paciente recibir\u00e1 el\ntratamiento m\u00e1s adecuado seg\u00fan su caso. <\/p>\n\n\n\t\t<div data-elementor-type=\"section\" data-elementor-id=\"3414\" class=\"elementor elementor-3414\" data-elementor-post-type=\"elementor_library\">\n\t\t\t\t\t<section class=\"elementor-section elementor-top-section elementor-element elementor-element-bba2a7b elementor-section-boxed elementor-section-height-default elementor-section-height-default\" data-id=\"bba2a7b\" data-element_type=\"section\" data-e-type=\"section\">\n\t\t\t\t\t\t<div class=\"elementor-container elementor-column-gap-default\">\n\t\t\t\t\t<div class=\"elementor-column elementor-col-100 elementor-top-column elementor-element elementor-element-a39b97d\" data-id=\"a39b97d\" data-element_type=\"column\" data-e-type=\"column\">\n\t\t\t<div class=\"elementor-widget-wrap elementor-element-populated\">\n\t\t\t\t\t\t<div class=\"elementor-element elementor-element-7b06e35 elementor-widget elementor-widget-button\" data-id=\"7b06e35\" data-element_type=\"widget\" data-e-type=\"widget\" data-widget_type=\"button.default\">\n\t\t\t\t<div class=\"elementor-widget-container\">\n\t\t\t\t\t\t\t\t\t<div class=\"elementor-button-wrapper\">\n\t\t\t\t\t<a class=\"elementor-button elementor-button-link elementor-size-sm\" href=\"https:\/\/www.biologix.com.br\/es\/paciente\/#busca-centros\" id=\"buscar-centro-credenciado\">\n\t\t\t\t\t\t<span class=\"elementor-button-content-wrapper\">\n\t\t\t\t\t\t\t\t\t<span class=\"elementor-button-text\">Buscar un centro acreditado<\/span>\n\t\t\t\t\t<\/span>\n\t\t\t\t\t<\/a>\n\t\t\t\t<\/div>\n\t\t\t\t\t\t\t\t<\/div>\n\t\t\t\t<\/div>\n\t\t\t\t\t<\/div>\n\t\t<\/div>\n\t\t\t\t\t<\/div>\n\t\t<\/section>\n\t\t\t\t<\/div>\n\t\t\n\n\n\n<p><\/p>\n\n\n\n<p><strong>\u00a1IMPORTANTE! Solo m\u00e9dicos debidamente calificados pueden diagnosticar enfermedades,<br>indicar tratamientos y recetar medicamentos. La informaci\u00f3n disponible en este blog tiene fines exclusivamente educativos<\/strong>.<\/p>","protected":false},"excerpt":{"rendered":"<p>Voc\u00ea j\u00e1 sabe que a apneia do sono \u00e9 um dist\u00farbio do sono potencialmente grave em que a pessoa para de respirar por alguns segundos&hellip;<\/p>","protected":false},"author":11,"featured_media":2008,"comment_status":"closed","ping_status":"open","sticky":false,"template":"","format":"standard","meta":{"footnotes":""},"categories":[1],"tags":[84,5,83,25],"class_list":["post-1999","post","type-post","status-publish","format-standard","has-post-thumbnail","hentry","category-paciente","tag-apneia-central-do-sono","tag-apneia-do-sono","tag-apneia-mista-do-sono","tag-apneia-obstrutiva-do-sono"],"aioseo_notices":[],"_links":{"self":[{"href":"https:\/\/www.biologix.com.br\/es\/wp-json\/wp\/v2\/posts\/1999","targetHints":{"allow":["GET"]}}],"collection":[{"href":"https:\/\/www.biologix.com.br\/es\/wp-json\/wp\/v2\/posts"}],"about":[{"href":"https:\/\/www.biologix.com.br\/es\/wp-json\/wp\/v2\/types\/post"}],"author":[{"embeddable":true,"href":"https:\/\/www.biologix.com.br\/es\/wp-json\/wp\/v2\/users\/11"}],"replies":[{"embeddable":true,"href":"https:\/\/www.biologix.com.br\/es\/wp-json\/wp\/v2\/comments?post=1999"}],"version-history":[{"count":7,"href":"https:\/\/www.biologix.com.br\/es\/wp-json\/wp\/v2\/posts\/1999\/revisions"}],"predecessor-version":[{"id":13869,"href":"https:\/\/www.biologix.com.br\/es\/wp-json\/wp\/v2\/posts\/1999\/revisions\/13869"}],"wp:featuredmedia":[{"embeddable":true,"href":"https:\/\/www.biologix.com.br\/es\/wp-json\/wp\/v2\/media\/2008"}],"wp:attachment":[{"href":"https:\/\/www.biologix.com.br\/es\/wp-json\/wp\/v2\/media?parent=1999"}],"wp:term":[{"taxonomy":"category","embeddable":true,"href":"https:\/\/www.biologix.com.br\/es\/wp-json\/wp\/v2\/categories?post=1999"},{"taxonomy":"post_tag","embeddable":true,"href":"https:\/\/www.biologix.com.br\/es\/wp-json\/wp\/v2\/tags?post=1999"}],"curies":[{"name":"wp","href":"https:\/\/api.w.org\/{rel}","templated":true}]}}