{"id":2009,"date":"2020-10-13T19:37:51","date_gmt":"2020-10-13T22:37:51","guid":{"rendered":"https:\/\/www.biologix.com.br\/?p=2009"},"modified":"2025-08-14T15:10:51","modified_gmt":"2025-08-14T18:10:51","slug":"polissonografia-o-que-e","status":"publish","type":"post","link":"https:\/\/www.biologix.com.br\/es\/2020\/10\/13\/polissonografia-o-que-e\/","title":{"rendered":"\u00bfQu\u00e9 es una polisomnograf\u00eda?<br><span class='secondary-title'>Obtenga m\u00e1s informaci\u00f3n acerca del examen del sue\u00f1o<\/span>"},"content":{"rendered":"<div data-elementor-type=\"wp-post\" data-elementor-id=\"2009\" class=\"elementor elementor-2009\" data-elementor-post-type=\"post\">\n\t\t\t\t<div class=\"elementor-element elementor-element-2101c30d e-flex e-con-boxed e-con e-parent\" data-id=\"2101c30d\" data-element_type=\"container\" data-e-type=\"container\">\n\t\t\t\t\t<div class=\"e-con-inner\">\n\t\t\t\t<div class=\"elementor-element elementor-element-3c7233a1 elementor-widget elementor-widget-text-editor\" data-id=\"3c7233a1\" data-element_type=\"widget\" data-e-type=\"widget\" data-widget_type=\"text-editor.default\">\n\t\t\t\t<div class=\"elementor-widget-container\">\n\t\t\t\t\t\t\t\t\t\n<p>\u00bfSabe qu\u00e9 es una polisomnograf\u00eda? \u00a1Contin\u00fae la lectura y se lo explicamos!<\/p>\n\n<p><\/p><\/div><\/div><\/div><\/div><\/div> <a href=\"https:\/\/www.biologix.com.br\/es\/2020\/10\/13\/polissonografia-o-que-e\/#more-2009\" class=\"more-link elementor-more-link\"><span aria-label=\"Sigue leyendo Polissonografia: O que \u00e9?Saiba mais sobre o exame do sono\">(m\u00e1s&hellip;)<\/span><\/a>","protected":false},"excerpt":{"rendered":"<p>\u00bfSabe qu\u00e9 es una polisomnograf\u00eda? \u00a1Contin\u00fae la lectura y se lo explicamos!<\/p>","protected":false},"author":11,"featured_media":4214,"comment_status":"closed","ping_status":"open","sticky":false,"template":"","format":"standard","meta":{"footnotes":""},"categories":[1],"tags":[5,89,88,90,29],"class_list":["post-2009","post","type-post","status-publish","format-standard","has-post-thumbnail","hentry","category-paciente","tag-apneia-do-sono","tag-dentista","tag-exame-do-sono","tag-medico-do-sono","tag-polissonografia"],"aioseo_notices":[],"_links":{"self":[{"href":"https:\/\/www.biologix.com.br\/es\/wp-json\/wp\/v2\/posts\/2009","targetHints":{"allow":["GET"]}}],"collection":[{"href":"https:\/\/www.biologix.com.br\/es\/wp-json\/wp\/v2\/posts"}],"about":[{"href":"https:\/\/www.biologix.com.br\/es\/wp-json\/wp\/v2\/types\/post"}],"author":[{"embeddable":true,"href":"https:\/\/www.biologix.com.br\/es\/wp-json\/wp\/v2\/users\/11"}],"replies":[{"embeddable":true,"href":"https:\/\/www.biologix.com.br\/es\/wp-json\/wp\/v2\/comments?post=2009"}],"version-history":[{"count":8,"href":"https:\/\/www.biologix.com.br\/es\/wp-json\/wp\/v2\/posts\/2009\/revisions"}],"predecessor-version":[{"id":13812,"href":"https:\/\/www.biologix.com.br\/es\/wp-json\/wp\/v2\/posts\/2009\/revisions\/13812"}],"wp:featuredmedia":[{"embeddable":true,"href":"https:\/\/www.biologix.com.br\/es\/wp-json\/wp\/v2\/media\/4214"}],"wp:attachment":[{"href":"https:\/\/www.biologix.com.br\/es\/wp-json\/wp\/v2\/media?parent=2009"}],"wp:term":[{"taxonomy":"category","embeddable":true,"href":"https:\/\/www.biologix.com.br\/es\/wp-json\/wp\/v2\/categories?post=2009"},{"taxonomy":"post_tag","embeddable":true,"href":"https:\/\/www.biologix.com.br\/es\/wp-json\/wp\/v2\/tags?post=2009"}],"curies":[{"name":"wp","href":"https:\/\/api.w.org\/{rel}","templated":true}]}}