{"id":2017,"date":"2020-07-03T10:27:38","date_gmt":"2020-07-03T13:27:38","guid":{"rendered":"https:\/\/www.biologix.com.br\/?p=2017"},"modified":"2025-08-19T11:40:02","modified_gmt":"2025-08-19T14:40:02","slug":"bruxismo-do-sono","status":"publish","type":"post","link":"https:\/\/www.biologix.com.br\/es\/2020\/07\/03\/bruxismo-do-sono\/","title":{"rendered":"Bruxismo del sue\u00f1o: todo lo que precisa saber<br><span class='secondary-title'>Descubra las causas del bruxismo del sue\u00f1o<\/span>"},"content":{"rendered":"<p>\u00bfAlguna vez le dijeron que hace ruidos al dormir? Esto podr\u00eda significar que sufre de bruxismo. <\/p>\n\n\n\n<!--more-->\n\n\n\n<p><a href=\"https:\/\/www.biologix.com.br\/es\/2020\/08\/01\/a-importancia-da-odontologia-na-triagem-e-tratamento-da-apneia-obstrutiva-do-sono\/\" target=\"_blank\" rel=\"noreferrer noopener\">O bruxismo<\/a> El bruxismo es una actividad repetitiva de los m\u00fasculos mandibulares que consiste en rechinar,\napretar o crujir los dientes, y\/o en frotar o deslizar la mand\u00edbula. Esta afecci\u00f3n pude presentarse\nen ni\u00f1os, j\u00f3venes y adultos de diversas edades y se manifiesta de dos formas: el <strong>bruxismo de vigilia,<\/strong>que ocurre durante el d\u00eda, y el <strong>Bruxismo del sue\u00f1o<\/strong>, que tiene lugar durante la noche. <\/p>\n\n\n\t\t<div data-elementor-type=\"section\" data-elementor-id=\"587\" class=\"elementor elementor-587\" data-elementor-post-type=\"elementor_library\">\n\t\t\t\t\t<section class=\"elementor-section elementor-top-section elementor-element elementor-element-4d0649a elementor-section-boxed elementor-section-height-default elementor-section-height-default\" data-id=\"4d0649a\" data-element_type=\"section\" data-e-type=\"section\">\n\t\t\t\t\t\t<div class=\"elementor-container elementor-column-gap-default\">\n\t\t\t\t\t<div class=\"elementor-column elementor-col-100 elementor-top-column elementor-element elementor-element-9d36ab1\" data-id=\"9d36ab1\" data-element_type=\"column\" data-e-type=\"column\">\n\t\t\t<div class=\"elementor-widget-wrap elementor-element-populated\">\n\t\t\t\t\t\t<div class=\"elementor-element elementor-element-c0177f3 elementor-widget elementor-widget-html\" data-id=\"c0177f3\" data-element_type=\"widget\" data-e-type=\"widget\" data-widget_type=\"html.default\">\n\t\t\t\t<div class=\"elementor-widget-container\">\n\t\t\t\t\t<div role=\"main\" id=\"site-inscricao-receber-conteudo-66a2c8b9048f99353f18\"><\/div><script type=\"text\/javascript\" src=\"https:\/\/d335luupugsy2.cloudfront.net\/js\/rdstation-forms\/stable\/rdstation-forms.min.js\"><\/script><script type=\"text\/javascript\"> new RDStationForms('site-inscricao-receber-conteudo-66a2c8b9048f99353f18', 'UA-128422573-1').createForm();<\/script>\t\t\t\t<\/div>\n\t\t\t\t<\/div>\n\t\t\t\t\t<\/div>\n\t\t<\/div>\n\t\t\t\t\t<\/div>\n\t\t<\/section>\n\t\t\t\t<\/div>\n\t\t\n\n\n\n<h2 class=\"wp-block-heading\">S\u00edntomas y causas de bruxismo del sue\u00f1o<\/h2>\n\n\n\n<p>La acci\u00f3n de rechinar los dientes es m\u00e1s com\u00fan en el bruxismo del sue\u00f1o, mientras que el apretar los dientes es una caracter\u00edstica habitual en el bruxismo de vigilia. Esta presi\u00f3n puede causar tanto desgaste como amoldamiento de los dientes. En los casos m\u00e1s graves, pueden surgir problemas \u00f3seos, en las enc\u00edas y en la articulaci\u00f3n de la mand\u00edbula, como, por ejemplo, trastornos de la articulaci\u00f3n temporomandibular (ATM). <\/p>\n\n\n\n<p>El bruxismo tambi\u00e9n puede presentar s\u00edntomas como el dolor o el zumbido en el o\u00eddo, dolor en el\ncuello, la mand\u00edbula y los m\u00fasculos faciales debido al esfuerzo de los m\u00fasculos masticatorios,\nchasquidos al abrir y cerrar la boca y alteraciones en el sue\u00f1o. La intensidad y la frecuencia de\nlos episodios pueden variar de una noche a otra.<\/p>\n\n\n\n<p>Las causas del bruxismo pueden incluir estr\u00e9s, ansiedad, dientes desalineados, problemas en el\nsistema nervioso e incluso trastornos del sue\u00f1o como la apnea del sue\u00f1o. <\/p>\n\n\n\n<h2 class=\"wp-block-heading\">Diagn\u00f3stico y tratamiento del bruxismo del sue\u00f1o<\/h2>\n\n\n\n<p><a rel=\"noreferrer noopener\" href=\"https:\/\/www.biologix.com.br\/es\/2020\/07\/30\/cresce-entre-dentistas-uso-de-equipamento-para-monitorar-disturbio-do-sono-dos-pacientes-durante-a-pandemia\/\" target=\"_blank\">Tanto para el diagn\u00f3stico como para la evaluaci\u00f3n cl\u00ednica<\/a>, se puede realizar un examen del sue\u00f1o denominado polisomnograf\u00eda. Este examen puede ser \u00fatil para documentar la presencia de episodios de rechinamiento de dientes. Adem\u00e1s, permite identificar alteraciones en la arquitectura del sue\u00f1o, presencia de despertares nocturnos recurrentes, ronquidos y trastornos respiratorios del sue\u00f1o. <\/p>\n\n\n\n<p>En el caso de que ya se haya diagnosticado el bruxismo y solo quede determinar si existe una\ncorrelaci\u00f3n con la apnea del sue\u00f1o, adem\u00e1s de evaluar el grado de esta patolog\u00eda, el <a href=\"https:\/\/www.biologix.com.br\/es\/profissional-de-saude\/\"><strong>&nbsp;Biologix\u00ae Sleep Test<\/strong><\/a><strong>.<\/strong><\/p>\n\n\n\n<p><a href=\"https:\/\/www.biologix.com.br\/es\/2020\/09\/10\/em-ano-de-pandemia-exames-do-sono-biologix-crescem-236\/\" target=\"_blank\" rel=\"noreferrer noopener\">El Biologix Sleep Test\u00ae es una polisomnograf\u00eda multimodal<\/a> que cuenta con canales de saturaci\u00f3n de ox\u00edgeno, frecuencia card\u00edaca, actimetr\u00eda y ronquido (mediante el micr\u00f3fono del celular). Se trata de un examen simple, pr\u00e1ctico y eficaz que se realiza en casa. Asimismo, los m\u00e9dicos y odont\u00f3logos lo emplean para diagnosticar y tratar la apnea del sue\u00f1o. A la hora de dormir, el paciente solo debe colocarse el sensor en el dedo e iniciar el examen en la aplicaci\u00f3n de Biologix. Al despertar la ma\u00f1ana siguiente, con pulsar en \u201cConcluir examen\u201d, recibir\u00e1 el resultado del examen en cuesti\u00f3n de segundos.<\/p>\n\n\n\n<p>El tratamiento del bruxismo tiene como objetivo disminuir el dolor, evitar da\u00f1os permanentes en\nlos dientes y reducir al m\u00e1ximo el rechinamiento. Todo depender\u00e1 de la causa del problema. <\/p>\n\n\n\n<p><a href=\"https:\/\/www.biologix.com.br\/es\/2020\/07\/30\/cresce-entre-dentistas-uso-de-equipamento-para-monitorar-disturbio-do-sono-dos-pacientes-durante-a-pandemia\/\" target=\"_blank\" rel=\"noreferrer noopener\">Un odont\u00f3logo<\/a> podr\u00eda sugerir el uso de f\u00e9rulas oclusales para proteger las estructuras dentales. Adem\u00e1s, el tratamiento puede orientarse hacia la mejora de la calidad de vida del paciente, control del estr\u00e9s, t\u00e9cnicas de relajaci\u00f3n, reducci\u00f3n del consumo de caf\u00e9 y tabaco, o el uso de medicamentos. Tanto el profesional como el paciente deben decidir qu\u00e9 enfoques son los m\u00e1s adecuados en cada caso. Sin embargo, mantener una rutina de sue\u00f1o saludable es recomendable en cualquier situaci\u00f3n.<\/p>\n\n\n\n<p>\u00a1El bruxismo puede convertirse en algo terrible! Si cree que padece esta condici\u00f3n, consulte a un <a href=\"https:\/\/www.biologix.com.br\/es\/2020\/08\/01\/a-importancia-da-odontologia-na-triagem-e-tratamento-da-apneia-obstrutiva-do-sono\/\" target=\"_blank\" rel=\"noreferrer noopener\">odont\u00f3logo <\/a>de confianza e inicie un tratamiento espec\u00edfico. <\/p>\n\n\n\t\t<div data-elementor-type=\"section\" data-elementor-id=\"3414\" class=\"elementor elementor-3414\" data-elementor-post-type=\"elementor_library\">\n\t\t\t\t\t<section class=\"elementor-section elementor-top-section elementor-element elementor-element-bba2a7b elementor-section-boxed elementor-section-height-default elementor-section-height-default\" data-id=\"bba2a7b\" data-element_type=\"section\" data-e-type=\"section\">\n\t\t\t\t\t\t<div class=\"elementor-container elementor-column-gap-default\">\n\t\t\t\t\t<div class=\"elementor-column elementor-col-100 elementor-top-column elementor-element elementor-element-a39b97d\" data-id=\"a39b97d\" data-element_type=\"column\" data-e-type=\"column\">\n\t\t\t<div class=\"elementor-widget-wrap elementor-element-populated\">\n\t\t\t\t\t\t<div class=\"elementor-element elementor-element-7b06e35 elementor-widget elementor-widget-button\" data-id=\"7b06e35\" data-element_type=\"widget\" data-e-type=\"widget\" data-widget_type=\"button.default\">\n\t\t\t\t<div class=\"elementor-widget-container\">\n\t\t\t\t\t\t\t\t\t<div class=\"elementor-button-wrapper\">\n\t\t\t\t\t<a class=\"elementor-button elementor-button-link elementor-size-sm\" href=\"https:\/\/www.biologix.com.br\/es\/paciente\/#busca-centros\" id=\"buscar-centro-credenciado\">\n\t\t\t\t\t\t<span class=\"elementor-button-content-wrapper\">\n\t\t\t\t\t\t\t\t\t<span class=\"elementor-button-text\">Buscar un centro acreditado<\/span>\n\t\t\t\t\t<\/span>\n\t\t\t\t\t<\/a>\n\t\t\t\t<\/div>\n\t\t\t\t\t\t\t\t<\/div>\n\t\t\t\t<\/div>\n\t\t\t\t\t<\/div>\n\t\t<\/div>\n\t\t\t\t\t<\/div>\n\t\t<\/section>\n\t\t\t\t<\/div>\n\t\t\n\n\n\n<p><\/p>\n\n\n\n<p><strong>\u00a1IMPORTANTE! Solo m\u00e9dicos debidamente calificados pueden diagnosticar enfermedades,<br>indicar tratamientos y recetar medicamentos. La informaci\u00f3n disponible en este blog tiene fines exclusivamente educativos<\/strong>.<\/p>","protected":false},"excerpt":{"rendered":"<p>\u00bfAlguna vez le dijeron que hace ruidos al dormir? Esto podr\u00eda significar que sufre de bruxismo.<\/p>","protected":false},"author":11,"featured_media":2147,"comment_status":"closed","ping_status":"open","sticky":false,"template":"","format":"standard","meta":{"footnotes":""},"categories":[1],"tags":[5,97,96,89,29],"class_list":["post-2017","post","type-post","status-publish","format-standard","has-post-thumbnail","hentry","category-paciente","tag-apneia-do-sono","tag-bruxismo","tag-bruxismo-do-sono","tag-dentista","tag-polissonografia"],"aioseo_notices":[],"_links":{"self":[{"href":"https:\/\/www.biologix.com.br\/es\/wp-json\/wp\/v2\/posts\/2017","targetHints":{"allow":["GET"]}}],"collection":[{"href":"https:\/\/www.biologix.com.br\/es\/wp-json\/wp\/v2\/posts"}],"about":[{"href":"https:\/\/www.biologix.com.br\/es\/wp-json\/wp\/v2\/types\/post"}],"author":[{"embeddable":true,"href":"https:\/\/www.biologix.com.br\/es\/wp-json\/wp\/v2\/users\/11"}],"replies":[{"embeddable":true,"href":"https:\/\/www.biologix.com.br\/es\/wp-json\/wp\/v2\/comments?post=2017"}],"version-history":[{"count":7,"href":"https:\/\/www.biologix.com.br\/es\/wp-json\/wp\/v2\/posts\/2017\/revisions"}],"predecessor-version":[{"id":13866,"href":"https:\/\/www.biologix.com.br\/es\/wp-json\/wp\/v2\/posts\/2017\/revisions\/13866"}],"wp:featuredmedia":[{"embeddable":true,"href":"https:\/\/www.biologix.com.br\/es\/wp-json\/wp\/v2\/media\/2147"}],"wp:attachment":[{"href":"https:\/\/www.biologix.com.br\/es\/wp-json\/wp\/v2\/media?parent=2017"}],"wp:term":[{"taxonomy":"category","embeddable":true,"href":"https:\/\/www.biologix.com.br\/es\/wp-json\/wp\/v2\/categories?post=2017"},{"taxonomy":"post_tag","embeddable":true,"href":"https:\/\/www.biologix.com.br\/es\/wp-json\/wp\/v2\/tags?post=2017"}],"curies":[{"name":"wp","href":"https:\/\/api.w.org\/{rel}","templated":true}]}}