{"id":2109,"date":"2020-08-04T16:07:07","date_gmt":"2020-08-04T19:07:07","guid":{"rendered":"https:\/\/www.biologix.com.br\/?p=2109"},"modified":"2025-08-19T11:12:28","modified_gmt":"2025-08-19T14:12:28","slug":"disturbio-do-sono-infantil","status":"publish","type":"post","link":"https:\/\/www.biologix.com.br\/es\/2020\/08\/04\/disturbio-do-sono-infantil\/","title":{"rendered":"Trastorno del sue\u00f1o infantil<br><span class='secondary-title'>Descubra los trastornos del sue\u00f1o m\u00e1s comunes en ni\u00f1os<\/span>"},"content":{"rendered":"<p>El sue\u00f1o en los ni\u00f1os y adolescentes es una preocupaci\u00f3n constante tanto para padres como para m\u00e9dicos. H\u00e1bitos que combinen calidad y cantidad de horas de descanso son esenciales para un buen desarrollo cognitivo, comportamental, emocional y f\u00edsico.<\/p>\n\n\n\n<!--more-->\n\n\n\n<p>Las se\u00f1ales m\u00e1s comunes de trastorno del sue\u00f1o en ni\u00f1os pueden ser sutiles, como irritabilidad y\nllanto excesivo, agresividad, desconcentraci\u00f3n, ojeras, aislamiento y, si el ni\u00f1o ya se encuentra\nen fase escolar, dificultad para seguir las clases. &nbsp;<\/p>\n\n\n\t\t<div data-elementor-type=\"section\" data-elementor-id=\"587\" class=\"elementor elementor-587\" data-elementor-post-type=\"elementor_library\">\n\t\t\t\t\t<section class=\"elementor-section elementor-top-section elementor-element elementor-element-4d0649a elementor-section-boxed elementor-section-height-default elementor-section-height-default\" data-id=\"4d0649a\" data-element_type=\"section\" data-e-type=\"section\">\n\t\t\t\t\t\t<div class=\"elementor-container elementor-column-gap-default\">\n\t\t\t\t\t<div class=\"elementor-column elementor-col-100 elementor-top-column elementor-element elementor-element-9d36ab1\" data-id=\"9d36ab1\" data-element_type=\"column\" data-e-type=\"column\">\n\t\t\t<div class=\"elementor-widget-wrap elementor-element-populated\">\n\t\t\t\t\t\t<div class=\"elementor-element elementor-element-c0177f3 elementor-widget elementor-widget-html\" data-id=\"c0177f3\" data-element_type=\"widget\" data-e-type=\"widget\" data-widget_type=\"html.default\">\n\t\t\t\t<div class=\"elementor-widget-container\">\n\t\t\t\t\t<div role=\"main\" id=\"site-inscricao-receber-conteudo-66a2c8b9048f99353f18\"><\/div><script type=\"text\/javascript\" src=\"https:\/\/d335luupugsy2.cloudfront.net\/js\/rdstation-forms\/stable\/rdstation-forms.min.js\"><\/script><script type=\"text\/javascript\"> new RDStationForms('site-inscricao-receber-conteudo-66a2c8b9048f99353f18', 'UA-128422573-1').createForm();<\/script>\t\t\t\t<\/div>\n\t\t\t\t<\/div>\n\t\t\t\t\t<\/div>\n\t\t<\/div>\n\t\t\t\t\t<\/div>\n\t\t<\/section>\n\t\t\t\t<\/div>\n\t\t\n\n\n\n<p>Existen varios factores que pueden afectar el sue\u00f1o de los ni\u00f1os, entre ellos: medicamentos,\nenfermedades sist\u00e9micas, condiciones ambientales e incluso la etapa de desarrollo del ni\u00f1o. En muchos casos, luego del diagn\u00f3stico, es posible llevar a cabo un tratamiento que solo involucre higiene del sue\u00f1o, sin la necesidad de medicamentos. <\/p>\n\n\n\n<h2 class=\"wp-block-heading\">Los trastornos del sue\u00f1o m\u00e1s frecuentes en ni\u00f1os<\/h2>\n\n\n\n<p>Los trastornos del sue\u00f1o m\u00e1s frecuentes en ni\u00f1os son:<\/p>\n\n\n\n<ul class=\"wp-block-list\">\n<li><strong>Insomnio<\/strong>: dificultad para iniciar y mantener el sue\u00f1o. Los ni\u00f1os que padecen este trastorno suelen despertarse m\u00e1s temprano de lo deseado y tienen dificultad para iniciar el sue\u00f1o sin la intervenci\u00f3n de los padres. En consecuencia, esta situaci\u00f3n genera estr\u00e9s y cansancio en los ni\u00f1os. <\/li>\n\n\n\n<li><strong><a href=\"https:\/\/www.biologix.com.br\/es\/2020\/06\/15\/tipos-de-apneia-do-sono\/\" target=\"_blank\" rel=\"noreferrer noopener\">Apnea-hipopnea durante el sue\u00f1o<\/a>(SAHS) en ni\u00f1os o infancia<\/strong>: este tipo de apnea del sue\u00f1o se caracteriza por una obstrucci\u00f3n parcial o completa de las v\u00edas a\u00e9reas superiores. Esto desencadena un esfuerzo respiratorio y su causa principal es la hipertrofia adenoamigdalina, la famosa \u201ccarne esponjosa\u201d. La reducci\u00f3n del flujo de aire puede\ncausar una deficiencia de oxigenaci\u00f3n en sangre. Este s\u00edndrome debe diagnosticarse y\ntratarse lo m\u00e1s pronto posible, ya que puede acarrear consecuencias serias para el desarrollo del ni\u00f1o, como alteraciones faciales y dificultad de aprendizaje, entre otros.<\/li>\n\n\n\n<li><strong>Parasomnia<\/strong>: se trata de un trastorno benigno que se asocia al crecimiento y desarrollo y tiende a desaparecer con la edad. Ocurre debido a un despertar incompleto y puede presentarse durante el sue\u00f1o no REM y el sue\u00f1o REM. Por un lado, las parasomnias que se clasifican como de sue\u00f1o no REM (NREM) tienden a ocurrir en la primera mitad de la noche. Los casos m\u00e1s comunes en la infancia son el despertar confusional, el sonambulismo y el terror nocturno. Por el otro lado, las parasomnias de sue\u00f1o REM, por lo general, se presentan en la segunda mitad de la noche en forma de pesadillas o incontinencia urinaria nocturna (orinar la cama).&nbsp; <\/li>\n\n\n\n<li><strong>S\u00edndrome de piernas inquietas (SPI)<\/strong>: es una alteraci\u00f3n sensoriomotora con aspectos\nneurol\u00f3gicos que afectan, sobre todo, al sue\u00f1o y la calidad de vida del ni\u00f1o o adolescente. Los pacientes describen una necesidad irresistible de mover las piernas, que, por lo general, viene acompa\u00f1ada de una sensaci\u00f3n desagradable, inc\u00f3moda y\/o inquietante.<\/li>\n\n\n\n<li><strong>Terror nocturno<\/strong>: se caracteriza por causar terror en los padres, ya que es lo m\u00e1s aterrador que puede ocurrir durante el sue\u00f1o. El ni\u00f1o se agita, mantiene los ojos abiertos, llora y grita, pero no est\u00e1 despierto. Aunque sea espantoso, el terror nocturno es una manifestaci\u00f3n benigna, es decir, no representa un riesgo de salud o de desarrollo para el ni\u00f1o. El estado de trance dura hasta 15 minutos y luego el ni\u00f1o retoma su sue\u00f1o normal.<\/li>\n<\/ul>\n\n\n\n<p>Algunas condiciones, como la mayor\u00eda de las parasomnias, son benignas y se resuelven\nespont\u00e1neamente con el tiempo, mientras que la apnea necesita una evaluaci\u00f3n cl\u00ednica para la\nidentificaci\u00f3n de la causa y el tratamiento espec\u00edfico. El m\u00e9dico pediatra desempe\u00f1a un papel fundamental en el proceso de diagn\u00f3stico y, cuando es necesario, remite a una evaluaci\u00f3n especializada. <\/p>\n\n\n\n<p>Para el diagn\u00f3stico, adem\u00e1s de la evaluaci\u00f3n cl\u00ednica, se puede indicar una polisomnograf\u00eda <a href=\"https:\/\/www.biologix.com.br\/es\/2020\/09\/10\/em-ano-de-pandemia-exames-do-sono-biologix-crescem-236\/\" target=\"_blank\" rel=\"noreferrer noopener\">(examen del sue\u00f1o)<\/a> . Para ello, durante la consulta, se deben hacer preguntas sobre la rutina y detalles referentes al ambiente familiar relacionados con el sue\u00f1o del ni\u00f1o.<\/p>\n\n\n\n<p>El Biologix Sleep Test\u00ae es una polisomnograf\u00eda multimodal que cuenta con canales de saturaci\u00f3n de ox\u00edgeno, frecuencia card\u00edaca, actimetr\u00eda y ronquido (mediante el micr\u00f3fono del celular). Se trata de un examen simple, pr\u00e1ctico y eficaz que se realiza en casa. Asimismo, los profesionales de la salud lo emplean para diagnosticar y tratar la apnea del sue\u00f1o. A la hora de dormir, el paciente solo debe colocarse el sensor en el dedo e iniciar el examen en la aplicaci\u00f3n de Biologix. Al despertar la ma\u00f1ana siguiente, con pulsar en \u201cConcluir examen\u201d, el paciente recibir\u00e1 su resultado en cuesti\u00f3n de segundos.<\/p>\n\n\n\n<p><strong><em><a>Converse con un m\u00e9dico pediatra sobre la posibilidad de realizar el Biologix Sleep Test\u00ae en ni\u00f1os y adolescentes.<\/a>&nbsp;<\/em><\/strong><\/p>\n\n\n\t\t<div data-elementor-type=\"section\" data-elementor-id=\"3414\" class=\"elementor elementor-3414\" data-elementor-post-type=\"elementor_library\">\n\t\t\t\t\t<section class=\"elementor-section elementor-top-section elementor-element elementor-element-bba2a7b elementor-section-boxed elementor-section-height-default elementor-section-height-default\" data-id=\"bba2a7b\" data-element_type=\"section\" data-e-type=\"section\">\n\t\t\t\t\t\t<div class=\"elementor-container elementor-column-gap-default\">\n\t\t\t\t\t<div class=\"elementor-column elementor-col-100 elementor-top-column elementor-element elementor-element-a39b97d\" data-id=\"a39b97d\" data-element_type=\"column\" data-e-type=\"column\">\n\t\t\t<div class=\"elementor-widget-wrap elementor-element-populated\">\n\t\t\t\t\t\t<div class=\"elementor-element elementor-element-7b06e35 elementor-widget elementor-widget-button\" data-id=\"7b06e35\" data-element_type=\"widget\" data-e-type=\"widget\" data-widget_type=\"button.default\">\n\t\t\t\t<div class=\"elementor-widget-container\">\n\t\t\t\t\t\t\t\t\t<div class=\"elementor-button-wrapper\">\n\t\t\t\t\t<a class=\"elementor-button elementor-button-link elementor-size-sm\" href=\"https:\/\/www.biologix.com.br\/es\/paciente\/#busca-centros\" id=\"buscar-centro-credenciado\">\n\t\t\t\t\t\t<span class=\"elementor-button-content-wrapper\">\n\t\t\t\t\t\t\t\t\t<span class=\"elementor-button-text\">Buscar un centro acreditado<\/span>\n\t\t\t\t\t<\/span>\n\t\t\t\t\t<\/a>\n\t\t\t\t<\/div>\n\t\t\t\t\t\t\t\t<\/div>\n\t\t\t\t<\/div>\n\t\t\t\t\t<\/div>\n\t\t<\/div>\n\t\t\t\t\t<\/div>\n\t\t<\/section>\n\t\t\t\t<\/div>\n\t\t\n\n\n\n<p><\/p>\n\n\n\n<p><strong>\u00a1IMPORTANTE! Solo m\u00e9dicos debidamente calificados pueden diagnosticar enfermedades, indicar tratamientos y recetar medicamentos. La informaci\u00f3n disponible en este blog tiene fines exclusivamente educativos<\/strong>.<\/p>","protected":false},"excerpt":{"rendered":"<p>O sono em crian\u00e7as e adolescentes \u00e9 uma preocupa\u00e7\u00e3o constante para pais e m\u00e9dicos, uma vez que h\u00e1bitos que combinam a qualidade e quantidade de&hellip;<\/p>","protected":false},"author":11,"featured_media":2149,"comment_status":"closed","ping_status":"open","sticky":false,"template":"","format":"standard","meta":{"footnotes":""},"categories":[1],"tags":[23,5,104,105,29,106],"class_list":["post-2109","post","type-post","status-publish","format-standard","has-post-thumbnail","hentry","category-paciente","tag-apneia","tag-apneia-do-sono","tag-parassonia","tag-pernas-inquietas","tag-polissonografia","tag-terror-noturno"],"aioseo_notices":[],"_links":{"self":[{"href":"https:\/\/www.biologix.com.br\/es\/wp-json\/wp\/v2\/posts\/2109","targetHints":{"allow":["GET"]}}],"collection":[{"href":"https:\/\/www.biologix.com.br\/es\/wp-json\/wp\/v2\/posts"}],"about":[{"href":"https:\/\/www.biologix.com.br\/es\/wp-json\/wp\/v2\/types\/post"}],"author":[{"embeddable":true,"href":"https:\/\/www.biologix.com.br\/es\/wp-json\/wp\/v2\/users\/11"}],"replies":[{"embeddable":true,"href":"https:\/\/www.biologix.com.br\/es\/wp-json\/wp\/v2\/comments?post=2109"}],"version-history":[{"count":13,"href":"https:\/\/www.biologix.com.br\/es\/wp-json\/wp\/v2\/posts\/2109\/revisions"}],"predecessor-version":[{"id":13856,"href":"https:\/\/www.biologix.com.br\/es\/wp-json\/wp\/v2\/posts\/2109\/revisions\/13856"}],"wp:featuredmedia":[{"embeddable":true,"href":"https:\/\/www.biologix.com.br\/es\/wp-json\/wp\/v2\/media\/2149"}],"wp:attachment":[{"href":"https:\/\/www.biologix.com.br\/es\/wp-json\/wp\/v2\/media?parent=2109"}],"wp:term":[{"taxonomy":"category","embeddable":true,"href":"https:\/\/www.biologix.com.br\/es\/wp-json\/wp\/v2\/categories?post=2109"},{"taxonomy":"post_tag","embeddable":true,"href":"https:\/\/www.biologix.com.br\/es\/wp-json\/wp\/v2\/tags?post=2109"}],"curies":[{"name":"wp","href":"https:\/\/api.w.org\/{rel}","templated":true}]}}