{"id":3042,"date":"2020-07-13T23:11:39","date_gmt":"2020-07-14T02:11:39","guid":{"rendered":"https:\/\/www.biologix.com.br\/?p=3042"},"modified":"2025-08-19T11:37:47","modified_gmt":"2025-08-19T14:37:47","slug":"impacto-dos-disturbios-do-sono-sobre-a-qualidade-de-vida","status":"publish","type":"post","link":"https:\/\/www.biologix.com.br\/es\/2020\/07\/13\/impacto-dos-disturbios-do-sono-sobre-a-qualidade-de-vida\/","title":{"rendered":"Impacto dos dist\u00farbios do sono na qualidade de vida<br><span class='secondary-title'>Saiba mais sobre as varia\u00e7\u00f5es do sono no decorrer da vida e qual o impacto disso<\/span>"},"content":{"rendered":"<p>Os dist\u00farbios do sono provocam diversas consequ\u00eancias na vida das pessoas por <a href=\"https:\/\/www.biologix.com.br\/es\/2020\/02\/05\/perda-da-produtividade-o-impacto-do-sono-na-produtividade\/\" target=\"_blank\" rel=\"noreferrer noopener\">diminuir sua produtividade<\/a> di\u00e1ria, aumentar os riscos a adquirir dist\u00farbios psiqui\u00e1tricos, <a href=\"https:\/\/www.biologix.com.br\/es\/2020\/02\/05\/comprometimento-da-memoria-falhas-na-memoria-exigem-investigacao\/\" target=\"_blank\" rel=\"noreferrer noopener\">d\u00e9ficits cognitivos<\/a>, surgimento e agravamento de problemas de sa\u00fade, riscos de <a href=\"https:\/\/www.biologix.com.br\/es\/2020\/02\/05\/risco-aumentado-de-acidentes-com-veiculos-privacao-de-sono-aumenta-risco-de-acidentes-graves\/\" target=\"_blank\" rel=\"noreferrer noopener\">acidentes de tr\u00e1fego,<\/a> absente\u00edsmo no trabalho, enfim, &nbsp;por comprometer a qualidade de vida, com diferentes desdobramentos a curto, m\u00e9dio e longo prazo.<\/p>\n\n\n\n<!--more-->\n\n\n\n<p>O sono \u00e9 uma fun\u00e7\u00e3o biol\u00f3gica fundamental na consolida\u00e7\u00e3o da mem\u00f3ria e na conserva\u00e7\u00e3o e restaura\u00e7\u00e3o da energia e do metabolismo. Devido a essas importantes fun\u00e7\u00f5es, as perturba\u00e7\u00f5es do sono podem acarretar altera\u00e7\u00f5es significativas no funcionamento f\u00edsico, ocupacional, cognitivo e social do indiv\u00edduo, al\u00e9m de comprometer substancialmente a qualidade de vida.<\/p>\n\n\n\n<h2 class=\"wp-block-heading\">As varia\u00e7\u00f5es do sono ao longo da vida<\/h2>\n\n\n\n<p>O sono varia ao longo da vida dos indiv\u00edduos. As varia\u00e7\u00f5es na quantidade de sono s\u00e3o maiores durante a inf\u00e2ncia, decrescendo de 16 horas por dia, em m\u00e9dia, nos primeiros dias de vida, para 14 horas ao final do primeiro m\u00eas e 12 horas no sexto m\u00eas de vida. Depois dessa idade o tempo de sono da crian\u00e7a diminui 30 minutos ao ano at\u00e9 os cinco anos. <\/p>\n\n\n\n<p>Na vida adulta decresce a quantidade e varia o ciclo do sono em fun\u00e7\u00e3o da idade e de fatores externos. Com o avan\u00e7o da idade, ocorrem perdas na dura\u00e7\u00e3o e manuten\u00e7\u00e3o do sono. A dor, o uso de medica\u00e7\u00f5es e diferentes condi\u00e7\u00f5es cl\u00ednicas s\u00e3o exemplos de fatores que podem afetar a quantidade e a qualidade do sono, especialmente entre idosos, que s\u00e3o mais propensos a ter dist\u00farbios do sono.<\/p>\n\n\n\t\t<div data-elementor-type=\"section\" data-elementor-id=\"587\" class=\"elementor elementor-587\" data-elementor-post-type=\"elementor_library\">\n\t\t\t\t\t<section class=\"elementor-section elementor-top-section elementor-element elementor-element-4d0649a elementor-section-boxed elementor-section-height-default elementor-section-height-default\" data-id=\"4d0649a\" data-element_type=\"section\" data-e-type=\"section\">\n\t\t\t\t\t\t<div class=\"elementor-container elementor-column-gap-default\">\n\t\t\t\t\t<div class=\"elementor-column elementor-col-100 elementor-top-column elementor-element elementor-element-9d36ab1\" data-id=\"9d36ab1\" data-element_type=\"column\" data-e-type=\"column\">\n\t\t\t<div class=\"elementor-widget-wrap elementor-element-populated\">\n\t\t\t\t\t\t<div class=\"elementor-element elementor-element-c0177f3 elementor-widget elementor-widget-html\" data-id=\"c0177f3\" data-element_type=\"widget\" data-e-type=\"widget\" data-widget_type=\"html.default\">\n\t\t\t\t<div class=\"elementor-widget-container\">\n\t\t\t\t\t<div role=\"main\" id=\"site-inscricao-receber-conteudo-66a2c8b9048f99353f18\"><\/div><script type=\"text\/javascript\" src=\"https:\/\/d335luupugsy2.cloudfront.net\/js\/rdstation-forms\/stable\/rdstation-forms.min.js\"><\/script><script type=\"text\/javascript\"> new RDStationForms('site-inscricao-receber-conteudo-66a2c8b9048f99353f18', 'UA-128422573-1').createForm();<\/script>\t\t\t\t<\/div>\n\t\t\t\t<\/div>\n\t\t\t\t\t<\/div>\n\t\t<\/div>\n\t\t\t\t\t<\/div>\n\t\t<\/section>\n\t\t\t\t<\/div>\n\t\t\n\n\n\n<p>Nas sociedades industrializadas, a necessidade fisiol\u00f3gica do sono \u00e9 muitas vezes confrontada por quest\u00f5es sociais, culturais e econ\u00f4micas, que implicam maior quantidade de horas de vig\u00edlia. Por exemplo, temos o trabalho de turnos, que surgem para suprir alguma demanda da sociedade nas 24 horas do dia.<\/p>\n\n\n\n<p>O trabalho em turnos n\u00e3o favorece apenas o surgimento de transtornos do sono, mas tamb\u00e9m o aumento da sonol\u00eancia diurna e diminui\u00e7\u00e3o dos estados de alerta do indiv\u00edduo.<\/p>\n\n\n\n<h2 class=\"wp-block-heading\">Os dist\u00farbios do sono mais frequentes na popula\u00e7\u00e3o em geral<\/h2>\n\n\n\n<p>Falaremos dos dois dist\u00farbios do sono mais frequentes na popula\u00e7\u00e3o em geral e suas implica\u00e7\u00f5es sobre os comportamentos, a rotina di\u00e1ria e a qualidade de vida das pessoas portadoras dessa condi\u00e7\u00e3o.<\/p>\n\n\n\n<ul class=\"wp-block-list\">\n<li><strong>INS\u00d4NIA<\/strong><\/li>\n<\/ul>\n\n\n\n<p>A ins\u00f4nia \u00e9 uma condi\u00e7\u00e3o debilitante caracterizada pela dificuldade em iniciar o sono ou em mant\u00ea-lo ou pela m\u00e1 qualidade do sono, apesar da oportunidade adequada para dormir. Para que estes sintomas sejam significativos, devem ocorrer durante, pelo menos um m\u00eas e interferirem negativamente nas fun\u00e7\u00f5es di\u00e1rias do indiv\u00edduo.<\/p>\n\n\n\n<p>A Ins\u00f3nia \u00e9 uma das perturba\u00e7\u00f5es do sono mais frequentes na popula\u00e7\u00e3o adulta, agravando-se com a idade. Esse dist\u00farbio tem como principais sintomas fadiga, sonol\u00eancia diurna e diminui\u00e7\u00e3o do desempenho cognitivo. &nbsp;<\/p>\n\n\n\n<p>As causas da ins\u00f4nia est\u00e3o relacionadas \u00e0: Fatores psicol\u00f3gicos (emo\u00e7\u00f5es, conflitos, situa\u00e7\u00f5es de crise e estresse); Fatores m\u00e9dicos-psiqui\u00e1tricos: doen\u00e7as neurol\u00f3gicas, cardiovasculares, respirat\u00f3rias e psiqui\u00e1tricas como depress\u00e3o e ansiedade.<\/p>\n\n\n\n<p>Fatores ambientais; tais como ru\u00eddos, temperatura, luminosidade, condi\u00e7\u00f5es da cama, colch\u00e3o e travesseiro e alimenta\u00e7\u00e3o inadequada pr\u00f3xima ao hor\u00e1rio de dormir.<\/p>\n\n\n\n<p>O tratamento da ins\u00f4nia tem como objetivo, melhorar a qualidade e quantidade de sono e diminuir ou cessar sintomas diurnos relacionados. Em quadros leves o problema pode ser resolvido com interven\u00e7\u00f5es voltadas para a higiene do sono e terapias comportamentais.<\/p>\n\n\n\n<p>Em alguns casos mais graves \u00e9 necess\u00e1rio o uso de medica\u00e7\u00f5es que devem ser administradas adequadamente e por um per\u00edodo curto, se poss\u00edvel.<\/p>\n\n\n\n<ul class=\"wp-block-list\">\n<li><strong>APNEIA OBSTRUTIVA DO SONO<\/strong><\/li>\n<\/ul>\n\n\n\n<p><a href=\"https:\/\/www.biologix.com.br\/es\/2020\/06\/15\/tipos-de-apneia-do-sono\/\" target=\"_blank\" rel=\"noreferrer noopener\">La apnea obstructiva del sue\u00f1o<\/a> \u00e9 associada com ronco. O <a href=\"https:\/\/www.biologix.com.br\/es\/2020\/02\/05\/ronco-alto-e-frequente-entenda-como-o-ronco-pode-afetar-a-sua-qualidade-de-vida\/\" target=\"_blank\" rel=\"noreferrer noopener\">ronquido<\/a> \u00e9 o ru\u00eddo causado pela vibra\u00e7\u00e3o das estruturas fl\u00e1cidas nas vias a\u00e9reas superiores, devido a seu estreitamento, que ocorre habitualmente durante a inspira\u00e7\u00e3o O ronco pode acontecer em todos os est\u00e1gios do sono, mas em especial durante o sono NREM.<\/p>\n\n\n\n<p>A apneia do sono \u00e9 caracterizada por ru\u00eddos e interrup\u00e7\u00f5es na respira\u00e7\u00e3o que se repetem, no m\u00ednimo, cinco vezes num per\u00edodo de 60 minutos. N\u00e3o se trata de um simples ronco. Na apneia, a barulheira noturna \u00e9 entrecortada por engasgos \u2014 e o duro \u00e9 que muitas vezes o indiv\u00edduo nem os percebe enquanto dorme. Essas pequenas pausas na entrada de ar chegam a diminuir a concentra\u00e7\u00e3o de oxig\u00eanio no sangue.<br><br>\u00c9 da\u00ed que derivam as consequ\u00eancias mais s\u00e9rias do dist\u00farbio. A redu\u00e7\u00e3o de oxig\u00eanio ataca o sistema nervoso, que eleva o ritmo dos <a href=\"https:\/\/www.biologix.com.br\/es\/2020\/03\/13\/disturbios-do-sono-causam-arritmia-cardiaca\/\" target=\"_blank\" rel=\"noreferrer noopener\">batimentos card\u00edacos<\/a> e estimula a contra\u00e7\u00e3o dos vasos sangu\u00edneos. E, com o tempo, isso se perpetua ao longo do dia. Da\u00ed o fato de a apneia do sono ser considerado um fator de risco para <a href=\"https:\/\/www.biologix.com.br\/es\/2020\/03\/13\/hipertensao-arterial-induzida-por-apneia-do-sono\/\" target=\"_blank\" rel=\"noreferrer noopener\">presi\u00f3n alta<\/a> y <a href=\"https:\/\/www.biologix.com.br\/es\/2020\/03\/13\/disturbios-do-sono-causam-arritmia-cardiaca\/\" target=\"_blank\" rel=\"noreferrer noopener\">arritmia card\u00edaca<\/a>.<\/p>\n\n\n\n<p>Portadores de apneia costumam apresentar <a href=\"https:\/\/www.biologix.com.br\/es\/2020\/02\/05\/sonolencia-e-cansaco-diurno-confira-algumas-doencas-que-causam-cansaco-em-excesso\/\" target=\"_blank\" rel=\"noreferrer noopener\">hipersonol\u00eancia diurna<\/a> resultante de microdespertares durante o sono, que aumenta a suscetibilidade a acidentes. Em crian\u00e7as, provoca a diminui\u00e7\u00e3o do aprendizado e o aumento de dist\u00farbios comportamentais.<\/p>\n\n\n\n<p>\u00c9 importante, portanto, ao sentir que a qualidade de seu sono est\u00e1 sendo prejudicada por algum dist\u00farbio, que a pessoa procure resolv\u00ea-lo. A polissonografia, exame que monitora os pacientes enquanto est\u00e3o, permite diagnosticar a apneia do sono com precis\u00e3o.<\/p>\n\n\n\n<p>O tratamento indicado para a s\u00edndrome da apneia obstrutiva do sono deve ter como objetivo a elimina\u00e7\u00e3o dos eventos respirat\u00f3rios obstrutivos e com isso restaurar o padr\u00e3o de sono normal e a adequada oxigena\u00e7\u00e3o arterial.<\/p>\n\n\n\n<h2 class=\"wp-block-heading\">A import\u00e2ncia da conscientiza\u00e7\u00e3o sobre os dist\u00farbios do sono<\/h2>\n\n\n\n<p>A maioria dos dist\u00farbios do sono n\u00e3o \u00e9 detectada e tratada porque, em geral, as pessoas desconhecem que essa condi\u00e7\u00e3o \u00e9 cl\u00ednica e trat\u00e1vel. Talvez em fun\u00e7\u00e3o desse desconhecimento, o paciente tamb\u00e9m deixa de relatar problemas de sono durante as consultas m\u00e9dicas, dificultando o acesso do profissional \u00e0s informa\u00e7\u00f5es que permitiriam o diagn\u00f3stico e o tratamento.<\/p>\n\n\n\n<p>As consequ\u00eancias dos dist\u00farbios do sono s\u00e3o fortemente relacionadas \u00e0 qualidade de vida das pessoas que sofrem desse mal, al\u00e9m das quest\u00f5es econ\u00f4micas e de sa\u00fade, como o aumento de hospitaliza\u00e7\u00f5es, do absente\u00edsmo, de riscos de acidentes de tr\u00e2nsito e de desenvolvimento de dist\u00farbios mentais. Os problemas relacionados ao sono, s\u00e3o considerados uma epidemia que necessita de mais informa\u00e7\u00f5es, cuidado profissional e inova\u00e7\u00e3o tecnol\u00f3gica para que possam ser solucionados.<\/p>\n\n\n\t\t<div data-elementor-type=\"section\" data-elementor-id=\"3414\" class=\"elementor elementor-3414\" data-elementor-post-type=\"elementor_library\">\n\t\t\t\t\t<section class=\"elementor-section elementor-top-section elementor-element elementor-element-bba2a7b elementor-section-boxed elementor-section-height-default elementor-section-height-default\" data-id=\"bba2a7b\" data-element_type=\"section\" data-e-type=\"section\">\n\t\t\t\t\t\t<div class=\"elementor-container elementor-column-gap-default\">\n\t\t\t\t\t<div class=\"elementor-column elementor-col-100 elementor-top-column elementor-element elementor-element-a39b97d\" data-id=\"a39b97d\" data-element_type=\"column\" data-e-type=\"column\">\n\t\t\t<div class=\"elementor-widget-wrap elementor-element-populated\">\n\t\t\t\t\t\t<div class=\"elementor-element elementor-element-7b06e35 elementor-widget elementor-widget-button\" data-id=\"7b06e35\" data-element_type=\"widget\" data-e-type=\"widget\" data-widget_type=\"button.default\">\n\t\t\t\t<div class=\"elementor-widget-container\">\n\t\t\t\t\t\t\t\t\t<div class=\"elementor-button-wrapper\">\n\t\t\t\t\t<a class=\"elementor-button elementor-button-link elementor-size-sm\" href=\"https:\/\/www.biologix.com.br\/es\/paciente\/#busca-centros\" id=\"buscar-centro-credenciado\">\n\t\t\t\t\t\t<span class=\"elementor-button-content-wrapper\">\n\t\t\t\t\t\t\t\t\t<span class=\"elementor-button-text\">Buscar un centro acreditado<\/span>\n\t\t\t\t\t<\/span>\n\t\t\t\t\t<\/a>\n\t\t\t\t<\/div>\n\t\t\t\t\t\t\t\t<\/div>\n\t\t\t\t<\/div>\n\t\t\t\t\t<\/div>\n\t\t<\/div>\n\t\t\t\t\t<\/div>\n\t\t<\/section>\n\t\t\t\t<\/div>\n\t\t\n\n\n\n<p><\/p>\n\n\n\n<p><strong>\u00a1IMPORTANTE! Solo los m\u00e9dicos debidamente calificados pueden diagnosticar enfermedades, indicar tratamientos y recetar medicamentos. La informaci\u00f3n disponible en este blog es solo de car\u00e1cter educativo.<\/strong><\/p>","protected":false},"excerpt":{"rendered":"<p>Os dist\u00farbios do sono provocam diversas consequ\u00eancias na vida das pessoas por diminuir sua produtividade di\u00e1ria, aumentar os riscos a adquirir dist\u00farbios psiqui\u00e1tricos, d\u00e9ficits cognitivos,&hellip;<\/p>","protected":false},"author":2,"featured_media":3047,"comment_status":"closed","ping_status":"open","sticky":false,"template":"","format":"standard","meta":{"footnotes":""},"categories":[1],"tags":[25,28,108,27,123,9],"class_list":["post-3042","post","type-post","status-publish","format-standard","has-post-thumbnail","hentry","category-paciente","tag-apneia-obstrutiva-do-sono","tag-dificuldade-para-dormir","tag-dormir-melhor","tag-insonia","tag-saude","tag-sono"],"aioseo_notices":[],"_links":{"self":[{"href":"https:\/\/www.biologix.com.br\/es\/wp-json\/wp\/v2\/posts\/3042","targetHints":{"allow":["GET"]}}],"collection":[{"href":"https:\/\/www.biologix.com.br\/es\/wp-json\/wp\/v2\/posts"}],"about":[{"href":"https:\/\/www.biologix.com.br\/es\/wp-json\/wp\/v2\/types\/post"}],"author":[{"embeddable":true,"href":"https:\/\/www.biologix.com.br\/es\/wp-json\/wp\/v2\/users\/2"}],"replies":[{"embeddable":true,"href":"https:\/\/www.biologix.com.br\/es\/wp-json\/wp\/v2\/comments?post=3042"}],"version-history":[{"count":10,"href":"https:\/\/www.biologix.com.br\/es\/wp-json\/wp\/v2\/posts\/3042\/revisions"}],"predecessor-version":[{"id":13864,"href":"https:\/\/www.biologix.com.br\/es\/wp-json\/wp\/v2\/posts\/3042\/revisions\/13864"}],"wp:featuredmedia":[{"embeddable":true,"href":"https:\/\/www.biologix.com.br\/es\/wp-json\/wp\/v2\/media\/3047"}],"wp:attachment":[{"href":"https:\/\/www.biologix.com.br\/es\/wp-json\/wp\/v2\/media?parent=3042"}],"wp:term":[{"taxonomy":"category","embeddable":true,"href":"https:\/\/www.biologix.com.br\/es\/wp-json\/wp\/v2\/categories?post=3042"},{"taxonomy":"post_tag","embeddable":true,"href":"https:\/\/www.biologix.com.br\/es\/wp-json\/wp\/v2\/tags?post=3042"}],"curies":[{"name":"wp","href":"https:\/\/api.w.org\/{rel}","templated":true}]}}