{"id":3074,"date":"2020-07-28T12:45:25","date_gmt":"2020-07-28T15:45:25","guid":{"rendered":"https:\/\/www.biologix.com.br\/?p=3074"},"modified":"2025-08-19T11:20:20","modified_gmt":"2025-08-19T14:20:20","slug":"como-o-fisioterapeuta-atua-no-sono","status":"publish","type":"post","link":"https:\/\/www.biologix.com.br\/es\/2020\/07\/28\/como-o-fisioterapeuta-atua-no-sono\/","title":{"rendered":"\u00bfC\u00f3mo act\u00faa el kinesi\u00f3logo en el sue\u00f1o?<br><span class='secondary-title'>Entienda c\u00f3mo el kinesi\u00f3logo puede ayudar en el tratamiento de la apnea del sue\u00f1o<\/span>"},"content":{"rendered":"<p>Hoy en d\u00eda, el kinesi\u00f3logo participa de diferentes maneras en el \u00e1rea del sue\u00f1o, tanto en la pr\u00e1ctica cl\u00ednica como en la investigaci\u00f3n.<\/p>\n\n\n\n<p>En la pr\u00e1ctica, colabora en la educaci\u00f3n social, concientizando a la poblaci\u00f3n sobre la importancia del sue\u00f1o y sus funciones, as\u00ed como sobre el impacto negativo de la privaci\u00f3n de sue\u00f1o. Tambi\u00e9n orienta sobre posturas y medidas de higiene del sue\u00f1o que favorecen un descanso reparador y contribuyen a la <a href=\"https:\/\/www.biologix.com.br\/es\/2020\/07\/13\/impacto-dos-disturbios-do-sono-sobre-a-qualidade-de-vida\/\" target=\"_blank\" rel=\"noreferrer noopener\"><strong>promoci\u00f3n de la salud<\/strong>.<\/a><\/p>\n\n\n\n<!--more-->\n\n\n\t\t<div data-elementor-type=\"section\" data-elementor-id=\"5049\" class=\"elementor elementor-5049\" data-elementor-post-type=\"elementor_library\">\n\t\t\t\t\t<section class=\"elementor-section elementor-top-section elementor-element elementor-element-a5b9e3d elementor-section-boxed elementor-section-height-default elementor-section-height-default\" data-id=\"a5b9e3d\" data-element_type=\"section\" data-e-type=\"section\">\n\t\t\t\t\t\t<div class=\"elementor-container elementor-column-gap-default\">\n\t\t\t\t\t<div class=\"elementor-column elementor-col-100 elementor-top-column elementor-element elementor-element-3525ca6\" data-id=\"3525ca6\" data-element_type=\"column\" data-e-type=\"column\">\n\t\t\t<div class=\"elementor-widget-wrap\">\n\t\t\t\t\t\t\t<\/div>\n\t\t<\/div>\n\t\t\t\t\t<\/div>\n\t\t<\/section>\n\t\t\t\t<\/div>\n\t\t\n\n\n\n<p>Adem\u00e1s, puede encargarse de identificar y tratar trastornos no respiratorios (como insomnio o s\u00edndrome de piernas inquietas) y respiratorios.<\/p>\n\n\n\n<p>Aun con distintos campos de actuaci\u00f3n, la intervenci\u00f3n m\u00e1s reconocida del kinesi\u00f3logo es el <a rel=\"noreferrer noopener\" href=\"https:\/\/www.biologix.com.br\/es\/2020\/06\/15\/tipos-de-apneia-do-sono\/\" target=\"_blank\"><strong>tratamiento de la apnea obstructiva del sue\u00f1o (AOS).<\/strong><\/a><\/p>\n\n\n\n<p>Gracias a su conocimiento en fisiolog\u00eda y fisiopatolog\u00eda del sistema respiratorio, y a su experiencia en el manejo de equipos de ventilaci\u00f3n con presi\u00f3n positiva en la v\u00eda a\u00e9rea (PAP) y sus interfaces, el kinesi\u00f3logo es el profesional m\u00e1s capacitado para acompa\u00f1ar el tratamiento con PAP en el corto, mediano y largo plazo. Es quien selecciona el dispositivo y la m\u00e1scara adecuados, orienta y adapta al paciente a la terapia, y asegura comodidad y adherencia. Tambi\u00e9n resuelve problemas que puedan surgir durante el proceso de adaptaci\u00f3n.<\/p>\n\n\n\t\t<div data-elementor-type=\"section\" data-elementor-id=\"587\" class=\"elementor elementor-587\" data-elementor-post-type=\"elementor_library\">\n\t\t\t\t\t<section class=\"elementor-section elementor-top-section elementor-element elementor-element-4d0649a elementor-section-boxed elementor-section-height-default elementor-section-height-default\" data-id=\"4d0649a\" data-element_type=\"section\" data-e-type=\"section\">\n\t\t\t\t\t\t<div class=\"elementor-container elementor-column-gap-default\">\n\t\t\t\t\t<div class=\"elementor-column elementor-col-100 elementor-top-column elementor-element elementor-element-9d36ab1\" data-id=\"9d36ab1\" data-element_type=\"column\" data-e-type=\"column\">\n\t\t\t<div class=\"elementor-widget-wrap elementor-element-populated\">\n\t\t\t\t\t\t<div class=\"elementor-element elementor-element-c0177f3 elementor-widget elementor-widget-html\" data-id=\"c0177f3\" data-element_type=\"widget\" data-e-type=\"widget\" data-widget_type=\"html.default\">\n\t\t\t\t<div class=\"elementor-widget-container\">\n\t\t\t\t\t<div role=\"main\" id=\"site-inscricao-receber-conteudo-66a2c8b9048f99353f18\"><\/div><script type=\"text\/javascript\" src=\"https:\/\/d335luupugsy2.cloudfront.net\/js\/rdstation-forms\/stable\/rdstation-forms.min.js\"><\/script><script type=\"text\/javascript\"> new RDStationForms('site-inscricao-receber-conteudo-66a2c8b9048f99353f18', 'UA-128422573-1').createForm();<\/script>\t\t\t\t<\/div>\n\t\t\t\t<\/div>\n\t\t\t\t\t<\/div>\n\t\t<\/div>\n\t\t\t\t\t<\/div>\n\t\t<\/section>\n\t\t\t\t<\/div>\n\t\t\n\n\n\n<p>Una herramienta fundamental que apoya al kinesi\u00f3logo en el seguimiento de pacientes durante la adaptaci\u00f3n al PAP es la <a rel=\"noreferrer noopener\" href=\"https:\/\/www.biologix.com.br\/es\/2020\/09\/10\/em-ano-de-pandemia-exames-do-sono-biologix-crescem-236\/\" target=\"_blank\"><strong>oximetr\u00eda nocturna<\/strong>.<\/a> A trav\u00e9s del \u00edndice de desaturaci\u00f3n de ox\u00edgeno (IDO), puede verificar si la terapia logr\u00f3 corregir los niveles de oxigenaci\u00f3n durante la noche.<\/p>\n\n\n\n<figure class=\"wp-block-embed is-type-video is-provider-youtube wp-block-embed-youtube wp-embed-aspect-16-9 wp-has-aspect-ratio\"><div class=\"wp-block-embed__wrapper\">\n<iframe title=\"Como fisioterapeutas podem monitorizar a satura\u00e7\u00e3o de oxig\u00eanio de seus pacientes?\" width=\"843\" height=\"474\" src=\"https:\/\/www.youtube.com\/embed\/f86DTLuroAg?feature=oembed\" frameborder=\"0\" allow=\"accelerometer; autoplay; clipboard-write; encrypted-media; gyroscope; picture-in-picture; web-share\" referrerpolicy=\"strict-origin-when-cross-origin\" allowfullscreen><\/iframe>\n<\/div><\/figure>\n\n\n\n<p>En general, el kinesi\u00f3logo que trabaja en medicina del sue\u00f1o posee formaci\u00f3n en kinesiolog\u00eda respiratoria y especializaci\u00f3n en trastornos del sue\u00f1o.<\/p>\n\n\n\n<p><strong>Por Moara Rocha<\/strong> &#8211; <em>Kinesi\u00f3logo\/a<br>CREFITO (Consejo Regional de Fisioterapia y Terapia Ocupacional): 91773-F<br>Posgrado en sue\u00f1o - Hospital Israelita Albert Einstein<br>Instagram: @rochamoara<\/em><\/p>\n\n\n\n<p>Biologix ofrece una plataforma en l\u00ednea que le permite a los profesionales de la salud ofrecer un\nexamen de apnea del sue\u00f1o simplificado y de bajo costo a sus pacientes. La soluci\u00f3n Biologix se\nbasa en sensores port\u00e1tiles, aplicaciones y computaci\u00f3n en nube.<\/p>\n\n\n\n<p>El diagn\u00f3stico de la apnea obstructiva del sue\u00f1o es de extrema importancia. Puede realizarse\nmediante una polisomnigraf\u00eda tradicional o el <strong>Biologix\u00ae Sleep Test<\/strong> una polisomnograf\u00eda multimodal. Se trata de un examen simple, pr\u00e1ctico y eficaz que se realiza en casa sin necesidad de dormir en un laboratorio del sue\u00f1o.<\/p>\n\n\n\n<p>Obtenga m\u00e1s informaci\u00f3n sobre la soluci\u00f3n Biologix <a href=\"https:\/\/www.biologix.com.br\/es\/profissional-de-saude\/\" target=\"_blank\" rel=\"noreferrer noopener\"><strong>aqu\u00ed.<\/strong><\/a><\/p>\n\n\n<div role=\"main\" id=\"e-book-como-o-fisioterapeuta-atua-no-sono-f772b576160bd445765c\"><\/div>\n<p><script type=\"text\/javascript\" src=\"https:\/\/d335luupugsy2.cloudfront.net\/js\/rdstation-forms\/stable\/rdstation-forms.min.js\"><\/script><script type=\"text\/javascript\"> new RDStationForms('e-book-como-o-fisioterapeuta-atua-no-sono-f772b576160bd445765c', 'UA-128422573-1').createForm();<\/script><\/p>\n\n\n\n<p id=\"e-book-como-o-fisioterapeuta-atua-no-sono-f772b576160bd445765c\"><\/p>","protected":false},"excerpt":{"rendered":"<p>Atualmente o fisioterapeuta tem atuado de diversas maneiras na \u00e1rea do sono, tanto na pr\u00e1tica cl\u00ednica quanto na pesquisa. De forma pr\u00e1tica, ele pode atuar&hellip;<\/p>","protected":false},"author":11,"featured_media":11543,"comment_status":"closed","ping_status":"open","sticky":false,"template":"","format":"standard","meta":{"footnotes":""},"categories":[15,12],"tags":[6,126,128,127,9],"class_list":["post-3074","post","type-post","status-publish","format-standard","has-post-thumbnail","hentry","category-fisio","category-profissional-de-saude","tag-cpap","tag-fisioterapia","tag-fisioterapia-respiratoria","tag-pap","tag-sono"],"aioseo_notices":[],"_links":{"self":[{"href":"https:\/\/www.biologix.com.br\/es\/wp-json\/wp\/v2\/posts\/3074","targetHints":{"allow":["GET"]}}],"collection":[{"href":"https:\/\/www.biologix.com.br\/es\/wp-json\/wp\/v2\/posts"}],"about":[{"href":"https:\/\/www.biologix.com.br\/es\/wp-json\/wp\/v2\/types\/post"}],"author":[{"embeddable":true,"href":"https:\/\/www.biologix.com.br\/es\/wp-json\/wp\/v2\/users\/11"}],"replies":[{"embeddable":true,"href":"https:\/\/www.biologix.com.br\/es\/wp-json\/wp\/v2\/comments?post=3074"}],"version-history":[{"count":24,"href":"https:\/\/www.biologix.com.br\/es\/wp-json\/wp\/v2\/posts\/3074\/revisions"}],"predecessor-version":[{"id":13860,"href":"https:\/\/www.biologix.com.br\/es\/wp-json\/wp\/v2\/posts\/3074\/revisions\/13860"}],"wp:featuredmedia":[{"embeddable":true,"href":"https:\/\/www.biologix.com.br\/es\/wp-json\/wp\/v2\/media\/11543"}],"wp:attachment":[{"href":"https:\/\/www.biologix.com.br\/es\/wp-json\/wp\/v2\/media?parent=3074"}],"wp:term":[{"taxonomy":"category","embeddable":true,"href":"https:\/\/www.biologix.com.br\/es\/wp-json\/wp\/v2\/categories?post=3074"},{"taxonomy":"post_tag","embeddable":true,"href":"https:\/\/www.biologix.com.br\/es\/wp-json\/wp\/v2\/tags?post=3074"}],"curies":[{"name":"wp","href":"https:\/\/api.w.org\/{rel}","templated":true}]}}