{"id":3517,"date":"2020-08-22T10:28:25","date_gmt":"2020-08-22T13:28:25","guid":{"rendered":"https:\/\/www.biologix.com.br\/?p=3517"},"modified":"2025-08-19T09:45:19","modified_gmt":"2025-08-19T12:45:19","slug":"pneumologia-e-monitoramento-de-oximetria","status":"publish","type":"post","link":"https:\/\/www.biologix.com.br\/es\/2020\/08\/22\/pneumologia-e-monitoramento-de-oximetria\/","title":{"rendered":"Neumolog\u00eda y monitoreo de oximetr\u00eda<br><span class='secondary-title'>Comprenda la importancia de la oximetr\u00eda nocturna en el diagn\u00f3stico de la apnea del sue\u00f1o<\/span>"},"content":{"rendered":"<div data-elementor-type=\"wp-post\" data-elementor-id=\"3517\" class=\"elementor elementor-3517\" data-elementor-post-type=\"post\">\n\t\t\t\t<div class=\"elementor-element elementor-element-6270cbbe e-flex e-con-boxed e-con e-parent\" data-id=\"6270cbbe\" data-element_type=\"container\" data-e-type=\"container\">\n\t\t\t\t\t<div class=\"e-con-inner\">\n\t\t\t\t<div class=\"elementor-element elementor-element-284c01a6 elementor-widget elementor-widget-text-editor\" data-id=\"284c01a6\" data-element_type=\"widget\" data-e-type=\"widget\" data-widget_type=\"text-editor.default\">\n\t\t\t\t<div class=\"elementor-widget-container\">\n\t\t\t\t\t\t\t\t\t\n<p><a href=\"https:\/\/www.biologix.com.br\/es\/2020\/06\/15\/tipos-de-apneia-do-sono\/\" target=\"_blank\" rel=\"noreferrer noopener\">La apnea obstructiva del sue\u00f1o<\/a> (AOS) es un trastorno extremadamente com\u00fan. Un estudio realizado en la ciudad de S\u00e3o Paulo, con m\u00e1s de 1.000 adultos representativos, estim\u00f3 que el 33% de la poblaci\u00f3n padece de apnea del sue\u00f1o. Aunque los s\u00edntomas cl\u00e1sicos suelen ser\nronquido alto y somnolencia diurna, muchos pacientes con AOS no presentan quejas espec\u00edficas.<\/p>\n\n<p>Identificar la apnea del sue\u00f1o puede resultar dif\u00edcil, especialmente en pacientes que acuden al consultorio por problemas respiratorios no relacionados. Las alteraciones del sue\u00f1o suelen pasar desapercibidas. Cualquier paciente que consulte por asma, EPOC o un cuadro gripal forma parte de la poblaci\u00f3n general y, por lo tanto, ya presenta una alta probabilidad de tener AOS, independientemente de sus antecedentes cl\u00ednicos.\u00a0<\/p>\n\n<p>La verdad, tanto en Brasil como en el resto del mundo, es que la mayor\u00eda de los pacientes\npermanece sin diagn\u00f3stico ni sospecha cl\u00ednica.<\/p>\n\n<p><\/p><\/div><\/div><\/div><\/div><\/div> <a href=\"https:\/\/www.biologix.com.br\/es\/2020\/08\/22\/pneumologia-e-monitoramento-de-oximetria\/#more-3517\" class=\"more-link elementor-more-link\"><span aria-label=\"Sigue leyendo Pneumologia e monitoramento de oximetriaEntenda a import\u00e2ncia da oximetria noturna para diagn\u00f3stico de apneia do sono\">(m\u00e1s&hellip;)<\/span><\/a>","protected":false},"excerpt":{"rendered":"<p>A apneia obstrutiva do sono (AOS) \u00e9 extremamente comum. Em um estudo feito na cidade de S\u00e3o Paulo, com mais de 1000 adultos representativos da&hellip;<\/p>","protected":false},"author":11,"featured_media":11538,"comment_status":"closed","ping_status":"open","sticky":false,"template":"","format":"standard","meta":{"footnotes":""},"categories":[150,12],"tags":[58,23,5,6,148,147,149,125,93],"class_list":["post-3517","post","type-post","status-publish","format-standard","has-post-thumbnail","hentry","category-pneumologia","category-profissional-de-saude","tag-aos-2","tag-apneia","tag-apneia-do-sono","tag-cpap","tag-dpoc","tag-oximetria","tag-oximetria-noturna","tag-oximetro-2","tag-pneumologista"],"aioseo_notices":[],"_links":{"self":[{"href":"https:\/\/www.biologix.com.br\/es\/wp-json\/wp\/v2\/posts\/3517","targetHints":{"allow":["GET"]}}],"collection":[{"href":"https:\/\/www.biologix.com.br\/es\/wp-json\/wp\/v2\/posts"}],"about":[{"href":"https:\/\/www.biologix.com.br\/es\/wp-json\/wp\/v2\/types\/post"}],"author":[{"embeddable":true,"href":"https:\/\/www.biologix.com.br\/es\/wp-json\/wp\/v2\/users\/11"}],"replies":[{"embeddable":true,"href":"https:\/\/www.biologix.com.br\/es\/wp-json\/wp\/v2\/comments?post=3517"}],"version-history":[{"count":19,"href":"https:\/\/www.biologix.com.br\/es\/wp-json\/wp\/v2\/posts\/3517\/revisions"}],"predecessor-version":[{"id":13848,"href":"https:\/\/www.biologix.com.br\/es\/wp-json\/wp\/v2\/posts\/3517\/revisions\/13848"}],"wp:featuredmedia":[{"embeddable":true,"href":"https:\/\/www.biologix.com.br\/es\/wp-json\/wp\/v2\/media\/11538"}],"wp:attachment":[{"href":"https:\/\/www.biologix.com.br\/es\/wp-json\/wp\/v2\/media?parent=3517"}],"wp:term":[{"taxonomy":"category","embeddable":true,"href":"https:\/\/www.biologix.com.br\/es\/wp-json\/wp\/v2\/categories?post=3517"},{"taxonomy":"post_tag","embeddable":true,"href":"https:\/\/www.biologix.com.br\/es\/wp-json\/wp\/v2\/tags?post=3517"}],"curies":[{"name":"wp","href":"https:\/\/api.w.org\/{rel}","templated":true}]}}