{"id":3529,"date":"2020-08-26T10:00:00","date_gmt":"2020-08-26T13:00:00","guid":{"rendered":"https:\/\/www.biologix.com.br\/?p=3529"},"modified":"2025-08-19T09:42:50","modified_gmt":"2025-08-19T12:42:50","slug":"todos-os-medicos-agora-podem-detectar-apneia-do-sono-em-seus-pacientes","status":"publish","type":"post","link":"https:\/\/www.biologix.com.br\/es\/2020\/08\/26\/todos-os-medicos-agora-podem-detectar-apneia-do-sono-em-seus-pacientes\/","title":{"rendered":"Todos los m\u00e9dicos ahora pueden detectar apnea del sue\u00f1o en sus pacientes<br><span class='secondary-title'>La oximetr\u00eda nocturna como herramienta para la detecci\u00f3n y seguimiento de la apnea del sue\u00f1o<\/span>"},"content":{"rendered":"<div data-elementor-type=\"wp-post\" data-elementor-id=\"3529\" class=\"elementor elementor-3529\" data-elementor-post-type=\"post\">\n\t\t\t\t<div class=\"elementor-element elementor-element-5ba16f48 e-flex e-con-boxed e-con e-parent\" data-id=\"5ba16f48\" data-element_type=\"container\" data-e-type=\"container\">\n\t\t\t\t\t<div class=\"e-con-inner\">\n\t\t\t\t<div class=\"elementor-element elementor-element-20f5a040 elementor-widget elementor-widget-text-editor\" data-id=\"20f5a040\" data-element_type=\"widget\" data-e-type=\"widget\" data-widget_type=\"text-editor.default\">\n\t\t\t\t<div class=\"elementor-widget-container\">\n\t\t\t\t\t\t\t\t\t<p><\/p>\n<p><strong>Por Dr. Geraldo Lorenzi Filho<\/strong><\/p>\n<p><\/p>\n<p>La medicina del sue\u00f1o involucra diversas especialidades m\u00e9dicas, entre ellas neurolog\u00eda, otorrinolaringolog\u00eda, neumolog\u00eda, psiquiatr\u00eda y cl\u00ednica general, adem\u00e1s de \u00e1reas como cardiolog\u00eda, endocrinolog\u00eda y geriatr\u00eda. <a href=\"https:\/\/www.biologix.com.br\/es\/2020\/02\/05\/dificuldade-de-manter-o-sono-conheca-os-disturbios-do-sono-mais-comuns\/\" target=\"_blank\" rel=\"noreferrer noopener\">Los trastornos del sue\u00f1o<\/a> son extremadamente comunes, pero la cantidad de especialistas en esta \u00e1rea sigue siendo insuficiente. Con el Biologix Sleep Test\u00ae, el m\u00e9dico no especialista en sue\u00f1o puede incorporar de manera sencilla el diagn\u00f3stico de la apnea obstructiva del sue\u00f1o (AOS) en su consultorio.<\/p>\n<p><\/p>\n<p><\/p><\/div><\/div><\/div><\/div><\/div> <a href=\"https:\/\/www.biologix.com.br\/es\/2020\/08\/26\/todos-os-medicos-agora-podem-detectar-apneia-do-sono-em-seus-pacientes\/#more-3529\" class=\"more-link elementor-more-link\"><span aria-label=\"Sigue leyendo Todos os m\u00e9dicos agora podem detectar apneia do sono em seus pacientesOximetria noturna ajuda na detec\u00e7\u00e3o e acompanhamento da Apneia do Sono\">(m\u00e1s&hellip;)<\/span><\/a>","protected":false},"excerpt":{"rendered":"<p>Por Dr. Geraldo Lorenzi Filho A Medicina do Sono \u00e9 uma \u00e1rea de atua\u00e7\u00e3o de v\u00e1rias especialidades, incluindo neurologia, otorrinolaringologia, pneumologia, psiquiatria e cl\u00ednica geral,&hellip;<\/p>","protected":false},"author":11,"featured_media":11534,"comment_status":"closed","ping_status":"open","sticky":false,"template":"","format":"standard","meta":{"footnotes":""},"categories":[151,12],"tags":[58,5,25,6,152,147,149,29],"class_list":["post-3529","post","type-post","status-publish","format-standard","has-post-thumbnail","hentry","category-clinico-geral","category-profissional-de-saude","tag-aos-2","tag-apneia-do-sono","tag-apneia-obstrutiva-do-sono","tag-cpap","tag-medicina-do-sono","tag-oximetria","tag-oximetria-noturna","tag-polissonografia"],"aioseo_notices":[],"_links":{"self":[{"href":"https:\/\/www.biologix.com.br\/es\/wp-json\/wp\/v2\/posts\/3529","targetHints":{"allow":["GET"]}}],"collection":[{"href":"https:\/\/www.biologix.com.br\/es\/wp-json\/wp\/v2\/posts"}],"about":[{"href":"https:\/\/www.biologix.com.br\/es\/wp-json\/wp\/v2\/types\/post"}],"author":[{"embeddable":true,"href":"https:\/\/www.biologix.com.br\/es\/wp-json\/wp\/v2\/users\/11"}],"replies":[{"embeddable":true,"href":"https:\/\/www.biologix.com.br\/es\/wp-json\/wp\/v2\/comments?post=3529"}],"version-history":[{"count":27,"href":"https:\/\/www.biologix.com.br\/es\/wp-json\/wp\/v2\/posts\/3529\/revisions"}],"predecessor-version":[{"id":13845,"href":"https:\/\/www.biologix.com.br\/es\/wp-json\/wp\/v2\/posts\/3529\/revisions\/13845"}],"wp:featuredmedia":[{"embeddable":true,"href":"https:\/\/www.biologix.com.br\/es\/wp-json\/wp\/v2\/media\/11534"}],"wp:attachment":[{"href":"https:\/\/www.biologix.com.br\/es\/wp-json\/wp\/v2\/media?parent=3529"}],"wp:term":[{"taxonomy":"category","embeddable":true,"href":"https:\/\/www.biologix.com.br\/es\/wp-json\/wp\/v2\/categories?post=3529"},{"taxonomy":"post_tag","embeddable":true,"href":"https:\/\/www.biologix.com.br\/es\/wp-json\/wp\/v2\/tags?post=3529"}],"curies":[{"name":"wp","href":"https:\/\/api.w.org\/{rel}","templated":true}]}}