{"id":3583,"date":"2020-08-24T22:02:27","date_gmt":"2020-08-25T01:02:27","guid":{"rendered":"https:\/\/www.biologix.com.br\/?p=3583"},"modified":"2024-12-27T18:33:36","modified_gmt":"2024-12-27T21:33:36","slug":"apneia-do-sono-em-criancas","status":"publish","type":"post","link":"https:\/\/www.biologix.com.br\/es\/2020\/08\/24\/apneia-do-sono-em-criancas\/","title":{"rendered":"Apneia do sono em crian\u00e7as<br><span class='secondary-title'>Entenda o impacto que a apneia do sono tem nas crian\u00e7as<\/span>"},"content":{"rendered":"<p><a href=\"https:\/\/www.biologix.com.br\/es\/2020\/06\/15\/tipos-de-apneia-do-sono\/\" target=\"_blank\" rel=\"noreferrer noopener\">Apneia obstrutiva do sono (AOS)<\/a> \u00e9 um problema que afeta a respira\u00e7\u00e3o de algumas crian\u00e7as durante o sono. Obstru\u00e7\u00e3o \u00e9 um bloqueio na passagem de ar para os pulm\u00f5es. Apneia quer dizer uma parada na respira\u00e7\u00e3o por pelo menos 10 segundos. Uma crian\u00e7a (ou adulto) com apneia sono tem momentos de interrup\u00e7\u00e3o respirat\u00f3ria durante o sono, quando o ar n\u00e3o consegue passar pelas vias a\u00e9reas superiores e chegar at\u00e9 os pulm\u00f5es.<\/p>\n\n\n\n<!--more-->\n\n\n\n<p>Essas interrup\u00e7\u00f5es no fluxo de ar durante o sono variam de indiv\u00edduo para indiv\u00edduo, podendo piorar ou melhorar, dependendo de diversos fatores. Com o tempo, a AOS, se n\u00e3o tratada, pode causar bastante preju\u00edzo na qualidade do sono da crian\u00e7a, resultando em s\u00e9rios problemas de sa\u00fade.<\/p>\n\n\n\n<p>Os sintomas mais observados s\u00e3o <a href=\"https:\/\/www.biologix.com.br\/es\/2020\/02\/05\/ronco-alto-e-frequente-entenda-como-o-ronco-pode-afetar-a-sua-qualidade-de-vida\/\" target=\"_blank\" rel=\"noreferrer noopener\">ronquido alto y frecuente<\/a>, apneias observadas pelos familiares e sono agitado. Entretanto, outros sintomas podem ser observados, como agita\u00e7\u00e3o, sudorese profusa, altera\u00e7\u00f5es do comportamento,<a href=\"https:\/\/www.biologix.com.br\/es\/2020\/02\/05\/comprometimento-da-memoria-falhas-na-memoria-exigem-investigacao\/\" target=\"_blank\" rel=\"noreferrer noopener\"> altera\u00e7\u00f5es do aprendizado<\/a>, agressividade, respira\u00e7\u00e3o pela boca e, mais raramente em crian\u00e7as, <a href=\"https:\/\/www.biologix.com.br\/es\/2020\/02\/05\/sonolencia-e-cansaco-diurno-confira-algumas-doencas-que-causam-cansaco-em-excesso\/\" target=\"_blank\" rel=\"noreferrer noopener\">sonol\u00eancia excessiva<\/a>.<\/p>\n\n\n\n<p>Durante o exame cl\u00ednico deve-se observar quest\u00f5es para detalhamento do ronco (frequ\u00eancia, intensidade, rela\u00e7\u00e3o com infec\u00e7\u00f5es respirat\u00f3rias, posi\u00e7\u00e3o ao dormir, continuidade, associa\u00e7\u00e3o com esfor\u00e7o respirat\u00f3rio), comportamento durante o sono e ao acordar, presen\u00e7a de infec\u00e7\u00f5es de vias a\u00e9reas superiores de repeti\u00e7\u00e3o, respira\u00e7\u00e3o oral, desempenho escolar. Entretanto, conv\u00e9m ressaltar que a hist\u00f3ria e o exame f\u00edsico n\u00e3o s\u00e3o suficientes para diferenciar o ronco prim\u00e1rio de apneia do sono em crian\u00e7as.<\/p>\n\n\n\t\t<div data-elementor-type=\"section\" data-elementor-id=\"587\" class=\"elementor elementor-587\" data-elementor-post-type=\"elementor_library\">\n\t\t\t\t\t<section class=\"elementor-section elementor-top-section elementor-element elementor-element-4d0649a elementor-section-boxed elementor-section-height-default elementor-section-height-default\" data-id=\"4d0649a\" data-element_type=\"section\" data-e-type=\"section\">\n\t\t\t\t\t\t<div class=\"elementor-container elementor-column-gap-default\">\n\t\t\t\t\t<div class=\"elementor-column elementor-col-100 elementor-top-column elementor-element elementor-element-9d36ab1\" data-id=\"9d36ab1\" data-element_type=\"column\" data-e-type=\"column\">\n\t\t\t<div class=\"elementor-widget-wrap elementor-element-populated\">\n\t\t\t\t\t\t<div class=\"elementor-element elementor-element-c0177f3 elementor-widget elementor-widget-html\" data-id=\"c0177f3\" data-element_type=\"widget\" data-e-type=\"widget\" data-widget_type=\"html.default\">\n\t\t\t\t<div class=\"elementor-widget-container\">\n\t\t\t\t\t<div role=\"main\" id=\"site-inscricao-receber-conteudo-66a2c8b9048f99353f18\"><\/div><script type=\"text\/javascript\" src=\"https:\/\/d335luupugsy2.cloudfront.net\/js\/rdstation-forms\/stable\/rdstation-forms.min.js\"><\/script><script type=\"text\/javascript\"> new RDStationForms('site-inscricao-receber-conteudo-66a2c8b9048f99353f18', 'UA-128422573-1').createForm();<\/script>\t\t\t\t<\/div>\n\t\t\t\t<\/div>\n\t\t\t\t\t<\/div>\n\t\t<\/div>\n\t\t\t\t\t<\/div>\n\t\t<\/section>\n\t\t\t\t<\/div>\n\t\t\n\n\n\n<p>O aumento do tamanho (hipertrofia) das am\u00edgdalas e adenoides durante o crescimento \u00e9 a principal causa de apneia do sono em crian\u00e7as. Outras raz\u00f5es s\u00e3o: obesidade, malforma\u00e7\u00f5es craniofaciais e doen\u00e7as neuromusculares. \u201cA apneia do sono se manifesta em crian\u00e7as de ambos os sexos, em qualquer idade, inclusive em rec\u00e9m-nascidos\u201d, segundo Dr. Pedro Genta Pneumologista especialista em Medicina do Sono. \u201cContudo, a maior incid\u00eancia do problema na inf\u00e2ncia ainda \u00e9 em crian\u00e7as na pr\u00e9-escola \u2013 faixa et\u00e1ria na qual a hipertrofia das am\u00edgdalas \u00e9 mais comum\u201d, ressalta o Dr.<\/p>\n\n\n\n<p>Apneia do sono pode afetar a <a href=\"https:\/\/www.biologix.com.br\/es\/2020\/07\/13\/impacto-dos-disturbios-do-sono-sobre-a-qualidade-de-vida\/\" target=\"_blank\" rel=\"noreferrer noopener\">qualidade de vida<\/a> da crian\u00e7a. N\u00e3o tratada, apneia do sono pode causar problemas s\u00e9rios mais cedo ou mais tarde. Algumas crian\u00e7as t\u00eam seu crescimento acometido. A apneia do sono pode tamb\u00e9m piorar outras condi\u00e7\u00f5es de sa\u00fade com o tempo, podendo elevar a press\u00e3o arterial (hipertens\u00e3o) e aumentar o <a href=\"https:\/\/www.biologix.com.br\/es\/2020\/03\/13\/disturbios-do-sono-causam-arritmia-cardiaca\/\" target=\"_blank\" rel=\"noreferrer noopener\">risco de doen\u00e7a card\u00edaca<\/a> e de morte.<\/p>\n\n\n\n<h2 class=\"wp-block-heading\">Diagn\u00f3stico e tratamento da apneia do sono em crian\u00e7as<\/h2>\n\n\n\n<p>A polissonografia \u00e9 o exame padr\u00e3o tanto para o diagn\u00f3stico, como para a defini\u00e7\u00e3o da press\u00e3o necess\u00e1ria em equipamentos de press\u00e3o positiva e para a avalia\u00e7\u00e3o do tratamento cir\u00fargico. A hip\u00f3xia intermitente e os m\u00faltiplos despertares resultantes dos eventos obstrutivos contribuem para as consequ\u00eancias cardiovasculares, neurocognitivas e comportamentais caracter\u00edstico desses pacientes.<\/p>\n\n\n\n<p>Muitas s\u00e3o as formas de tratamento, como: perda de peso, altera\u00e7\u00e3o da posi\u00e7\u00e3o em que a crian\u00e7a dorme, ou, em casos de obstru\u00e7\u00e3o das vias a\u00e9reas, \u00e9 preciso recorrer a op\u00e7\u00f5es cir\u00fargicas ou ortod\u00f4nticas. As cirurgias de retirada da am\u00edgdala e da adenoide s\u00e3o bastante eficazes nesses casos. Nos estudos recentes a cirurgia de retirada das am\u00edgdalas e aden\u00f3ides se mostra mais eficaz, melhorando e at\u00e9 curando a apneia, aumentando a qualidade de vida da crian\u00e7a.<\/p>\n\n\n\n<p>A press\u00e3o positiva cont\u00ednua na via a\u00e9rea nasal (CPAP) \u00e9 o tratamento mais comum e efetivo para apneia do sono que n\u00e3o pode ser corrigida por meio de cirurgia. O equipamento de CPAP \u00e9 um compressor que empurra ar dentro de uma m\u00e1scara que \u00e9 usada bem ajustada sobre o nariz, durante o sono.&nbsp; O objetivo \u00e9 que a crian\u00e7a tenha pouco ou nenhum ronco durante o sono, usando o CPAP. A quantidade de press\u00e3o pode ser graduada durante o estudo do sono para verificar o melhor n\u00edvel para controle da apneia de seu filho.<\/p>\n\n\n\n<p>Como \u00e9 uma s\u00edndrome que pode trazer preju\u00edzos cerebrais, os danos podem ser irrevers\u00edveis e por isso o diagn\u00f3stico precoce \u00e9 de extrema import\u00e2ncia. Procurar um m\u00e9dico imediatamente para um diagn\u00f3stico espec\u00edfico se for observado sintomas da apneia do sono na crian\u00e7a pode ajud\u00e1-la a melhorar sua qualidade de sono, aprendizado e sociabilidade.<\/p>\n\n\n\t\t<div data-elementor-type=\"section\" data-elementor-id=\"3414\" class=\"elementor elementor-3414\" data-elementor-post-type=\"elementor_library\">\n\t\t\t\t\t<section class=\"elementor-section elementor-top-section elementor-element elementor-element-bba2a7b elementor-section-boxed elementor-section-height-default elementor-section-height-default\" data-id=\"bba2a7b\" data-element_type=\"section\" data-e-type=\"section\">\n\t\t\t\t\t\t<div class=\"elementor-container elementor-column-gap-default\">\n\t\t\t\t\t<div class=\"elementor-column elementor-col-100 elementor-top-column elementor-element elementor-element-a39b97d\" data-id=\"a39b97d\" data-element_type=\"column\" data-e-type=\"column\">\n\t\t\t<div class=\"elementor-widget-wrap elementor-element-populated\">\n\t\t\t\t\t\t<div class=\"elementor-element elementor-element-7b06e35 elementor-widget elementor-widget-button\" data-id=\"7b06e35\" data-element_type=\"widget\" data-e-type=\"widget\" data-widget_type=\"button.default\">\n\t\t\t\t<div class=\"elementor-widget-container\">\n\t\t\t\t\t\t\t\t\t<div class=\"elementor-button-wrapper\">\n\t\t\t\t\t<a class=\"elementor-button elementor-button-link elementor-size-sm\" href=\"https:\/\/www.biologix.com.br\/es\/paciente\/#busca-centros\" id=\"buscar-centro-credenciado\">\n\t\t\t\t\t\t<span class=\"elementor-button-content-wrapper\">\n\t\t\t\t\t\t\t\t\t<span class=\"elementor-button-text\">Buscar un centro acreditado<\/span>\n\t\t\t\t\t<\/span>\n\t\t\t\t\t<\/a>\n\t\t\t\t<\/div>\n\t\t\t\t\t\t\t\t<\/div>\n\t\t\t\t<\/div>\n\t\t\t\t\t<\/div>\n\t\t<\/div>\n\t\t\t\t\t<\/div>\n\t\t<\/section>\n\t\t\t\t<\/div>","protected":false},"excerpt":{"rendered":"<p>Apneia obstrutiva do sono (AOS) \u00e9 um problema que afeta a respira\u00e7\u00e3o de algumas crian\u00e7as durante o sono. Obstru\u00e7\u00e3o \u00e9 um bloqueio na passagem de&hellip;<\/p>","protected":false},"author":2,"featured_media":3585,"comment_status":"closed","ping_status":"open","sticky":false,"template":"","format":"standard","meta":{"footnotes":""},"categories":[1],"tags":[23,5,154,28,156,153,9,86],"class_list":["post-3583","post","type-post","status-publish","format-standard","has-post-thumbnail","hentry","category-paciente","tag-apneia","tag-apneia-do-sono","tag-criancas","tag-dificuldade-para-dormir","tag-problemas-respiratorios","tag-qualidade-de-vida","tag-sono","tag-sonolencia"],"aioseo_notices":[],"_links":{"self":[{"href":"https:\/\/www.biologix.com.br\/es\/wp-json\/wp\/v2\/posts\/3583","targetHints":{"allow":["GET"]}}],"collection":[{"href":"https:\/\/www.biologix.com.br\/es\/wp-json\/wp\/v2\/posts"}],"about":[{"href":"https:\/\/www.biologix.com.br\/es\/wp-json\/wp\/v2\/types\/post"}],"author":[{"embeddable":true,"href":"https:\/\/www.biologix.com.br\/es\/wp-json\/wp\/v2\/users\/2"}],"replies":[{"embeddable":true,"href":"https:\/\/www.biologix.com.br\/es\/wp-json\/wp\/v2\/comments?post=3583"}],"version-history":[{"count":3,"href":"https:\/\/www.biologix.com.br\/es\/wp-json\/wp\/v2\/posts\/3583\/revisions"}],"predecessor-version":[{"id":13017,"href":"https:\/\/www.biologix.com.br\/es\/wp-json\/wp\/v2\/posts\/3583\/revisions\/13017"}],"wp:featuredmedia":[{"embeddable":true,"href":"https:\/\/www.biologix.com.br\/es\/wp-json\/wp\/v2\/media\/3585"}],"wp:attachment":[{"href":"https:\/\/www.biologix.com.br\/es\/wp-json\/wp\/v2\/media?parent=3583"}],"wp:term":[{"taxonomy":"category","embeddable":true,"href":"https:\/\/www.biologix.com.br\/es\/wp-json\/wp\/v2\/categories?post=3583"},{"taxonomy":"post_tag","embeddable":true,"href":"https:\/\/www.biologix.com.br\/es\/wp-json\/wp\/v2\/tags?post=3583"}],"curies":[{"name":"wp","href":"https:\/\/api.w.org\/{rel}","templated":true}]}}