{"id":3632,"date":"2020-09-17T12:21:44","date_gmt":"2020-09-17T15:21:44","guid":{"rendered":"https:\/\/www.biologix.com.br\/?p=3632"},"modified":"2025-08-18T15:57:07","modified_gmt":"2025-08-18T18:57:07","slug":"a-atuacao-da-odontologia-miofuncional-nos-disturbios-respiratorios-do-sono-drs","status":"publish","type":"post","link":"https:\/\/www.biologix.com.br\/es\/2020\/09\/17\/a-atuacao-da-odontologia-miofuncional-nos-disturbios-respiratorios-do-sono-drs\/","title":{"rendered":"A atua\u00e7\u00e3o da odontologia miofuncional nos dist\u00farbios respirat\u00f3rios do sono (DRS)<br><span class='secondary-title'>Entenda como a Odontologia Miofuncional atua na preven\u00e7\u00e3o e tratamento dos DRS<\/span>"},"content":{"rendered":"<div data-elementor-type=\"wp-post\" data-elementor-id=\"3632\" class=\"elementor elementor-3632\" data-elementor-post-type=\"post\">\n\t\t\t\t<div class=\"elementor-element elementor-element-2d102bec e-flex e-con-boxed e-con e-parent\" data-id=\"2d102bec\" data-element_type=\"container\" data-e-type=\"container\">\n\t\t\t\t\t<div class=\"e-con-inner\">\n\t\t\t\t<div class=\"elementor-element elementor-element-63f8137b elementor-widget elementor-widget-text-editor\" data-id=\"63f8137b\" data-element_type=\"widget\" data-e-type=\"widget\" data-widget_type=\"text-editor.default\">\n\t\t\t\t<div class=\"elementor-widget-container\">\n\t\t\t\t\t\t\t\t\t<p><\/p>\n<p>H\u00e1 muitas causas subjacentes aos dist\u00farbios respirat\u00f3rios do sono (DRS). As mais comuns s\u00e3o respira\u00e7\u00e3o bucal cr\u00f4nica, t\u00f4nus inadequado da musculatura das vias a\u00e9reas superiores, <strong><a href=\"https:\/\/www.biologix.com.br\/es\/2020\/09\/16\/apneia-do-sono-e-obesidade\/\" target=\"_blank\" rel=\"noreferrer noopener\">obesidad<\/a><\/strong> e desenvolvimento deficiente dos maxilares.<\/p>\n<p><\/p>\n<p><\/p><\/div><\/div><\/div><\/div><\/div> <a href=\"https:\/\/www.biologix.com.br\/es\/2020\/09\/17\/a-atuacao-da-odontologia-miofuncional-nos-disturbios-respiratorios-do-sono-drs\/#more-3632\" class=\"more-link elementor-more-link\"><span aria-label=\"Sigue leyendo A atua\u00e7\u00e3o da odontologia miofuncional nos dist\u00farbios respirat\u00f3rios do sono (DRS)Entenda como a Odontologia Miofuncional atua na preven\u00e7\u00e3o e tratamento dos DRS\">(m\u00e1s&hellip;)<\/span><\/a>","protected":false},"excerpt":{"rendered":"<p>H\u00e1 muitas causas subjacentes aos dist\u00farbios respirat\u00f3rios do sono (DRS). As mais comuns s\u00e3o respira\u00e7\u00e3o bucal cr\u00f4nica, t\u00f4nus inadequado da musculatura das vias a\u00e9reas superiores,&hellip;<\/p>","protected":false},"author":11,"featured_media":11606,"comment_status":"closed","ping_status":"open","sticky":false,"template":"","format":"standard","meta":{"footnotes":""},"categories":[13,12],"tags":[5,160,157,158,133],"class_list":["post-3632","post","type-post","status-publish","format-standard","has-post-thumbnail","hentry","category-odontologia","category-profissional-de-saude","tag-apneia-do-sono","tag-disturbios-respiratorios-do-sono","tag-drs","tag-miofuncional","tag-odontologia"],"aioseo_notices":[],"_links":{"self":[{"href":"https:\/\/www.biologix.com.br\/es\/wp-json\/wp\/v2\/posts\/3632","targetHints":{"allow":["GET"]}}],"collection":[{"href":"https:\/\/www.biologix.com.br\/es\/wp-json\/wp\/v2\/posts"}],"about":[{"href":"https:\/\/www.biologix.com.br\/es\/wp-json\/wp\/v2\/types\/post"}],"author":[{"embeddable":true,"href":"https:\/\/www.biologix.com.br\/es\/wp-json\/wp\/v2\/users\/11"}],"replies":[{"embeddable":true,"href":"https:\/\/www.biologix.com.br\/es\/wp-json\/wp\/v2\/comments?post=3632"}],"version-history":[{"count":21,"href":"https:\/\/www.biologix.com.br\/es\/wp-json\/wp\/v2\/posts\/3632\/revisions"}],"predecessor-version":[{"id":13836,"href":"https:\/\/www.biologix.com.br\/es\/wp-json\/wp\/v2\/posts\/3632\/revisions\/13836"}],"wp:featuredmedia":[{"embeddable":true,"href":"https:\/\/www.biologix.com.br\/es\/wp-json\/wp\/v2\/media\/11606"}],"wp:attachment":[{"href":"https:\/\/www.biologix.com.br\/es\/wp-json\/wp\/v2\/media?parent=3632"}],"wp:term":[{"taxonomy":"category","embeddable":true,"href":"https:\/\/www.biologix.com.br\/es\/wp-json\/wp\/v2\/categories?post=3632"},{"taxonomy":"post_tag","embeddable":true,"href":"https:\/\/www.biologix.com.br\/es\/wp-json\/wp\/v2\/tags?post=3632"}],"curies":[{"name":"wp","href":"https:\/\/api.w.org\/{rel}","templated":true}]}}