{"id":3883,"date":"2020-09-28T15:43:07","date_gmt":"2020-09-28T18:43:07","guid":{"rendered":"https:\/\/www.biologix.com.br\/?p=3883"},"modified":"2024-12-30T15:40:11","modified_gmt":"2024-12-30T18:40:11","slug":"seis-meses-de-pandemia-ronco-apneia-e-disturbios-do-sono-mais-evidentes","status":"publish","type":"post","link":"https:\/\/www.biologix.com.br\/es\/2020\/09\/28\/seis-meses-de-pandemia-ronco-apneia-e-disturbios-do-sono-mais-evidentes\/","title":{"rendered":"Seis meses de pandemia: ronco, apneia e dist\u00farbios do sono mais evidentes<br><span class='secondary-title'>Convivendo mais tempo juntas na quarentena, fam\u00edlias est\u00e3o percebendo mais problemas ligados \u00e0 qualidade do sono<\/span>"},"content":{"rendered":"<p>E l\u00e1 se v\u00e3o seis meses desde que a pandemia de Covid-19 chegou ao Brasil. Nesse per\u00edodo de quarentena, muitas fam\u00edlias passaram a ficar mais tempo juntas em casa, e alguns \u201cefeitos colaterais\u201d dessa conviv\u00eancia mais intensa come\u00e7aram a surgir, como os dist\u00farbios do sono. As reclama\u00e7\u00f5es sobre familiares que sofrem de ronco e apneia cresceram, como \u00e9 poss\u00edvel verificar com o aumento da telemedicina para exames do sono em casa.<\/p>\n\n\n\n<!--more-->\n\n\n\n<p>\u201cO ronco geralmente \u00e9 negado ou mal percebido por quem sofre com ele, por isso \u00e9 o tipo de problema relatado por quem convive com a pessoa que ronca. Nessa pandemia, percebemos o aumento do interesse das \u2018v\u00edtimas\u2019 desse problema em querer resolv\u00ea-lo\u201d, disse o diretor cient\u00edfico da Biologix, dr. Geraldo Lorenzi Filho, que \u00e9 tamb\u00e9m professor de Pneumologia da FMUSP e diretor do Laborat\u00f3rio do Sono do InCor.<\/p>\n\n\n\t\t<div data-elementor-type=\"section\" data-elementor-id=\"587\" class=\"elementor elementor-587\" data-elementor-post-type=\"elementor_library\">\n\t\t\t\t\t<section class=\"elementor-section elementor-top-section elementor-element elementor-element-4d0649a elementor-section-boxed elementor-section-height-default elementor-section-height-default\" data-id=\"4d0649a\" data-element_type=\"section\" data-e-type=\"section\">\n\t\t\t\t\t\t<div class=\"elementor-container elementor-column-gap-default\">\n\t\t\t\t\t<div class=\"elementor-column elementor-col-100 elementor-top-column elementor-element elementor-element-9d36ab1\" data-id=\"9d36ab1\" data-element_type=\"column\" data-e-type=\"column\">\n\t\t\t<div class=\"elementor-widget-wrap elementor-element-populated\">\n\t\t\t\t\t\t<div class=\"elementor-element elementor-element-c0177f3 elementor-widget elementor-widget-html\" data-id=\"c0177f3\" data-element_type=\"widget\" data-e-type=\"widget\" data-widget_type=\"html.default\">\n\t\t\t\t<div class=\"elementor-widget-container\">\n\t\t\t\t\t<div role=\"main\" id=\"site-inscricao-receber-conteudo-66a2c8b9048f99353f18\"><\/div><script type=\"text\/javascript\" src=\"https:\/\/d335luupugsy2.cloudfront.net\/js\/rdstation-forms\/stable\/rdstation-forms.min.js\"><\/script><script type=\"text\/javascript\"> new RDStationForms('site-inscricao-receber-conteudo-66a2c8b9048f99353f18', 'UA-128422573-1').createForm();<\/script>\t\t\t\t<\/div>\n\t\t\t\t<\/div>\n\t\t\t\t\t<\/div>\n\t\t<\/div>\n\t\t\t\t\t<\/div>\n\t\t<\/section>\n\t\t\t\t<\/div>\n\t\t\n\n\n\n<p>Ele explica que uma investiga\u00e7\u00e3o m\u00e9dica pode ser dividia em sintomas e sinais. \u201cSintoma \u00e9 tudo que o paciente relata ao m\u00e9dico. Sinal \u00e9 tudo que o m\u00e9dico observa no paciente \u2014 por exemplo, uma vermelhid\u00e3o nas am\u00edgdalas que indica uma inflama\u00e7\u00e3o. O ronco n\u00e3o \u00e9 nem um nem outro\u201d, afirmou. \u201cN\u00e3o \u00e9 sintoma, porque quem ronca n\u00e3o sabe que est\u00e1 roncando. E n\u00e3o \u00e9 sinal, porque a pessoa (via de regra) n\u00e3o dorme durante uma avalia\u00e7\u00e3o m\u00e9dica. Costumo dizer que o ronco \u00e9 uma reclama\u00e7\u00e3o de uma terceira pessoa, em geral o c\u00f4njuge que est\u00e1 acompanhando a consulta. Resultado: o ronco \u00e9 frequentemente negado ou mal percebido.\u201d<\/p>\n\n\n\n<p>Um \u2018sintoma\u2019 de que o ronco e apneia passaram se tornar um problema de conviv\u00eancia na quarentena, \u00e9 o aumento em 236% nos exames Biologix, uma startup de S\u00e3o Paulo, este ano em compara\u00e7\u00e3o com 2019. O diferencial da Biologix \u00e9 que o paciente n\u00e3o precisa ir at\u00e9 um laborat\u00f3rio, sendo monitorado em sua pr\u00f3pria casa.<\/p>\n\n\n\n<p>De janeiro a julho de 2019 a Biologix realizou um total de 2063 exames do sono. J\u00e1 este ano, considerando o mesmo per\u00edodo dos sete primeiros meses, o aumento foi expressivo, saltando para 6.932 exames realizados.<\/p>\n\n\n\n<h2 class=\"wp-block-heading\">Buscando ajuda para os dist\u00farbios do sono<\/h2>\n\n\n\n<p>Uma das pessoas que recorreram ao exame Biologix foi o empres\u00e1rio Fernando Toti, de 35 anos. Nos \u00faltimos tempos ele enfrentou um quadro de depress\u00e3o, engordou 20 quilos, passou a roncar mais e viu sua qualidade do sono piorar. \u201cCom a pandemia, minhas atividades diminu\u00edram e percebi que mesmo assim vivia cansado e com sonol\u00eancia durante o dia\u201d, afirmou Toti.<\/p>\n\n\n\n<p>A busca por uma melhor qualidade de vida foi impulsionada tamb\u00e9m pelo fato de que em meio a tudo isso ele logo se tornaria pai. \u201cEu precisava me cuidar para estar bem e poder cuidar da minha filha tamb\u00e9m\u201d.<\/p>\n\n\n\n<p>A m\u00e9dica otorrinolaringologista Carolina Ferraz de Paula Soares, que atua em Cascavel (PR), disse que tem visto aumentar em seu consult\u00f3rio a procura de pacientes querendo tratar o ronco e a apneia.<\/p>\n\n\n\n<p>&nbsp;\u201cQuando a gente vai pensar na causa do porqu\u00ea durante a pandemia a pessoa vai procurar tratar de patologias que j\u00e1 sofrem h\u00e1 muito tempo, eu acredito que seja o aumento do conv\u00edvio familiar. Estamos mais tempo em casa, em home schooling, em home Office e mais preocupados com a qualidade do sono e qualidade de vida\u201d, afirmou Dra. Carolina.<\/p>\n\n\n\n<h2 class=\"wp-block-heading\">Dist\u00farbios do sono: natureza cruel<\/h2>\n\n\n\n<p>Com as dificuldades afloradas nesse conv\u00edvio intenso durante a pandemia, dr. Geraldo Lorenzi brinca com os dilemas dom\u00e9sticos envolvendo o ronco: \u201ca natureza foi muito cruel com os casais, porque os homens tendem a roncar, enquanto as mulheres sofrem mais com ins\u00f4nia. Colocar os dois problemas para dormirem juntos n\u00e3o me parece uma boa ideia\u201d.<\/p>\n\n\n\n<p>O diretor cient\u00edfico da Biologix explica que o ronco \u00e9 decorrente da vibra\u00e7\u00e3o da musculatura da garganta, um sinal de que o relaxamento natural durante o sono causou obstru\u00e7\u00e3o parcial da passagem de ar. Al\u00e9m do barulho desagrad\u00e1vel que dificulta o conv\u00edvio social, o ronco pode indicar algo comum e mais grave \u2013 a apneia obstrutiva do sono.<\/p>\n\n\n\n<p>A apneia \u00e9 causada pela obstru\u00e7\u00e3o completa da faringe em alguns momentos durante o sono. Como a passagem de ar fica comprometida, o paciente passa a fazer esfor\u00e7o progressivo para respirar, mas sem qualquer resultado. \u201cA pessoa &nbsp;s\u00f3 sai dessa encrenca com um microdespertar, que \u00e9 um recurso do organismo para restabelecer o t\u00f4nus da via a\u00e9rea superior. Isso libera o fluxo de ar e provoca um ronco alto e ressuscitativo. O microdespertar, at\u00e9 por ser curto, n\u00e3o \u00e9 percebido pelo indiv\u00edduo\u201d, explicou dr. Geraldo.<\/p>\n\n\n\n<p>Enquanto o ronco muitas vezes \u00e9 visto como motivo para chacota com quem ronca, o m\u00e9dico alerta que as consequ\u00eancias da apneia do sono s\u00e3o m\u00faltiplas: sonol\u00eancia excessiva diurna, cansa\u00e7o, dificuldade de concentra\u00e7\u00e3o e de mem\u00f3ria, sintomas depressivos&nbsp;e at\u00e9 maior risco de doen\u00e7a cardiovascular. <\/p>\n\n\n\n<p><img decoding=\"async\" width=\"149\" height=\"226\" src=\"\">\u201cO ronco pode ser um fator que vai al\u00e9m das crises conjugais pelas noites maldormidas, mas um s\u00e9rio sinal de problemas de sa\u00fade que podem piorar, e muito, a qualidade de vida da pessoa\u201d, afirmou.<\/p>\n\n\n\t\t<div data-elementor-type=\"section\" data-elementor-id=\"3430\" class=\"elementor elementor-3430\" data-elementor-post-type=\"elementor_library\">\n\t\t\t\t\t<section class=\"elementor-section elementor-top-section elementor-element elementor-element-0aae773 elementor-section-boxed elementor-section-height-default elementor-section-height-default\" data-id=\"0aae773\" data-element_type=\"section\" data-e-type=\"section\">\n\t\t\t\t\t\t<div class=\"elementor-container elementor-column-gap-default\">\n\t\t\t\t\t<div class=\"elementor-column elementor-col-100 elementor-top-column elementor-element elementor-element-15740c0\" data-id=\"15740c0\" data-element_type=\"column\" data-e-type=\"column\">\n\t\t\t<div class=\"elementor-widget-wrap elementor-element-populated\">\n\t\t\t\t\t\t<section class=\"elementor-section elementor-inner-section elementor-element elementor-element-c9165c4 elementor-section-boxed elementor-section-height-default elementor-section-height-default\" data-id=\"c9165c4\" data-element_type=\"section\" data-e-type=\"section\">\n\t\t\t\t\t\t<div class=\"elementor-container elementor-column-gap-default\">\n\t\t\t\t\t<div class=\"elementor-column elementor-col-50 elementor-inner-column elementor-element elementor-element-55d21cc\" data-id=\"55d21cc\" data-element_type=\"column\" data-e-type=\"column\">\n\t\t\t<div class=\"elementor-widget-wrap elementor-element-populated\">\n\t\t\t\t\t\t<div class=\"elementor-element elementor-element-0180177 elementor-align-justify elementor-widget elementor-widget-button\" data-id=\"0180177\" data-element_type=\"widget\" data-e-type=\"widget\" data-widget_type=\"button.default\">\n\t\t\t\t<div class=\"elementor-widget-container\">\n\t\t\t\t\t\t\t\t\t<div class=\"elementor-button-wrapper\">\n\t\t\t\t\t<a class=\"elementor-button elementor-button-link elementor-size-sm\" href=\"https:\/\/api.whatsapp.com\/send\/?phone=5511963746007&#038;text=Ol%C3%A1%21+Sou+profissional+de+sa%C3%BAde+e+tenho+interesse+em+saber+mais+sobre+como+posso+me+tornar+um+centro+credenciado+Biologix.&#038;type=phone_number&#038;app_absent=0\">\n\t\t\t\t\t\t<span class=\"elementor-button-content-wrapper\">\n\t\t\t\t\t\t\t\t\t<span class=\"elementor-button-text\">Entre en contacto con un asesor<\/span>\n\t\t\t\t\t<\/span>\n\t\t\t\t\t<\/a>\n\t\t\t\t<\/div>\n\t\t\t\t\t\t\t\t<\/div>\n\t\t\t\t<\/div>\n\t\t\t\t\t<\/div>\n\t\t<\/div>\n\t\t\t\t<div class=\"elementor-column elementor-col-50 elementor-inner-column elementor-element elementor-element-4bb7811\" data-id=\"4bb7811\" data-element_type=\"column\" data-e-type=\"column\">\n\t\t\t<div class=\"elementor-widget-wrap elementor-element-populated\">\n\t\t\t\t\t\t<div class=\"elementor-element elementor-element-be95e67 elementor-align-justify elementor-widget elementor-widget-button\" data-id=\"be95e67\" data-element_type=\"widget\" data-e-type=\"widget\" data-widget_type=\"button.default\">\n\t\t\t\t<div class=\"elementor-widget-container\">\n\t\t\t\t\t\t\t\t\t<div class=\"elementor-button-wrapper\">\n\t\t\t\t\t<a class=\"elementor-button elementor-button-link elementor-size-sm\" href=\"https:\/\/www.biologix.com.br\/es\/todos-os-conteudos\/\">\n\t\t\t\t\t\t<span class=\"elementor-button-content-wrapper\">\n\t\t\t\t\t\t\t\t\t<span class=\"elementor-button-text\">Contenidos relacionados<\/span>\n\t\t\t\t\t<\/span>\n\t\t\t\t\t<\/a>\n\t\t\t\t<\/div>\n\t\t\t\t\t\t\t\t<\/div>\n\t\t\t\t<\/div>\n\t\t\t\t\t<\/div>\n\t\t<\/div>\n\t\t\t\t\t<\/div>\n\t\t<\/section>\n\t\t\t\t\t<\/div>\n\t\t<\/div>\n\t\t\t\t\t<\/div>\n\t\t<\/section>\n\t\t\t\t<\/div>\n\t\t\n\n\n\n<p><strong>Sobre a Biologix<\/strong><strong><\/strong><\/p>\n\n\n\n<p>O fundador da empresa \u00e9 o engenheiro el\u00e9trico e empreendedor serial T\u00e1cito de Almeida. Ap\u00f3s vender sua empresa de monitoramento de m\u00e1quinas agr\u00edcolas para uma multinacional americana l\u00edder mundial no setor, fundou a Biologix, em 2015. O objetivo foi trazer toda a tecnologia aprendida no setor agr\u00edcola para monitorar pacientes a dist\u00e2ncia e, para isso, T\u00e1cito buscou a expertise do Prof. Dr. Geraldo Lorenzi Filho, pneumologista e especialista em Medicina do Sono, professor associado da Faculdade de Medicina da USP e Diretor do Laborat\u00f3rio do Sono do InCor.&nbsp;&nbsp;<\/p>\n\n\n\n<p>A Biologix conta, hoje, com uma equipe de 22 funcion\u00e1rios e j\u00e1 recebeu dois aportes PIPE fase III da FAPESP (Funda\u00e7\u00e3o de Amparo \u00e0 Pesquisa do Estado de S\u00e3o Paulo). No final de 2019, a Biologix recebeu um aporte de um grupo de m\u00e9dicos, bem como do Hospital Israelita Albert Einstein.<\/p>\n\n\n\n<p>Obtenga m\u00e1s informaci\u00f3n sobre la soluci\u00f3n Biologix <a href=\"https:\/\/www.biologix.com.br\/es\/monitoramentocovid\/\">aqu\u00ed.<\/a><\/p>\n\n\n\t\t<div data-elementor-type=\"section\" data-elementor-id=\"3414\" class=\"elementor elementor-3414\" data-elementor-post-type=\"elementor_library\">\n\t\t\t\t\t<section class=\"elementor-section elementor-top-section elementor-element elementor-element-bba2a7b elementor-section-boxed elementor-section-height-default elementor-section-height-default\" data-id=\"bba2a7b\" data-element_type=\"section\" data-e-type=\"section\">\n\t\t\t\t\t\t<div class=\"elementor-container elementor-column-gap-default\">\n\t\t\t\t\t<div class=\"elementor-column elementor-col-100 elementor-top-column elementor-element elementor-element-a39b97d\" data-id=\"a39b97d\" data-element_type=\"column\" data-e-type=\"column\">\n\t\t\t<div class=\"elementor-widget-wrap elementor-element-populated\">\n\t\t\t\t\t\t<div class=\"elementor-element elementor-element-7b06e35 elementor-widget elementor-widget-button\" data-id=\"7b06e35\" data-element_type=\"widget\" data-e-type=\"widget\" data-widget_type=\"button.default\">\n\t\t\t\t<div class=\"elementor-widget-container\">\n\t\t\t\t\t\t\t\t\t<div class=\"elementor-button-wrapper\">\n\t\t\t\t\t<a class=\"elementor-button elementor-button-link elementor-size-sm\" href=\"https:\/\/www.biologix.com.br\/es\/paciente\/#busca-centros\" id=\"buscar-centro-credenciado\">\n\t\t\t\t\t\t<span class=\"elementor-button-content-wrapper\">\n\t\t\t\t\t\t\t\t\t<span class=\"elementor-button-text\">Buscar un centro acreditado<\/span>\n\t\t\t\t\t<\/span>\n\t\t\t\t\t<\/a>\n\t\t\t\t<\/div>\n\t\t\t\t\t\t\t\t<\/div>\n\t\t\t\t<\/div>\n\t\t\t\t\t<\/div>\n\t\t<\/div>\n\t\t\t\t\t<\/div>\n\t\t<\/section>\n\t\t\t\t<\/div>","protected":false},"excerpt":{"rendered":"<p>E l\u00e1 se v\u00e3o seis meses desde que a pandemia de Covid-19 chegou ao Brasil. Nesse per\u00edodo de quarentena, muitas fam\u00edlias passaram a ficar mais&hellip;<\/p>","protected":false},"author":11,"featured_media":3917,"comment_status":"closed","ping_status":"open","sticky":false,"template":"","format":"standard","meta":{"footnotes":""},"categories":[1],"tags":[23,5,24,169,41,43],"class_list":["post-3883","post","type-post","status-publish","format-standard","has-post-thumbnail","hentry","category-paciente","tag-apneia","tag-apneia-do-sono","tag-disturbios-do-sono-2","tag-geraldo-lorenzi","tag-ronco","tag-ronco-alto-e-frequente"],"aioseo_notices":[],"_links":{"self":[{"href":"https:\/\/www.biologix.com.br\/es\/wp-json\/wp\/v2\/posts\/3883","targetHints":{"allow":["GET"]}}],"collection":[{"href":"https:\/\/www.biologix.com.br\/es\/wp-json\/wp\/v2\/posts"}],"about":[{"href":"https:\/\/www.biologix.com.br\/es\/wp-json\/wp\/v2\/types\/post"}],"author":[{"embeddable":true,"href":"https:\/\/www.biologix.com.br\/es\/wp-json\/wp\/v2\/users\/11"}],"replies":[{"embeddable":true,"href":"https:\/\/www.biologix.com.br\/es\/wp-json\/wp\/v2\/comments?post=3883"}],"version-history":[{"count":8,"href":"https:\/\/www.biologix.com.br\/es\/wp-json\/wp\/v2\/posts\/3883\/revisions"}],"predecessor-version":[{"id":13029,"href":"https:\/\/www.biologix.com.br\/es\/wp-json\/wp\/v2\/posts\/3883\/revisions\/13029"}],"wp:featuredmedia":[{"embeddable":true,"href":"https:\/\/www.biologix.com.br\/es\/wp-json\/wp\/v2\/media\/3917"}],"wp:attachment":[{"href":"https:\/\/www.biologix.com.br\/es\/wp-json\/wp\/v2\/media?parent=3883"}],"wp:term":[{"taxonomy":"category","embeddable":true,"href":"https:\/\/www.biologix.com.br\/es\/wp-json\/wp\/v2\/categories?post=3883"},{"taxonomy":"post_tag","embeddable":true,"href":"https:\/\/www.biologix.com.br\/es\/wp-json\/wp\/v2\/tags?post=3883"}],"curies":[{"name":"wp","href":"https:\/\/api.w.org\/{rel}","templated":true}]}}