{"id":3989,"date":"2020-10-14T12:41:19","date_gmt":"2020-10-14T15:41:19","guid":{"rendered":"https:\/\/www.biologix.com.br\/?p=3989"},"modified":"2025-08-14T14:30:50","modified_gmt":"2025-08-14T17:30:50","slug":"otorrinolaringologia-e-a-medicina-do-sono-qual-a-relacao","status":"publish","type":"post","link":"https:\/\/www.biologix.com.br\/es\/2020\/10\/14\/otorrinolaringologia-e-a-medicina-do-sono-qual-a-relacao\/","title":{"rendered":"Otorrinolaringolog\u00eda y medicina del sue\u00f1o: \u00bfcu\u00e1l es su relaci\u00f3n?<br><span class='secondary-title'>Entienda c\u00f3mo el otorrinolaring\u00f3logo puede diagnosticar la apnea del sue\u00f1o<\/span>"},"content":{"rendered":"<div data-elementor-type=\"wp-post\" data-elementor-id=\"3989\" class=\"elementor elementor-3989\" data-elementor-post-type=\"post\">\n\t\t\t\t<div class=\"elementor-element elementor-element-7235b712 e-flex e-con-boxed e-con e-parent\" data-id=\"7235b712\" data-element_type=\"container\" data-e-type=\"container\">\n\t\t\t\t\t<div class=\"e-con-inner\">\n\t\t\t\t<div class=\"elementor-element elementor-element-458338b6 elementor-widget elementor-widget-text-editor\" data-id=\"458338b6\" data-element_type=\"widget\" data-e-type=\"widget\" data-widget_type=\"text-editor.default\">\n\t\t\t\t<div class=\"elementor-widget-container\">\n\t\t\t\t\t\t\t\t\t<p><\/p>\n<p>La <strong><a href=\"https:\/\/www.biologix.com.br\/es\/2020\/08\/26\/todos-os-medicos-agora-podem-detectar-apneia-do-sono-em-seus-pacientes\/\" target=\"_blank\" rel=\"noreferrer noopener\">Medicina del sue\u00f1o<\/a><\/strong> es una de las \u00e1reas que m\u00e1s avanz\u00f3 en investigaci\u00f3n e inter\u00e9s dentro de la clase m\u00e9dica. En los \u00faltimos a\u00f1os se registraron progresos importantes en el estudio de diversas enfermedades que interfieren en la calidad del sue\u00f1o, cada vez m\u00e1s frecuentes entre los brasile\u00f1os.&nbsp;<\/p>\n<p><\/p>\n<p><\/p><\/div><\/div><\/div><\/div><\/div> <a href=\"https:\/\/www.biologix.com.br\/es\/2020\/10\/14\/otorrinolaringologia-e-a-medicina-do-sono-qual-a-relacao\/#more-3989\" class=\"more-link elementor-more-link\"><span aria-label=\"Sigue leyendo Otorrinolaringologia e a medicina do sono, qual a rela\u00e7\u00e3o?Saiba como o otorrino pode diagnosticar a apneia do sono\">(m\u00e1s&hellip;)<\/span><\/a>","protected":false},"excerpt":{"rendered":"<p>A medicina do sono \u00e9 uma das \u00e1reas que tem evolu\u00eddo muito em pesquisa e em interesse pela classe m\u00e9dica. Muitos avan\u00e7os t\u00eam sido observados&hellip;<\/p>","protected":false},"author":11,"featured_media":11537,"comment_status":"closed","ping_status":"open","sticky":false,"template":"","format":"standard","meta":{"footnotes":""},"categories":[135,12],"tags":[5,6,24,152,172,94],"class_list":["post-3989","post","type-post","status-publish","format-standard","has-post-thumbnail","hentry","category-medicina-do-sono-profissional-de-saude","category-profissional-de-saude","tag-apneia-do-sono","tag-cpap","tag-disturbios-do-sono-2","tag-medicina-do-sono","tag-otorrino","tag-otorrinolaringologista"],"aioseo_notices":[],"_links":{"self":[{"href":"https:\/\/www.biologix.com.br\/es\/wp-json\/wp\/v2\/posts\/3989","targetHints":{"allow":["GET"]}}],"collection":[{"href":"https:\/\/www.biologix.com.br\/es\/wp-json\/wp\/v2\/posts"}],"about":[{"href":"https:\/\/www.biologix.com.br\/es\/wp-json\/wp\/v2\/types\/post"}],"author":[{"embeddable":true,"href":"https:\/\/www.biologix.com.br\/es\/wp-json\/wp\/v2\/users\/11"}],"replies":[{"embeddable":true,"href":"https:\/\/www.biologix.com.br\/es\/wp-json\/wp\/v2\/comments?post=3989"}],"version-history":[{"count":13,"href":"https:\/\/www.biologix.com.br\/es\/wp-json\/wp\/v2\/posts\/3989\/revisions"}],"predecessor-version":[{"id":13808,"href":"https:\/\/www.biologix.com.br\/es\/wp-json\/wp\/v2\/posts\/3989\/revisions\/13808"}],"wp:featuredmedia":[{"embeddable":true,"href":"https:\/\/www.biologix.com.br\/es\/wp-json\/wp\/v2\/media\/11537"}],"wp:attachment":[{"href":"https:\/\/www.biologix.com.br\/es\/wp-json\/wp\/v2\/media?parent=3989"}],"wp:term":[{"taxonomy":"category","embeddable":true,"href":"https:\/\/www.biologix.com.br\/es\/wp-json\/wp\/v2\/categories?post=3989"},{"taxonomy":"post_tag","embeddable":true,"href":"https:\/\/www.biologix.com.br\/es\/wp-json\/wp\/v2\/tags?post=3989"}],"curies":[{"name":"wp","href":"https:\/\/api.w.org\/{rel}","templated":true}]}}