{"id":4351,"date":"2020-10-30T12:39:39","date_gmt":"2020-10-30T15:39:39","guid":{"rendered":"https:\/\/www.biologix.com.br\/?p=4351"},"modified":"2025-08-14T10:52:00","modified_gmt":"2025-08-14T13:52:00","slug":"sono-e-direcao","status":"publish","type":"post","link":"https:\/\/www.biologix.com.br\/es\/2020\/10\/30\/sono-e-direcao\/","title":{"rendered":"Sono e dire\u00e7\u00e3o: a raz\u00e3o de muitos acidentes no tr\u00e2nsito<br><span class='secondary-title'>Dire\u00e7\u00e3o e sono n\u00e3o combinam!<\/span>"},"content":{"rendered":"<div data-elementor-type=\"wp-post\" data-elementor-id=\"4351\" class=\"elementor elementor-4351\" data-elementor-post-type=\"post\">\n\t\t\t\t<div class=\"elementor-element elementor-element-1ba6a595 e-flex e-con-boxed e-con e-parent\" data-id=\"1ba6a595\" data-element_type=\"container\" data-e-type=\"container\">\n\t\t\t\t\t<div class=\"e-con-inner\">\n\t\t\t\t<div class=\"elementor-element elementor-element-2d6bd7ec elementor-widget elementor-widget-text-editor\" data-id=\"2d6bd7ec\" data-element_type=\"widget\" data-e-type=\"widget\" data-widget_type=\"text-editor.default\">\n\t\t\t\t<div class=\"elementor-widget-container\">\n\t\t\t\t\t\t\t\t\t<p><\/p>\n<p>A frase \u201csono pode matar\u201d, pode ser familiar para algumas pessoas. O cansa\u00e7o \u00e9 inimigo invis\u00edvel dos motoristas brasileiros, causando 42% dos acidentes que ocorrem todos os anos no tr\u00e2nsito, segundo pesquisa de 2019 da Associa\u00e7\u00e3o Brasileira de Medicina de Tr\u00e1fego (ABRAMET), Academia Brasileira de Neurologia (ABN) e o Conselho Regional de Medicina (CRM). Para se ter uma ideia, dirigir com sono ou sinais de fadiga \u00e9 considerada uma pr\u00e1tica t\u00e3o perigosa quanto dirigir alcoolizado ou sob o efeito de subst\u00e2ncias estimulantes.<\/p>\n<p><\/p>\n<p><\/p><\/div><\/div><\/div><\/div><\/div> <a href=\"https:\/\/www.biologix.com.br\/es\/2020\/10\/30\/sono-e-direcao\/#more-4351\" class=\"more-link elementor-more-link\"><span aria-label=\"Sigue leyendo Sono e dire\u00e7\u00e3o: a raz\u00e3o de muitos acidentes no tr\u00e2nsitoDire\u00e7\u00e3o e sono n\u00e3o combinam!\">(m\u00e1s&hellip;)<\/span><\/a>","protected":false},"excerpt":{"rendered":"<p>A frase \u201csono pode matar\u201d, pode ser familiar para algumas pessoas. O cansa\u00e7o \u00e9 inimigo invis\u00edvel dos motoristas brasileiros, causando 42% dos acidentes que ocorrem&hellip;<\/p>","protected":false},"author":11,"featured_media":4404,"comment_status":"closed","ping_status":"open","sticky":false,"template":"","format":"standard","meta":{"footnotes":""},"categories":[1],"tags":[23,5,25,6,175,149,41,174],"class_list":["post-4351","post","type-post","status-publish","format-standard","has-post-thumbnail","hentry","category-paciente","tag-apneia","tag-apneia-do-sono","tag-apneia-obstrutiva-do-sono","tag-cpap","tag-direcao","tag-oximetria-noturna","tag-ronco","tag-transito"],"aioseo_notices":[],"_links":{"self":[{"href":"https:\/\/www.biologix.com.br\/es\/wp-json\/wp\/v2\/posts\/4351","targetHints":{"allow":["GET"]}}],"collection":[{"href":"https:\/\/www.biologix.com.br\/es\/wp-json\/wp\/v2\/posts"}],"about":[{"href":"https:\/\/www.biologix.com.br\/es\/wp-json\/wp\/v2\/types\/post"}],"author":[{"embeddable":true,"href":"https:\/\/www.biologix.com.br\/es\/wp-json\/wp\/v2\/users\/11"}],"replies":[{"embeddable":true,"href":"https:\/\/www.biologix.com.br\/es\/wp-json\/wp\/v2\/comments?post=4351"}],"version-history":[{"count":7,"href":"https:\/\/www.biologix.com.br\/es\/wp-json\/wp\/v2\/posts\/4351\/revisions"}],"predecessor-version":[{"id":13795,"href":"https:\/\/www.biologix.com.br\/es\/wp-json\/wp\/v2\/posts\/4351\/revisions\/13795"}],"wp:featuredmedia":[{"embeddable":true,"href":"https:\/\/www.biologix.com.br\/es\/wp-json\/wp\/v2\/media\/4404"}],"wp:attachment":[{"href":"https:\/\/www.biologix.com.br\/es\/wp-json\/wp\/v2\/media?parent=4351"}],"wp:term":[{"taxonomy":"category","embeddable":true,"href":"https:\/\/www.biologix.com.br\/es\/wp-json\/wp\/v2\/categories?post=4351"},{"taxonomy":"post_tag","embeddable":true,"href":"https:\/\/www.biologix.com.br\/es\/wp-json\/wp\/v2\/tags?post=4351"}],"curies":[{"name":"wp","href":"https:\/\/api.w.org\/{rel}","templated":true}]}}