{"id":4377,"date":"2020-10-30T18:08:42","date_gmt":"2020-10-30T21:08:42","guid":{"rendered":"https:\/\/www.biologix.com.br\/?p=4377"},"modified":"2025-08-14T10:38:40","modified_gmt":"2025-08-14T13:38:40","slug":"contribuicoes-da-fisioterapia-em-dtm-e-dor-orofacial-e-sua-relacao-com-o-sono-%e2%a0%80%e2%a0%80","status":"publish","type":"post","link":"https:\/\/www.biologix.com.br\/es\/2020\/10\/30\/contribuicoes-da-fisioterapia-em-dtm-e-dor-orofacial-e-sua-relacao-com-o-sono-%e2%a0%80%e2%a0%80\/","title":{"rendered":"Contribuciones de la kinesiolog\u00eda en trastornos temporomandibulares y dolor orofacial, y su relaci\u00f3n con el sue\u00f1o<br><span class='secondary-title'>Entienda qu\u00e9 es la disfunci\u00f3n temporomandibular y su relaci\u00f3n con el sue\u00f1o<\/span>"},"content":{"rendered":"<div data-elementor-type=\"wp-post\" data-elementor-id=\"4377\" class=\"elementor elementor-4377\" data-elementor-post-type=\"post\">\n\t\t\t\t<div class=\"elementor-element elementor-element-3982f700 e-flex e-con-boxed e-con e-parent\" data-id=\"3982f700\" data-element_type=\"container\" data-e-type=\"container\">\n\t\t\t\t\t<div class=\"e-con-inner\">\n\t\t\t\t<div class=\"elementor-element elementor-element-136195ba elementor-widget elementor-widget-text-editor\" data-id=\"136195ba\" data-element_type=\"widget\" data-e-type=\"widget\" data-widget_type=\"text-editor.default\">\n\t\t\t\t<div class=\"elementor-widget-container\">\n\t\t\t\t\t\t\t\t\t<p><\/p>\n<p>Los dolores de cabeza matinales, el dolor en la regi\u00f3n de la sien y en la zona cervical suelen asociarse con molestias en la articulaci\u00f3n temporomandibular y la cavidad oral en pacientes con trastornos temporomandibulares (TTM).<\/p>\n<p><\/p>\n<p>Estos trastornos se caracterizan por un conjunto de signos y s\u00edntomas que surgen de alteraciones en el sistema estomatogn\u00e1tico vinculadas a un desequilibrio funcional.<\/p>\n<p><\/p>\n<p><\/p><\/div><\/div><\/div><\/div><\/div> <a href=\"https:\/\/www.biologix.com.br\/es\/2020\/10\/30\/contribuicoes-da-fisioterapia-em-dtm-e-dor-orofacial-e-sua-relacao-com-o-sono-%e2%a0%80%e2%a0%80\/#more-4377\" class=\"more-link elementor-more-link\"><span aria-label=\"Sigue leyendo Contribui\u00e7\u00f5es da fisioterapia em DTM e dor orofacial e sua rela\u00e7\u00e3o com o sono \u2800\u2800Entenda o que \u00e9 DTM e sua rela\u00e7\u00e3o com o sono\">(m\u00e1s&hellip;)<\/span><\/a>","protected":false},"excerpt":{"rendered":"<p>Queixas como cefaleia matinal, dor na regi\u00e3o das t\u00eamporas e cervical s\u00e3o comuns associadas a dores na regi\u00e3o da articula\u00e7\u00e3o temporo mandibular e cavidade oral&hellip;<\/p>","protected":false},"author":11,"featured_media":11544,"comment_status":"closed","ping_status":"open","sticky":false,"template":"","format":"standard","meta":{"footnotes":""},"categories":[15,12],"tags":[178,177,176,126,9],"class_list":["post-4377","post","type-post","status-publish","format-standard","has-post-thumbnail","hentry","category-fisio","category-profissional-de-saude","tag-cefaleia","tag-dor-orofacial","tag-dtm","tag-fisioterapia","tag-sono"],"aioseo_notices":[],"_links":{"self":[{"href":"https:\/\/www.biologix.com.br\/es\/wp-json\/wp\/v2\/posts\/4377","targetHints":{"allow":["GET"]}}],"collection":[{"href":"https:\/\/www.biologix.com.br\/es\/wp-json\/wp\/v2\/posts"}],"about":[{"href":"https:\/\/www.biologix.com.br\/es\/wp-json\/wp\/v2\/types\/post"}],"author":[{"embeddable":true,"href":"https:\/\/www.biologix.com.br\/es\/wp-json\/wp\/v2\/users\/11"}],"replies":[{"embeddable":true,"href":"https:\/\/www.biologix.com.br\/es\/wp-json\/wp\/v2\/comments?post=4377"}],"version-history":[{"count":19,"href":"https:\/\/www.biologix.com.br\/es\/wp-json\/wp\/v2\/posts\/4377\/revisions"}],"predecessor-version":[{"id":13792,"href":"https:\/\/www.biologix.com.br\/es\/wp-json\/wp\/v2\/posts\/4377\/revisions\/13792"}],"wp:featuredmedia":[{"embeddable":true,"href":"https:\/\/www.biologix.com.br\/es\/wp-json\/wp\/v2\/media\/11544"}],"wp:attachment":[{"href":"https:\/\/www.biologix.com.br\/es\/wp-json\/wp\/v2\/media?parent=4377"}],"wp:term":[{"taxonomy":"category","embeddable":true,"href":"https:\/\/www.biologix.com.br\/es\/wp-json\/wp\/v2\/categories?post=4377"},{"taxonomy":"post_tag","embeddable":true,"href":"https:\/\/www.biologix.com.br\/es\/wp-json\/wp\/v2\/tags?post=4377"}],"curies":[{"name":"wp","href":"https:\/\/api.w.org\/{rel}","templated":true}]}}