{"id":4458,"date":"2020-11-19T20:41:13","date_gmt":"2020-11-19T23:41:13","guid":{"rendered":"https:\/\/www.biologix.com.br\/?p=4458"},"modified":"2025-08-14T10:36:01","modified_gmt":"2025-08-14T13:36:01","slug":"apneia-do-sono-nao-tratada-pode-causar-depressao","status":"publish","type":"post","link":"https:\/\/www.biologix.com.br\/es\/2020\/11\/19\/apneia-do-sono-nao-tratada-pode-causar-depressao\/","title":{"rendered":"Apneia do sono n\u00e3o tratada pode causar depress\u00e3o<br><span class='secondary-title'>Entenda a conex\u00e3o entre apneia do sono e depress\u00e3o<\/span>"},"content":{"rendered":"<div data-elementor-type=\"wp-post\" data-elementor-id=\"4458\" class=\"elementor elementor-4458\" data-elementor-post-type=\"post\">\n\t\t\t\t<div class=\"elementor-element elementor-element-1114184a e-flex e-con-boxed e-con e-parent\" data-id=\"1114184a\" data-element_type=\"container\" data-e-type=\"container\">\n\t\t\t\t\t<div class=\"e-con-inner\">\n\t\t\t\t<div class=\"elementor-element elementor-element-3296d31 elementor-widget elementor-widget-text-editor\" data-id=\"3296d31\" data-element_type=\"widget\" data-e-type=\"widget\" data-widget_type=\"text-editor.default\">\n\t\t\t\t<div class=\"elementor-widget-container\">\n\t\t\t\t\t\t\t\t\t<p><\/p>\n<p>O sono \u00e9 um dos momentos mais importantes do dia. Ele funciona como um alimento. Rep\u00f5e as energias, revigora o corpo e a mente e nos regula para uma nova jornada. Para o c\u00e9rebro ele \u00e9 vital.<\/p>\n<p><\/p>\n<p><\/p><\/div><\/div><\/div><\/div><\/div> <a href=\"https:\/\/www.biologix.com.br\/es\/2020\/11\/19\/apneia-do-sono-nao-tratada-pode-causar-depressao\/#more-4458\" class=\"more-link elementor-more-link\"><span aria-label=\"Sigue leyendo Apneia do sono n\u00e3o tratada pode causar depress\u00e3oEntenda a conex\u00e3o entre apneia do sono e depress\u00e3o\">(m\u00e1s&hellip;)<\/span><\/a>","protected":false},"excerpt":{"rendered":"<p>O sono \u00e9 um dos momentos mais importantes do dia. Ele funciona como um alimento. Rep\u00f5e as energias, revigora o corpo e a mente e&hellip;<\/p>","protected":false},"author":11,"featured_media":4479,"comment_status":"closed","ping_status":"open","sticky":false,"template":"","format":"standard","meta":{"footnotes":""},"categories":[1],"tags":[5,63,88,9],"class_list":["post-4458","post","type-post","status-publish","format-standard","has-post-thumbnail","hentry","category-paciente","tag-apneia-do-sono","tag-depressao","tag-exame-do-sono","tag-sono"],"aioseo_notices":[],"_links":{"self":[{"href":"https:\/\/www.biologix.com.br\/es\/wp-json\/wp\/v2\/posts\/4458","targetHints":{"allow":["GET"]}}],"collection":[{"href":"https:\/\/www.biologix.com.br\/es\/wp-json\/wp\/v2\/posts"}],"about":[{"href":"https:\/\/www.biologix.com.br\/es\/wp-json\/wp\/v2\/types\/post"}],"author":[{"embeddable":true,"href":"https:\/\/www.biologix.com.br\/es\/wp-json\/wp\/v2\/users\/11"}],"replies":[{"embeddable":true,"href":"https:\/\/www.biologix.com.br\/es\/wp-json\/wp\/v2\/comments?post=4458"}],"version-history":[{"count":10,"href":"https:\/\/www.biologix.com.br\/es\/wp-json\/wp\/v2\/posts\/4458\/revisions"}],"predecessor-version":[{"id":13783,"href":"https:\/\/www.biologix.com.br\/es\/wp-json\/wp\/v2\/posts\/4458\/revisions\/13783"}],"wp:featuredmedia":[{"embeddable":true,"href":"https:\/\/www.biologix.com.br\/es\/wp-json\/wp\/v2\/media\/4479"}],"wp:attachment":[{"href":"https:\/\/www.biologix.com.br\/es\/wp-json\/wp\/v2\/media?parent=4458"}],"wp:term":[{"taxonomy":"category","embeddable":true,"href":"https:\/\/www.biologix.com.br\/es\/wp-json\/wp\/v2\/categories?post=4458"},{"taxonomy":"post_tag","embeddable":true,"href":"https:\/\/www.biologix.com.br\/es\/wp-json\/wp\/v2\/tags?post=4458"}],"curies":[{"name":"wp","href":"https:\/\/api.w.org\/{rel}","templated":true}]}}