{"id":4702,"date":"2020-12-19T09:00:00","date_gmt":"2020-12-19T12:00:00","guid":{"rendered":"https:\/\/www.biologix.com.br\/?p=4702"},"modified":"2025-08-13T11:39:29","modified_gmt":"2025-08-13T14:39:29","slug":"apneia-do-sono-e-hipotireoidismo","status":"publish","type":"post","link":"https:\/\/www.biologix.com.br\/es\/2020\/12\/19\/apneia-do-sono-e-hipotireoidismo\/","title":{"rendered":"Apnea del sue\u00f1o e hipotiroidismo<br><span class='secondary-title'>Entienda la relaci\u00f3n entre la apnea del sue\u00f1o y el hipotiroidismo<\/span>"},"content":{"rendered":"<div data-elementor-type=\"wp-post\" data-elementor-id=\"4702\" class=\"elementor elementor-4702\" data-elementor-post-type=\"post\">\n\t\t\t\t<div class=\"elementor-element elementor-element-131f7b5e e-flex e-con-boxed e-con e-parent\" data-id=\"131f7b5e\" data-element_type=\"container\" data-e-type=\"container\">\n\t\t\t\t\t<div class=\"e-con-inner\">\n\t\t\t\t<div class=\"elementor-element elementor-element-565c941d elementor-widget elementor-widget-text-editor\" data-id=\"565c941d\" data-element_type=\"widget\" data-e-type=\"widget\" data-widget_type=\"text-editor.default\">\n\t\t\t\t<div class=\"elementor-widget-container\">\n\t\t\t\t\t\t\t\t\t<p><\/p>\n<p><strong>El hipotiroidismo es la enfermedad m\u00e1s com\u00fan de la tiroides, y su relaci\u00f3n con la apnea del sue\u00f1o contin\u00faa siendo objetivo de investigaci\u00f3n,<\/strong> ya que representa un problema frecuente en\nla pr\u00e1ctica m\u00e9dica diaria. Los pacientes con hipotiroidismo suelen presentar una obstrucci\u00f3n\nsignificativa de las v\u00edas respiratorias superiores y episodios repetidos de apnea del sue\u00f1o.<\/p>\n<p><\/p>\n<p><\/p><\/div><\/div><\/div><\/div><\/div> <a href=\"https:\/\/www.biologix.com.br\/es\/2020\/12\/19\/apneia-do-sono-e-hipotireoidismo\/#more-4702\" class=\"more-link elementor-more-link\"><span aria-label=\"Sigue leyendo Apneia do sono e hipotireoidismoSaiba qual a rela\u00e7\u00e3o entre apneia do sono e hipotireoidismo\">(m\u00e1s&hellip;)<\/span><\/a>","protected":false},"excerpt":{"rendered":"<p>O hipotireoidismo \u00e9 a doen\u00e7a mais comum da tireoide e a associa\u00e7\u00e3o entre hipotireoidismo e a SAOS \u00e9 continuamente investigada, por ser um problema comum&hellip;<\/p>","protected":false},"author":11,"featured_media":11551,"comment_status":"closed","ping_status":"open","sticky":false,"template":"","format":"standard","meta":{"footnotes":""},"categories":[162,12],"tags":[5,188,189,147,149,41,190],"class_list":["post-4702","post","type-post","status-publish","format-standard","has-post-thumbnail","hentry","category-endocrinologia-profissional-de-saude","category-profissional-de-saude","tag-apneia-do-sono","tag-hipotireoidismo","tag-hipotiroidismo","tag-oximetria","tag-oximetria-noturna","tag-ronco","tag-tireoide"],"aioseo_notices":[],"_links":{"self":[{"href":"https:\/\/www.biologix.com.br\/es\/wp-json\/wp\/v2\/posts\/4702","targetHints":{"allow":["GET"]}}],"collection":[{"href":"https:\/\/www.biologix.com.br\/es\/wp-json\/wp\/v2\/posts"}],"about":[{"href":"https:\/\/www.biologix.com.br\/es\/wp-json\/wp\/v2\/types\/post"}],"author":[{"embeddable":true,"href":"https:\/\/www.biologix.com.br\/es\/wp-json\/wp\/v2\/users\/11"}],"replies":[{"embeddable":true,"href":"https:\/\/www.biologix.com.br\/es\/wp-json\/wp\/v2\/comments?post=4702"}],"version-history":[{"count":11,"href":"https:\/\/www.biologix.com.br\/es\/wp-json\/wp\/v2\/posts\/4702\/revisions"}],"predecessor-version":[{"id":13757,"href":"https:\/\/www.biologix.com.br\/es\/wp-json\/wp\/v2\/posts\/4702\/revisions\/13757"}],"wp:featuredmedia":[{"embeddable":true,"href":"https:\/\/www.biologix.com.br\/es\/wp-json\/wp\/v2\/media\/11551"}],"wp:attachment":[{"href":"https:\/\/www.biologix.com.br\/es\/wp-json\/wp\/v2\/media?parent=4702"}],"wp:term":[{"taxonomy":"category","embeddable":true,"href":"https:\/\/www.biologix.com.br\/es\/wp-json\/wp\/v2\/categories?post=4702"},{"taxonomy":"post_tag","embeddable":true,"href":"https:\/\/www.biologix.com.br\/es\/wp-json\/wp\/v2\/tags?post=4702"}],"curies":[{"name":"wp","href":"https:\/\/api.w.org\/{rel}","templated":true}]}}